{"id":2592,"date":"2024-10-08T19:30:50","date_gmt":"2024-10-08T22:30:50","guid":{"rendered":"https:\/\/www.koncevisiontv.cl\/web\/?p=2592"},"modified":"2024-10-08T19:30:51","modified_gmt":"2024-10-08T22:30:51","slug":"detienen-al-segundo-presunto-implicado-del-brutal-crimen-en-caleta-chome-de-hualpen","status":"publish","type":"post","link":"https:\/\/www.koncevisiontv.cl\/web\/detienen-al-segundo-presunto-implicado-del-brutal-crimen-en-caleta-chome-de-hualpen\/","title":{"rendered":"Detienen al segundo presunto implicado del brutal crimen en Caleta Chome de Hualp\u00e9n"},"content":{"rendered":"\n<div class=\"wp-block-uagb-image uagb-block-f5291e3c wp-block-uagb-image--layout-default wp-block-uagb-image--effect-static wp-block-uagb-image--align-none\"><figure class=\"wp-block-uagb-image__figure\"><img decoding=\"async\" srcset=\"https:\/\/www.koncevisiontv.cl\/web\/wp-content\/uploads\/2024\/08\/carabineros-chile-accion-1024x682.jpg ,https:\/\/www.koncevisiontv.cl\/web\/wp-content\/uploads\/2024\/08\/carabineros-chile-accion-scaled.jpg 780w, https:\/\/www.koncevisiontv.cl\/web\/wp-content\/uploads\/2024\/08\/carabineros-chile-accion-scaled.jpg 360w\" sizes=\"(max-width: 480px) 150px\" src=\"https:\/\/www.koncevisiontv.cl\/web\/wp-content\/uploads\/2024\/08\/carabineros-chile-accion-1024x682.jpg\" alt=\"Asaltan micro en providencia\" class=\"uag-image-1059\" width=\"\" height=\"\" title=\"carabineros-chile-accion\" loading=\"lazy\" role=\"img\"\/><\/figure><\/div>\n\n\n\n<p class=\"wp-block-paragraph\">Las autoridades han capturado al segundo sospechoso del brutal crimen ocurrido en <strong>Caleta Chome<\/strong>, <strong>Hualp\u00e9n<\/strong>, donde la v\u00edctima fue golpeada y sufri\u00f3 la <strong>cercenaci\u00f3n de un dedo<\/strong>. El segundo detenido se suma al arresto de otro sospechoso, quien fue identificado como de <strong>nacionalidad colombiana<\/strong>, lo que ha generado nuevas l\u00edneas de investigaci\u00f3n sobre su posible rol en el crimen.<\/p>\n\n\n\n<p class=\"wp-block-paragraph\">La v\u00edctima fue encontrada en condiciones deplorables, lo que conmocion\u00f3 a la comunidad local. Ambos detenidos, que ten\u00edan antecedentes criminales, enfrentan cargos por homicidio y tortura. La <strong>Polic\u00eda de Investigaciones (PDI)<\/strong> sigue analizando el caso para entender las motivaciones del ataque, que hasta ahora se maneja como un conflicto personal.<\/p>\n\n\n\n<h3 class=\"wp-block-heading\"><strong>Investigaci\u00f3n y antecedentes de los detenidos<\/strong><\/h3>\n\n\n\n<p class=\"wp-block-paragraph\">Uno de los implicados es de <strong>nacionalidad extranjera<\/strong>, y las autoridades creen que podr\u00eda estar relacionado con redes delictivas. El segundo detenido tambi\u00e9n tiene antecedentes y, seg\u00fan la investigaci\u00f3n preliminar, ambos estaban vinculados a la v\u00edctima por conflictos previos. El brutal asesinato, que incluy\u00f3 golpes y la mutilaci\u00f3n de la v\u00edctima, es uno de los m\u00e1s violentos registrados en la regi\u00f3n este a\u00f1o.<\/p>\n\n\n\n<p class=\"wp-block-paragraph\">La <strong>PDI<\/strong> y <strong>Carabineros<\/strong> contin\u00faan trabajando para recabar m\u00e1s informaci\u00f3n sobre las relaciones entre los agresores y la v\u00edctima, as\u00ed como la posible implicaci\u00f3n de terceros en el crimen.<\/p>\n\n\n\n<h3 class=\"wp-block-heading\"><strong>Reacciones en la comunidad y medidas de seguridad<\/strong><\/h3>\n\n\n\n<p class=\"wp-block-paragraph\">El violento asesinato ha causado p\u00e1nico entre los habitantes de <strong>Hualp\u00e9n<\/strong>, quienes han solicitado mayores medidas de seguridad en la zona, temiendo que este tipo de cr\u00edmenes se repita. Las autoridades locales ya han desplegado patrullajes adicionales en \u00e1reas cr\u00edticas de la comuna, mientras se refuerzan las medidas de vigilancia para prevenir futuros incidentes.<\/p>\n","protected":false},"excerpt":{"rendered":"<p>Las autoridades han capturado al segundo sospechoso del brutal crimen ocurrido en Caleta Chome, Hualp\u00e9n, donde la v\u00edctima<\/p>\n","protected":false},"author":5,"featured_media":1059,"comment_status":"open","ping_status":"open","sticky":false,"template":"","format":"standard","meta":{"_crdt_document":"","_uag_custom_page_level_css":"","_sitemap_exclude":false,"_sitemap_priority":"","_sitemap_frequency":"","_joinchat":[],"footnotes":""},"categories":[14],"tags":[],"class_list":["post-2592","post","type-post","status-publish","format-standard","has-post-thumbnail","hentry","category-nacional"],"featured_image_urls":{"full":["https:\/\/www.koncevisiontv.cl\/web\/wp-content\/uploads\/2024\/08\/carabineros-chile-accion-scaled.jpg",2560,1706,false],"thumbnail":["https:\/\/www.koncevisiontv.cl\/web\/wp-content\/uploads\/2024\/08\/carabineros-chile-accion-150x150.jpg",150,150,true],"medium":["https:\/\/www.koncevisiontv.cl\/web\/wp-content\/uploads\/2024\/08\/carabineros-chile-accion-300x200.jpg",300,200,true],"medium_large":["https:\/\/www.koncevisiontv.cl\/web\/wp-content\/uploads\/2024\/08\/carabineros-chile-accion-768x512.jpg",640,427,true],"large":["https:\/\/www.koncevisiontv.cl\/web\/wp-content\/uploads\/2024\/08\/carabineros-chile-accion-1024x682.jpg",640,426,true],"1536x1536":["https:\/\/www.koncevisiontv.cl\/web\/wp-content\/uploads\/2024\/08\/carabineros-chile-accion-1536x1023.jpg",1536,1023,true],"2048x2048":["https:\/\/www.koncevisiontv.cl\/web\/wp-content\/uploads\/2024\/08\/carabineros-chile-accion-2048x1365.jpg",2048,1365,true],"darknews-featured":["https:\/\/www.koncevisiontv.cl\/web\/wp-content\/uploads\/2024\/08\/carabineros-chile-accion-1024x682.jpg",1024,682,true],"darknews-large":["https:\/\/www.koncevisiontv.cl\/web\/wp-content\/uploads\/2024\/08\/carabineros-chile-accion-825x575.jpg",825,575,true],"darknews-medium":["https:\/\/www.koncevisiontv.cl\/web\/wp-content\/uploads\/2024\/08\/carabineros-chile-accion-590x410.jpg",590,410,true]},"author_info":{"info":["Web-Master"]},"category_info":"<a href=\"https:\/\/www.koncevisiontv.cl\/web\/category\/nacional\/\" rel=\"category tag\">Nacional<\/a>","tag_info":"Nacional","comment_count":"0","uagb_featured_image_src":{"full":["https:\/\/www.koncevisiontv.cl\/web\/wp-content\/uploads\/2024\/08\/carabineros-chile-accion-scaled.jpg",2560,1706,false],"thumbnail":["https:\/\/www.koncevisiontv.cl\/web\/wp-content\/uploads\/2024\/08\/carabineros-chile-accion-150x150.jpg",150,150,true],"medium":["https:\/\/www.koncevisiontv.cl\/web\/wp-content\/uploads\/2024\/08\/carabineros-chile-accion-300x200.jpg",300,200,true],"medium_large":["https:\/\/www.koncevisiontv.cl\/web\/wp-content\/uploads\/2024\/08\/carabineros-chile-accion-768x512.jpg",640,427,true],"large":["https:\/\/www.koncevisiontv.cl\/web\/wp-content\/uploads\/2024\/08\/carabineros-chile-accion-1024x682.jpg",640,426,true],"1536x1536":["https:\/\/www.koncevisiontv.cl\/web\/wp-content\/uploads\/2024\/08\/carabineros-chile-accion-1536x1023.jpg",1536,1023,true],"2048x2048":["https:\/\/www.koncevisiontv.cl\/web\/wp-content\/uploads\/2024\/08\/carabineros-chile-accion-2048x1365.jpg",2048,1365,true],"darknews-featured":["https:\/\/www.koncevisiontv.cl\/web\/wp-content\/uploads\/2024\/08\/carabineros-chile-accion-1024x682.jpg",1024,682,true],"darknews-large":["https:\/\/www.koncevisiontv.cl\/web\/wp-content\/uploads\/2024\/08\/carabineros-chile-accion-825x575.jpg",825,575,true],"darknews-medium":["https:\/\/www.koncevisiontv.cl\/web\/wp-content\/uploads\/2024\/08\/carabineros-chile-accion-590x410.jpg",590,410,true]},"uagb_author_info":{"display_name":"Web-Master","author_link":"https:\/\/www.koncevisiontv.cl\/web\/author\/koncevision\/"},"uagb_comment_info":0,"uagb_excerpt":"Las autoridades han capturado al segundo sospechoso del brutal crimen ocurrido en Caleta Chome, Hualp\u00e9n, donde la v\u00edctima","_links":{"self":[{"href":"https:\/\/www.koncevisiontv.cl\/web\/wp-json\/wp\/v2\/posts\/2592","targetHints":{"allow":["GET"]}}],"collection":[{"href":"https:\/\/www.koncevisiontv.cl\/web\/wp-json\/wp\/v2\/posts"}],"about":[{"href":"https:\/\/www.koncevisiontv.cl\/web\/wp-json\/wp\/v2\/types\/post"}],"author":[{"embeddable":true,"href":"https:\/\/www.koncevisiontv.cl\/web\/wp-json\/wp\/v2\/users\/5"}],"replies":[{"embeddable":true,"href":"https:\/\/www.koncevisiontv.cl\/web\/wp-json\/wp\/v2\/comments?post=2592"}],"version-history":[{"count":3,"href":"https:\/\/www.koncevisiontv.cl\/web\/wp-json\/wp\/v2\/posts\/2592\/revisions"}],"predecessor-version":[{"id":2595,"href":"https:\/\/www.koncevisiontv.cl\/web\/wp-json\/wp\/v2\/posts\/2592\/revisions\/2595"}],"wp:featuredmedia":[{"embeddable":true,"href":"https:\/\/www.koncevisiontv.cl\/web\/wp-json\/wp\/v2\/media\/1059"}],"wp:attachment":[{"href":"https:\/\/www.koncevisiontv.cl\/web\/wp-json\/wp\/v2\/media?parent=2592"}],"wp:term":[{"taxonomy":"category","embeddable":true,"href":"https:\/\/www.koncevisiontv.cl\/web\/wp-json\/wp\/v2\/categories?post=2592"},{"taxonomy":"post_tag","embeddable":true,"href":"https:\/\/www.koncevisiontv.cl\/web\/wp-json\/wp\/v2\/tags?post=2592"}],"curies":[{"name":"wp","href":"https:\/\/api.w.org\/{rel}","templated":true}]}}