{"id":2596,"date":"2024-10-09T11:13:02","date_gmt":"2024-10-09T14:13:02","guid":{"rendered":"https:\/\/www.koncevisiontv.cl\/web\/?p=2596"},"modified":"2024-10-09T11:13:04","modified_gmt":"2024-10-09T14:13:04","slug":"fiscal-nacional-admite-reuniones-con-chadwick-y-hermosilla-tras-el-escandalo-del-caso-audios","status":"publish","type":"post","link":"https:\/\/www.koncevisiontv.cl\/web\/fiscal-nacional-admite-reuniones-con-chadwick-y-hermosilla-tras-el-escandalo-del-caso-audios\/","title":{"rendered":"Fiscal Nacional admite reuniones con Chadwick y Hermosilla tras el esc\u00e1ndalo del caso audios"},"content":{"rendered":"\n<p class=\"wp-block-paragraph\">El <strong>fiscal nacional \u00c1ngel Valencia<\/strong> reconoci\u00f3 p\u00fablicamente haber sostenido reuniones con <strong>Andr\u00e9s Chadwick<\/strong> y <strong>Luis Hermosilla<\/strong>, ambos implicados en el esc\u00e1ndalo del <strong>caso audios<\/strong>, que ha desatado una tormenta pol\u00edtica y judicial en Chile. En una declaraci\u00f3n que ha generado revuelo, Valencia se\u00f1al\u00f3 que los encuentros tuvieron lugar antes de asumir su cargo, negando cualquier relaci\u00f3n profesional con los implicados en ese momento, pero admitiendo que estos contactos ocurrieron en un contexto que ha sido objeto de escrutinio.<\/p>\n\n\n\n<h3 class=\"wp-block-heading\"><strong>Reuniones y relaci\u00f3n con Chadwick y Hermosilla<\/strong><\/h3>\n\n\n\n<p class=\"wp-block-paragraph\">Valencia confirm\u00f3 que se reuni\u00f3 con Hermosilla para hablar sobre <strong>&#8220;temas personales&#8221;<\/strong> y tambi\u00e9n agradeci\u00f3 a Chadwick por haber facilitado su ingreso a la <strong>Universidad San Sebasti\u00e1n (USS)<\/strong>, donde Valencia ejerci\u00f3 como acad\u00e9mico antes de ser nombrado fiscal nacional. El encuentro con Hermosilla ha sido particularmente pol\u00e9mico, ya que este abogado est\u00e1 envuelto en el <strong>caso audios<\/strong>, que involucra tr\u00e1fico de influencias y gestiones irregulares. No obstante, Valencia aclar\u00f3 que estos encuentros no estaban relacionados con su actual rol como fiscal nacional ni con ning\u00fan caso judicial en curso.<\/p>\n\n\n\n<p class=\"wp-block-paragraph\">El fiscal nacional tambi\u00e9n subray\u00f3 que, si en el futuro su relaci\u00f3n con Chadwick o Hermosilla se viera comprometida en alg\u00fan caso, evaluar\u00eda su <strong>inhabilitaci\u00f3n<\/strong> con total seriedad, recordando que la ley exige que tres fiscales regionales aprueben cualquier solicitud de este tipo.<\/p>\n\n\n\n<h3 class=\"wp-block-heading\"><strong>El caso audios y su impacto en la Fiscal\u00eda<\/strong><\/h3>\n\n\n\n<p class=\"wp-block-paragraph\">El <strong>caso audios<\/strong> ha sido uno de los esc\u00e1ndalos m\u00e1s medi\u00e1ticos de los \u00faltimos tiempos en Chile, implicando a figuras como Chadwick, Hermosilla, y el exfiscal <strong>Manuel Guerra<\/strong>, quien est\u00e1 siendo investigado por supuestos manejos irregulares. Las grabaciones filtradas exponen conversaciones sobre tr\u00e1fico de influencias y gestiones de poder que comprometen la transparencia de los involucrados.<\/p>\n\n\n\n<p class=\"wp-block-paragraph\">Valencia ha sido criticado por estos v\u00ednculos, pero ha insistido en que su relaci\u00f3n con los implicados fue estrictamente personal y previa a su mandato como fiscal nacional. A pesar de esto, las presiones pol\u00edticas y medi\u00e1ticas contin\u00faan aumentando.<\/p>\n\n\n\n<h3 class=\"wp-block-heading\"><strong>Reacciones y controversias<\/strong><\/h3>\n\n\n\n<p class=\"wp-block-paragraph\">Las reacciones en la clase pol\u00edtica y entre los expertos legales han sido diversas. Algunos parlamentarios han exigido una investigaci\u00f3n m\u00e1s profunda sobre el rol de Valencia en estos encuentros, sugiriendo que podr\u00edan representar un <strong>conflicto de inter\u00e9s<\/strong>. Otros, en cambio, han defendido al fiscal nacional, se\u00f1alando que los contactos personales no deber\u00edan ser motivo para cuestionar su desempe\u00f1o profesional.<\/p>\n\n\n\n<p class=\"wp-block-paragraph\">El futuro del caso audios parece a\u00fan incierto, y el rol de la Fiscal\u00eda en la resoluci\u00f3n del esc\u00e1ndalo ser\u00e1 determinante en la b\u00fasqueda de justicia y transparencia. Mientras tanto, Valencia sigue defendiendo la independencia de su gesti\u00f3n y se prepara para enfrentar nuevas controversias en medio de un ambiente pol\u00edtico polarizado.<\/p>\n","protected":false},"excerpt":{"rendered":"<p>El fiscal nacional \u00c1ngel Valencia reconoci\u00f3 p\u00fablicamente haber sostenido reuniones con Andr\u00e9s Chadwick y Luis Hermosilla, ambos implicados<\/p>\n","protected":false},"author":5,"featured_media":2597,"comment_status":"open","ping_status":"open","sticky":false,"template":"","format":"standard","meta":{"_crdt_document":"","_uag_custom_page_level_css":"","_sitemap_exclude":false,"_sitemap_priority":"","_sitemap_frequency":"","_joinchat":[],"footnotes":""},"categories":[14,410,212,16],"tags":[],"class_list":["post-2596","post","type-post","status-publish","format-standard","has-post-thumbnail","hentry","category-nacional","category-caso-audios","category-caso-hermosilla","category-politica"],"featured_image_urls":{"full":["https:\/\/www.koncevisiontv.cl\/web\/wp-content\/uploads\/2024\/10\/VALENCIA.jpeg",1024,576,false],"thumbnail":["https:\/\/www.koncevisiontv.cl\/web\/wp-content\/uploads\/2024\/10\/VALENCIA-150x150.jpeg",150,150,true],"medium":["https:\/\/www.koncevisiontv.cl\/web\/wp-content\/uploads\/2024\/10\/VALENCIA-300x169.jpeg",300,169,true],"medium_large":["https:\/\/www.koncevisiontv.cl\/web\/wp-content\/uploads\/2024\/10\/VALENCIA-768x432.jpeg",640,360,true],"large":["https:\/\/www.koncevisiontv.cl\/web\/wp-content\/uploads\/2024\/10\/VALENCIA.jpeg",640,360,false],"1536x1536":["https:\/\/www.koncevisiontv.cl\/web\/wp-content\/uploads\/2024\/10\/VALENCIA.jpeg",1024,576,false],"2048x2048":["https:\/\/www.koncevisiontv.cl\/web\/wp-content\/uploads\/2024\/10\/VALENCIA.jpeg",1024,576,false],"darknews-featured":["https:\/\/www.koncevisiontv.cl\/web\/wp-content\/uploads\/2024\/10\/VALENCIA.jpeg",1024,576,false],"darknews-large":["https:\/\/www.koncevisiontv.cl\/web\/wp-content\/uploads\/2024\/10\/VALENCIA-825x575.jpeg",825,575,true],"darknews-medium":["https:\/\/www.koncevisiontv.cl\/web\/wp-content\/uploads\/2024\/10\/VALENCIA-590x410.jpeg",590,410,true]},"author_info":{"info":["Web-Master"]},"category_info":"<a href=\"https:\/\/www.koncevisiontv.cl\/web\/category\/nacional\/\" rel=\"category tag\">Nacional<\/a> <a href=\"https:\/\/www.koncevisiontv.cl\/web\/category\/caso-audios\/\" rel=\"category tag\">Caso Audios<\/a> <a href=\"https:\/\/www.koncevisiontv.cl\/web\/category\/caso-hermosilla\/\" rel=\"category tag\">Caso Hermosilla<\/a> <a href=\"https:\/\/www.koncevisiontv.cl\/web\/category\/politica\/\" rel=\"category tag\">Politica<\/a>","tag_info":"Politica","comment_count":"0","uagb_featured_image_src":{"full":["https:\/\/www.koncevisiontv.cl\/web\/wp-content\/uploads\/2024\/10\/VALENCIA.jpeg",1024,576,false],"thumbnail":["https:\/\/www.koncevisiontv.cl\/web\/wp-content\/uploads\/2024\/10\/VALENCIA-150x150.jpeg",150,150,true],"medium":["https:\/\/www.koncevisiontv.cl\/web\/wp-content\/uploads\/2024\/10\/VALENCIA-300x169.jpeg",300,169,true],"medium_large":["https:\/\/www.koncevisiontv.cl\/web\/wp-content\/uploads\/2024\/10\/VALENCIA-768x432.jpeg",640,360,true],"large":["https:\/\/www.koncevisiontv.cl\/web\/wp-content\/uploads\/2024\/10\/VALENCIA.jpeg",640,360,false],"1536x1536":["https:\/\/www.koncevisiontv.cl\/web\/wp-content\/uploads\/2024\/10\/VALENCIA.jpeg",1024,576,false],"2048x2048":["https:\/\/www.koncevisiontv.cl\/web\/wp-content\/uploads\/2024\/10\/VALENCIA.jpeg",1024,576,false],"darknews-featured":["https:\/\/www.koncevisiontv.cl\/web\/wp-content\/uploads\/2024\/10\/VALENCIA.jpeg",1024,576,false],"darknews-large":["https:\/\/www.koncevisiontv.cl\/web\/wp-content\/uploads\/2024\/10\/VALENCIA-825x575.jpeg",825,575,true],"darknews-medium":["https:\/\/www.koncevisiontv.cl\/web\/wp-content\/uploads\/2024\/10\/VALENCIA-590x410.jpeg",590,410,true]},"uagb_author_info":{"display_name":"Web-Master","author_link":"https:\/\/www.koncevisiontv.cl\/web\/author\/koncevision\/"},"uagb_comment_info":0,"uagb_excerpt":"El fiscal nacional \u00c1ngel Valencia reconoci\u00f3 p\u00fablicamente haber sostenido reuniones con Andr\u00e9s Chadwick y Luis Hermosilla, ambos implicados","_links":{"self":[{"href":"https:\/\/www.koncevisiontv.cl\/web\/wp-json\/wp\/v2\/posts\/2596","targetHints":{"allow":["GET"]}}],"collection":[{"href":"https:\/\/www.koncevisiontv.cl\/web\/wp-json\/wp\/v2\/posts"}],"about":[{"href":"https:\/\/www.koncevisiontv.cl\/web\/wp-json\/wp\/v2\/types\/post"}],"author":[{"embeddable":true,"href":"https:\/\/www.koncevisiontv.cl\/web\/wp-json\/wp\/v2\/users\/5"}],"replies":[{"embeddable":true,"href":"https:\/\/www.koncevisiontv.cl\/web\/wp-json\/wp\/v2\/comments?post=2596"}],"version-history":[{"count":1,"href":"https:\/\/www.koncevisiontv.cl\/web\/wp-json\/wp\/v2\/posts\/2596\/revisions"}],"predecessor-version":[{"id":2598,"href":"https:\/\/www.koncevisiontv.cl\/web\/wp-json\/wp\/v2\/posts\/2596\/revisions\/2598"}],"wp:featuredmedia":[{"embeddable":true,"href":"https:\/\/www.koncevisiontv.cl\/web\/wp-json\/wp\/v2\/media\/2597"}],"wp:attachment":[{"href":"https:\/\/www.koncevisiontv.cl\/web\/wp-json\/wp\/v2\/media?parent=2596"}],"wp:term":[{"taxonomy":"category","embeddable":true,"href":"https:\/\/www.koncevisiontv.cl\/web\/wp-json\/wp\/v2\/categories?post=2596"},{"taxonomy":"post_tag","embeddable":true,"href":"https:\/\/www.koncevisiontv.cl\/web\/wp-json\/wp\/v2\/tags?post=2596"}],"curies":[{"name":"wp","href":"https:\/\/api.w.org\/{rel}","templated":true}]}}