{"id":2599,"date":"2024-10-09T12:16:03","date_gmt":"2024-10-09T15:16:03","guid":{"rendered":"https:\/\/www.koncevisiontv.cl\/web\/?p=2599"},"modified":"2024-10-09T12:16:07","modified_gmt":"2024-10-09T15:16:07","slug":"acusacion-constitucional-contra-vivanco-y-munoz-se-enfrenta-a-problemas-en-la-camara-acusan-violacion-a-los-dd-hh","status":"publish","type":"post","link":"https:\/\/www.koncevisiontv.cl\/web\/acusacion-constitucional-contra-vivanco-y-munoz-se-enfrenta-a-problemas-en-la-camara-acusan-violacion-a-los-dd-hh\/","title":{"rendered":"Acusaci\u00f3n constitucional contra Vivanco y Mu\u00f1oz se enfrenta a problemas en la C\u00e1mara: acusan violaci\u00f3n a los DD.HH."},"content":{"rendered":"\n<div class=\"wp-block-uagb-image uagb-block-fd81708a wp-block-uagb-image--layout-default wp-block-uagb-image--effect-static wp-block-uagb-image--align-none\"><figure class=\"wp-block-uagb-image__figure\"><img decoding=\"async\" srcset=\"https:\/\/www.koncevisiontv.cl\/web\/wp-content\/uploads\/2024\/10\/camara-de-diputados-1024x683.jpg ,https:\/\/www.koncevisiontv.cl\/web\/wp-content\/uploads\/2024\/10\/camara-de-diputados.jpg 780w, https:\/\/www.koncevisiontv.cl\/web\/wp-content\/uploads\/2024\/10\/camara-de-diputados.jpg 360w\" sizes=\"auto, (max-width: 480px) 150px\" src=\"https:\/\/www.koncevisiontv.cl\/web\/wp-content\/uploads\/2024\/10\/camara-de-diputados-1024x683.jpg\" alt=\"\" class=\"uag-image-2600\" width=\"1072\" height=\"715\" title=\"camara-de-diputados\" loading=\"lazy\" role=\"img\"><figcaption class=\"uagb-image-caption\">El debate sobre la acusaci\u00f3n constitucional contra los ministros \u00c1ngela Vivanco y Sergio Mu\u00f1oz se complica por diferencias sobre si deben ser votados juntos o por separado. La C\u00e1mara enfrent\u00f3 retrasos y pol\u00e9micas.<\/figcaption><\/figure><\/div>\n\n\n\n<p class=\"wp-block-paragraph\"><\/p>\n\n\n\n<p class=\"wp-block-paragraph\">La <strong>C\u00e1mara de Diputados<\/strong> inici\u00f3 el debate sobre la <strong>acusaci\u00f3n constitucional<\/strong> contra los ministros de la Corte Suprema, <strong>\u00c1ngela Vivanco<\/strong> y <strong>Sergio Mu\u00f1oz<\/strong>, en medio de fuertes discrepancias. El oficialismo, liderado por la diputada <strong>Lorena Fries (FA)<\/strong>, argument\u00f3 que votar el libelo en conjunto violar\u00eda los <strong>derechos humanos<\/strong> de los magistrados, pues enfrentan acusaciones por hechos completamente distintos. La votaci\u00f3n se retras\u00f3 cuando el secretario de la Corporaci\u00f3n sostuvo que la C\u00e1mara solo eval\u00faa la <strong>admisibilidad<\/strong> de la acusaci\u00f3n, mientras que el Senado decidir\u00eda si separa los cap\u00edtulos.<\/p>\n\n\n\n<p class=\"wp-block-paragraph\">La discusi\u00f3n se encendi\u00f3 luego de que la defensa de Vivanco intentara inhabilitar a <strong>62 parlamentarios<\/strong> por haber opinado previamente sobre el caso. Aunque esta solicitud fue rechazada, la tensi\u00f3n entre las bancadas aument\u00f3, con la <strong>derecha<\/strong> defendiendo que el procedimiento es correcto y que cualquier separaci\u00f3n debe ser evaluada m\u00e1s adelante en el Senado. Mientras, diputados como <strong>Alberto Undurraga (DC)<\/strong> insistieron en la improcedencia de votar las acusaciones en conjunto, compar\u00e1ndolo con sancionar a dos personas por acciones separadas en un solo juicio.<\/p>\n\n\n\n<h3 class=\"wp-block-heading\"><strong>Pol\u00e9micas en torno a la acusaci\u00f3n y su desarrollo<\/strong><\/h3>\n\n\n\n<p class=\"wp-block-paragraph\">El principal conflicto en esta acusaci\u00f3n surge porque los hechos que se imputan a los ministros son completamente distintos. Mientras que Vivanco es acusada por su rol en decisiones judiciales en materia de derechos sociales y fallos controvertidos sobre isapres, Mu\u00f1oz est\u00e1 siendo cuestionado por su presunto rol en otro tipo de decisiones judiciales. Sin embargo, ambos han sido incluidos en un mismo libelo, lo que ha generado controversia sobre la legalidad de ese procedimiento.<\/p>\n\n\n\n<p class=\"wp-block-paragraph\">A medida que avanza el debate, tambi\u00e9n ha surgido la preocupaci\u00f3n de que las decisiones que tome la C\u00e1mara en este caso sienten precedentes sobre c\u00f3mo se deben tramitar las <strong>acusaciones constitucionales<\/strong> en el futuro. Este aspecto fue destacado por <strong>Jaime Naranjo (PS)<\/strong>, quien advirti\u00f3 que votar en conjunto dos casos con hechos distintos puede abrir la puerta a interpretaciones peligrosas y afectar la transparencia en los futuros procesos de acusaci\u00f3n constitucional contra otras autoridades.<\/p>\n\n\n\n<h3 class=\"wp-block-heading\"><strong>Expectativa en torno a la decisi\u00f3n final<\/strong><\/h3>\n\n\n\n<p class=\"wp-block-paragraph\">Con la sesi\u00f3n a\u00fan en desarrollo y las bancadas enfrentadas por esta divisi\u00f3n de criterios, la atenci\u00f3n se centra en c\u00f3mo la C\u00e1mara resolver\u00e1 la cuesti\u00f3n previa y si finalmente se dividir\u00e1n las votaciones de ambos ministros. El desenlace de esta votaci\u00f3n podr\u00eda tener un impacto no solo en los acusados, sino tambi\u00e9n en el manejo de las futuras acusaciones constitucionales y el equilibrio de poder entre el <strong>Legislativo<\/strong> y el <strong>Judicial<\/strong>.<\/p>\n","protected":false},"excerpt":{"rendered":"<p>La C\u00e1mara de Diputados inici\u00f3 el debate sobre la acusaci\u00f3n constitucional contra los ministros de la Corte Suprema,<\/p>\n","protected":false},"author":5,"featured_media":2600,"comment_status":"open","ping_status":"open","sticky":false,"template":"","format":"standard","meta":{"_crdt_document":"","_uag_custom_page_level_css":"","_sitemap_exclude":false,"_sitemap_priority":"","_sitemap_frequency":"","_joinchat":[],"footnotes":""},"categories":[14],"tags":[],"class_list":["post-2599","post","type-post","status-publish","format-standard","has-post-thumbnail","hentry","category-nacional"],"featured_image_urls":{"full":["https:\/\/www.koncevisiontv.cl\/web\/wp-content\/uploads\/2024\/10\/camara-de-diputados.jpg",1072,715,false],"thumbnail":["https:\/\/www.koncevisiontv.cl\/web\/wp-content\/uploads\/2024\/10\/camara-de-diputados-150x150.jpg",150,150,true],"medium":["https:\/\/www.koncevisiontv.cl\/web\/wp-content\/uploads\/2024\/10\/camara-de-diputados-300x200.jpg",300,200,true],"medium_large":["https:\/\/www.koncevisiontv.cl\/web\/wp-content\/uploads\/2024\/10\/camara-de-diputados-768x512.jpg",640,427,true],"large":["https:\/\/www.koncevisiontv.cl\/web\/wp-content\/uploads\/2024\/10\/camara-de-diputados-1024x683.jpg",640,427,true],"1536x1536":["https:\/\/www.koncevisiontv.cl\/web\/wp-content\/uploads\/2024\/10\/camara-de-diputados.jpg",1072,715,false],"2048x2048":["https:\/\/www.koncevisiontv.cl\/web\/wp-content\/uploads\/2024\/10\/camara-de-diputados.jpg",1072,715,false],"darknews-featured":["https:\/\/www.koncevisiontv.cl\/web\/wp-content\/uploads\/2024\/10\/camara-de-diputados-1024x683.jpg",1024,683,true],"darknews-large":["https:\/\/www.koncevisiontv.cl\/web\/wp-content\/uploads\/2024\/10\/camara-de-diputados-825x575.jpg",825,575,true],"darknews-medium":["https:\/\/www.koncevisiontv.cl\/web\/wp-content\/uploads\/2024\/10\/camara-de-diputados-590x410.jpg",590,410,true]},"author_info":{"info":["Web-Master"]},"category_info":"<a href=\"https:\/\/www.koncevisiontv.cl\/web\/category\/nacional\/\" rel=\"category tag\">Nacional<\/a>","tag_info":"Nacional","comment_count":"0","uagb_featured_image_src":{"full":["https:\/\/www.koncevisiontv.cl\/web\/wp-content\/uploads\/2024\/10\/camara-de-diputados.jpg",1072,715,false],"thumbnail":["https:\/\/www.koncevisiontv.cl\/web\/wp-content\/uploads\/2024\/10\/camara-de-diputados-150x150.jpg",150,150,true],"medium":["https:\/\/www.koncevisiontv.cl\/web\/wp-content\/uploads\/2024\/10\/camara-de-diputados-300x200.jpg",300,200,true],"medium_large":["https:\/\/www.koncevisiontv.cl\/web\/wp-content\/uploads\/2024\/10\/camara-de-diputados-768x512.jpg",640,427,true],"large":["https:\/\/www.koncevisiontv.cl\/web\/wp-content\/uploads\/2024\/10\/camara-de-diputados-1024x683.jpg",640,427,true],"1536x1536":["https:\/\/www.koncevisiontv.cl\/web\/wp-content\/uploads\/2024\/10\/camara-de-diputados.jpg",1072,715,false],"2048x2048":["https:\/\/www.koncevisiontv.cl\/web\/wp-content\/uploads\/2024\/10\/camara-de-diputados.jpg",1072,715,false],"darknews-featured":["https:\/\/www.koncevisiontv.cl\/web\/wp-content\/uploads\/2024\/10\/camara-de-diputados-1024x683.jpg",1024,683,true],"darknews-large":["https:\/\/www.koncevisiontv.cl\/web\/wp-content\/uploads\/2024\/10\/camara-de-diputados-825x575.jpg",825,575,true],"darknews-medium":["https:\/\/www.koncevisiontv.cl\/web\/wp-content\/uploads\/2024\/10\/camara-de-diputados-590x410.jpg",590,410,true]},"uagb_author_info":{"display_name":"Web-Master","author_link":"https:\/\/www.koncevisiontv.cl\/web\/author\/koncevision\/"},"uagb_comment_info":0,"uagb_excerpt":"La C\u00e1mara de Diputados inici\u00f3 el debate sobre la acusaci\u00f3n constitucional contra los ministros de la Corte Suprema,","_links":{"self":[{"href":"https:\/\/www.koncevisiontv.cl\/web\/wp-json\/wp\/v2\/posts\/2599","targetHints":{"allow":["GET"]}}],"collection":[{"href":"https:\/\/www.koncevisiontv.cl\/web\/wp-json\/wp\/v2\/posts"}],"about":[{"href":"https:\/\/www.koncevisiontv.cl\/web\/wp-json\/wp\/v2\/types\/post"}],"author":[{"embeddable":true,"href":"https:\/\/www.koncevisiontv.cl\/web\/wp-json\/wp\/v2\/users\/5"}],"replies":[{"embeddable":true,"href":"https:\/\/www.koncevisiontv.cl\/web\/wp-json\/wp\/v2\/comments?post=2599"}],"version-history":[{"count":2,"href":"https:\/\/www.koncevisiontv.cl\/web\/wp-json\/wp\/v2\/posts\/2599\/revisions"}],"predecessor-version":[{"id":2602,"href":"https:\/\/www.koncevisiontv.cl\/web\/wp-json\/wp\/v2\/posts\/2599\/revisions\/2602"}],"wp:featuredmedia":[{"embeddable":true,"href":"https:\/\/www.koncevisiontv.cl\/web\/wp-json\/wp\/v2\/media\/2600"}],"wp:attachment":[{"href":"https:\/\/www.koncevisiontv.cl\/web\/wp-json\/wp\/v2\/media?parent=2599"}],"wp:term":[{"taxonomy":"category","embeddable":true,"href":"https:\/\/www.koncevisiontv.cl\/web\/wp-json\/wp\/v2\/categories?post=2599"},{"taxonomy":"post_tag","embeddable":true,"href":"https:\/\/www.koncevisiontv.cl\/web\/wp-json\/wp\/v2\/tags?post=2599"}],"curies":[{"name":"wp","href":"https:\/\/api.w.org\/{rel}","templated":true}]}}