{"id":2605,"date":"2024-10-09T16:18:53","date_gmt":"2024-10-09T19:18:53","guid":{"rendered":"https:\/\/www.koncevisiontv.cl\/web\/?p=2605"},"modified":"2024-10-10T13:04:20","modified_gmt":"2024-10-10T16:04:20","slug":"condenan-a-10-anos-de-carcel-a-hombre-que-secuestro-a-menor-durante-partido-de-futbol-en-san-joaquin","status":"publish","type":"post","link":"https:\/\/www.koncevisiontv.cl\/web\/condenan-a-10-anos-de-carcel-a-hombre-que-secuestro-a-menor-durante-partido-de-futbol-en-san-joaquin\/","title":{"rendered":"Condenan a 10 a\u00f1os de c\u00e1rcel a hombre que secuestr\u00f3 a menor durante partido de f\u00fatbol en San Joaqu\u00edn"},"content":{"rendered":"\n<blockquote class=\"wp-block-quote is-layout-flow wp-block-quote-is-layout-flow\">\n<p class=\"wp-block-paragraph\">El incidente ocurri\u00f3 en octubre de 2022, y aunque el secuestro dur\u00f3 solo unos minutos, el impacto sobre la familia y la v\u00edctima fue significativo.<\/p>\n<\/blockquote>\n\n\n\n<div class=\"wp-block-uagb-image uagb-block-88d86431 wp-block-uagb-image--layout-default wp-block-uagb-image--effect-static wp-block-uagb-image--align-none\"><figure class=\"wp-block-uagb-image__figure\"><img decoding=\"async\" srcset=\"https:\/\/www.koncevisiontv.cl\/web\/wp-content\/uploads\/2024\/10\/Tribunal_de_Juicio_Oral_en_lo_Penal_de_Chile-1024x768.png ,https:\/\/www.koncevisiontv.cl\/web\/wp-content\/uploads\/2024\/10\/Tribunal_de_Juicio_Oral_en_lo_Penal_de_Chile.png 780w, https:\/\/www.koncevisiontv.cl\/web\/wp-content\/uploads\/2024\/10\/Tribunal_de_Juicio_Oral_en_lo_Penal_de_Chile.png 360w\" sizes=\"auto, (max-width: 480px) 150px\" src=\"https:\/\/www.koncevisiontv.cl\/web\/wp-content\/uploads\/2024\/10\/Tribunal_de_Juicio_Oral_en_lo_Penal_de_Chile-1024x768.png\" alt=\"Tribunsal\" class=\"uag-image-2606\" width=\"1024\" height=\"768\" title=\"Tribunal_de_Juicio_Oral_en_lo_Penal_de_Chile\" loading=\"lazy\" role=\"img\"\/><figcaption class=\"uagb-image-caption\">Sujeto que se llev\u00f3 a un ni\u00f1o de 10 a\u00f1os durante un partido de f\u00fatbol en San Joaqu\u00edn fue condenado a 10 a\u00f1os de c\u00e1rcel por sustracci\u00f3n de menores. Se dispuso su inhabilitaci\u00f3n para cargos p\u00fablicos y toma de muestras de ADN.<br><br><\/figcaption><\/figure><\/div>\n\n\n\n<p class=\"wp-block-paragraph\">Un hombre fue condenado a <strong>10 a\u00f1os de c\u00e1rcel<\/strong> por sustraer a un ni\u00f1o de 10 a\u00f1os durante un partido de f\u00fatbol en <strong>San Joaqu\u00edn<\/strong>, haci\u00e9ndose pasar por profesor y afirmando que conoc\u00eda a sus padres. El <strong>Sexto Tribunal de Juicio Oral en lo Penal de Santiago<\/strong> dict\u00f3 la sentencia, luego de que se acreditara que el hombre enga\u00f1\u00f3 al menor, alej\u00e1ndolo por breves minutos del lugar antes de ser descubierto. La gravedad del caso, que gener\u00f3 gran conmoci\u00f3n, radica en la vulnerabilidad del menor, quien fue enga\u00f1ado por el condenado.<\/p>\n\n\n\n<p class=\"wp-block-paragraph\">Adem\u00e1s de la pena de c\u00e1rcel, el tribunal decret\u00f3 la <strong>inhabilitaci\u00f3n absoluta perpetua<\/strong> para ocupar cargos p\u00fablicos o ejercer derechos pol\u00edticos. El agresor tambi\u00e9n deber\u00e1 someterse a la <strong>toma de muestras biol\u00f3gicas<\/strong> para ser ingresado en el registro nacional de ADN de condenados, una medida destinada a prevenir futuras reincidencias en este tipo de delitos.<\/p>\n\n\n\n<h3 class=\"wp-block-heading\"><strong>Detalles del secuestro y reacci\u00f3n de la familia<\/strong><\/h3>\n\n\n\n<p class=\"wp-block-paragraph\">El incidente ocurri\u00f3 en octubre de 2022, y aunque el secuestro dur\u00f3 solo unos minutos, el impacto sobre la familia y la v\u00edctima fue significativo. Seg\u00fan el fallo, los padres del ni\u00f1o afirmaron que el estr\u00e9s causado por el hecho provoc\u00f3 un <strong>rebrote de alopecia<\/strong> en su hijo, demostrando los efectos psicol\u00f3gicos graves que dej\u00f3 el secuestro.<\/p>\n\n\n\n<p class=\"wp-block-paragraph\">El tribunal destac\u00f3 que, si bien el tiempo del rapto fue breve y la distancia recorrida fue corta, la amenaza a la <strong>seguridad y libertad personal<\/strong> del menor fue considerable. Los jueces valoraron estos elementos al determinar la extensi\u00f3n de la pena.<\/p>\n\n\n\n<h3 class=\"wp-block-heading\"><strong>Repercusiones en la comunidad<\/strong><\/h3>\n\n\n\n<p class=\"wp-block-paragraph\">Este caso ha generado alarma en la comunidad y ha puesto en el centro de la discusi\u00f3n la <strong>seguridad de los menores<\/strong> en espacios p\u00fablicos. Organizaciones de defensa de la infancia han exigido una mayor vigilancia y conciencia sobre este tipo de delitos, solicitando campa\u00f1as de prevenci\u00f3n y educaci\u00f3n dirigidas a los menores y sus familias para evitar situaciones similares.<\/p>\n","protected":false},"excerpt":{"rendered":"<p>El incidente ocurri\u00f3 en octubre de 2022, y aunque el secuestro dur\u00f3 solo unos minutos, el impacto sobre<\/p>\n","protected":false},"author":5,"featured_media":2606,"comment_status":"open","ping_status":"open","sticky":false,"template":"","format":"standard","meta":{"_crdt_document":"","_uag_custom_page_level_css":"","_sitemap_exclude":false,"_sitemap_priority":"","_sitemap_frequency":"","_joinchat":[],"footnotes":""},"categories":[14],"tags":[],"class_list":["post-2605","post","type-post","status-publish","format-standard","has-post-thumbnail","hentry","category-nacional"],"featured_image_urls":{"full":["https:\/\/www.koncevisiontv.cl\/web\/wp-content\/uploads\/2024\/10\/Tribunal_de_Juicio_Oral_en_lo_Penal_de_Chile.png",1200,900,false],"thumbnail":["https:\/\/www.koncevisiontv.cl\/web\/wp-content\/uploads\/2024\/10\/Tribunal_de_Juicio_Oral_en_lo_Penal_de_Chile-150x150.png",150,150,true],"medium":["https:\/\/www.koncevisiontv.cl\/web\/wp-content\/uploads\/2024\/10\/Tribunal_de_Juicio_Oral_en_lo_Penal_de_Chile-300x225.png",300,225,true],"medium_large":["https:\/\/www.koncevisiontv.cl\/web\/wp-content\/uploads\/2024\/10\/Tribunal_de_Juicio_Oral_en_lo_Penal_de_Chile-768x576.png",640,480,true],"large":["https:\/\/www.koncevisiontv.cl\/web\/wp-content\/uploads\/2024\/10\/Tribunal_de_Juicio_Oral_en_lo_Penal_de_Chile-1024x768.png",640,480,true],"1536x1536":["https:\/\/www.koncevisiontv.cl\/web\/wp-content\/uploads\/2024\/10\/Tribunal_de_Juicio_Oral_en_lo_Penal_de_Chile.png",1200,900,false],"2048x2048":["https:\/\/www.koncevisiontv.cl\/web\/wp-content\/uploads\/2024\/10\/Tribunal_de_Juicio_Oral_en_lo_Penal_de_Chile.png",1200,900,false],"darknews-featured":["https:\/\/www.koncevisiontv.cl\/web\/wp-content\/uploads\/2024\/10\/Tribunal_de_Juicio_Oral_en_lo_Penal_de_Chile-1024x768.png",1024,768,true],"darknews-large":["https:\/\/www.koncevisiontv.cl\/web\/wp-content\/uploads\/2024\/10\/Tribunal_de_Juicio_Oral_en_lo_Penal_de_Chile-825x575.png",825,575,true],"darknews-medium":["https:\/\/www.koncevisiontv.cl\/web\/wp-content\/uploads\/2024\/10\/Tribunal_de_Juicio_Oral_en_lo_Penal_de_Chile-590x410.png",590,410,true]},"author_info":{"info":["Web-Master"]},"category_info":"<a href=\"https:\/\/www.koncevisiontv.cl\/web\/category\/nacional\/\" rel=\"category tag\">Nacional<\/a>","tag_info":"Nacional","comment_count":"0","uagb_featured_image_src":{"full":["https:\/\/www.koncevisiontv.cl\/web\/wp-content\/uploads\/2024\/10\/Tribunal_de_Juicio_Oral_en_lo_Penal_de_Chile.png",1200,900,false],"thumbnail":["https:\/\/www.koncevisiontv.cl\/web\/wp-content\/uploads\/2024\/10\/Tribunal_de_Juicio_Oral_en_lo_Penal_de_Chile-150x150.png",150,150,true],"medium":["https:\/\/www.koncevisiontv.cl\/web\/wp-content\/uploads\/2024\/10\/Tribunal_de_Juicio_Oral_en_lo_Penal_de_Chile-300x225.png",300,225,true],"medium_large":["https:\/\/www.koncevisiontv.cl\/web\/wp-content\/uploads\/2024\/10\/Tribunal_de_Juicio_Oral_en_lo_Penal_de_Chile-768x576.png",640,480,true],"large":["https:\/\/www.koncevisiontv.cl\/web\/wp-content\/uploads\/2024\/10\/Tribunal_de_Juicio_Oral_en_lo_Penal_de_Chile-1024x768.png",640,480,true],"1536x1536":["https:\/\/www.koncevisiontv.cl\/web\/wp-content\/uploads\/2024\/10\/Tribunal_de_Juicio_Oral_en_lo_Penal_de_Chile.png",1200,900,false],"2048x2048":["https:\/\/www.koncevisiontv.cl\/web\/wp-content\/uploads\/2024\/10\/Tribunal_de_Juicio_Oral_en_lo_Penal_de_Chile.png",1200,900,false],"darknews-featured":["https:\/\/www.koncevisiontv.cl\/web\/wp-content\/uploads\/2024\/10\/Tribunal_de_Juicio_Oral_en_lo_Penal_de_Chile-1024x768.png",1024,768,true],"darknews-large":["https:\/\/www.koncevisiontv.cl\/web\/wp-content\/uploads\/2024\/10\/Tribunal_de_Juicio_Oral_en_lo_Penal_de_Chile-825x575.png",825,575,true],"darknews-medium":["https:\/\/www.koncevisiontv.cl\/web\/wp-content\/uploads\/2024\/10\/Tribunal_de_Juicio_Oral_en_lo_Penal_de_Chile-590x410.png",590,410,true]},"uagb_author_info":{"display_name":"Web-Master","author_link":"https:\/\/www.koncevisiontv.cl\/web\/author\/koncevision\/"},"uagb_comment_info":0,"uagb_excerpt":"El incidente ocurri\u00f3 en octubre de 2022, y aunque el secuestro dur\u00f3 solo unos minutos, el impacto sobre","_links":{"self":[{"href":"https:\/\/www.koncevisiontv.cl\/web\/wp-json\/wp\/v2\/posts\/2605","targetHints":{"allow":["GET"]}}],"collection":[{"href":"https:\/\/www.koncevisiontv.cl\/web\/wp-json\/wp\/v2\/posts"}],"about":[{"href":"https:\/\/www.koncevisiontv.cl\/web\/wp-json\/wp\/v2\/types\/post"}],"author":[{"embeddable":true,"href":"https:\/\/www.koncevisiontv.cl\/web\/wp-json\/wp\/v2\/users\/5"}],"replies":[{"embeddable":true,"href":"https:\/\/www.koncevisiontv.cl\/web\/wp-json\/wp\/v2\/comments?post=2605"}],"version-history":[{"count":4,"href":"https:\/\/www.koncevisiontv.cl\/web\/wp-json\/wp\/v2\/posts\/2605\/revisions"}],"predecessor-version":[{"id":2625,"href":"https:\/\/www.koncevisiontv.cl\/web\/wp-json\/wp\/v2\/posts\/2605\/revisions\/2625"}],"wp:featuredmedia":[{"embeddable":true,"href":"https:\/\/www.koncevisiontv.cl\/web\/wp-json\/wp\/v2\/media\/2606"}],"wp:attachment":[{"href":"https:\/\/www.koncevisiontv.cl\/web\/wp-json\/wp\/v2\/media?parent=2605"}],"wp:term":[{"taxonomy":"category","embeddable":true,"href":"https:\/\/www.koncevisiontv.cl\/web\/wp-json\/wp\/v2\/categories?post=2605"},{"taxonomy":"post_tag","embeddable":true,"href":"https:\/\/www.koncevisiontv.cl\/web\/wp-json\/wp\/v2\/tags?post=2605"}],"curies":[{"name":"wp","href":"https:\/\/api.w.org\/{rel}","templated":true}]}}