{"id":2614,"date":"2024-10-10T12:27:40","date_gmt":"2024-10-10T15:27:40","guid":{"rendered":"https:\/\/www.koncevisiontv.cl\/web\/?p=2614"},"modified":"2024-10-10T12:27:42","modified_gmt":"2024-10-10T15:27:42","slug":"exdirectores-de-gendarmeria-acusan-negligencia-y-corrupcion-tras-fuga-de-reos-en-colina-1-y-ex-posta-central","status":"publish","type":"post","link":"https:\/\/www.koncevisiontv.cl\/web\/exdirectores-de-gendarmeria-acusan-negligencia-y-corrupcion-tras-fuga-de-reos-en-colina-1-y-ex-posta-central\/","title":{"rendered":"Exdirectores de Gendarmer\u00eda acusan negligencia y corrupci\u00f3n tras fuga de reos en Colina 1 y ex Posta Central"},"content":{"rendered":"\n<div class=\"wp-block-uagb-image uagb-block-77102197 wp-block-uagb-image--layout-default wp-block-uagb-image--effect-static wp-block-uagb-image--align-none\"><figure class=\"wp-block-uagb-image__figure\"><img decoding=\"async\" srcset=\"https:\/\/www.koncevisiontv.cl\/web\/wp-content\/uploads\/2024\/08\/gendarmeria-1024x343.webp ,https:\/\/www.koncevisiontv.cl\/web\/wp-content\/uploads\/2024\/08\/gendarmeria.webp 780w, https:\/\/www.koncevisiontv.cl\/web\/wp-content\/uploads\/2024\/08\/gendarmeria.webp 360w\" sizes=\"auto, (max-width: 480px) 150px\" src=\"https:\/\/www.koncevisiontv.cl\/web\/wp-content\/uploads\/2024\/08\/gendarmeria-1024x343.webp\" alt=\"Gendarmeria de Chile\" class=\"uag-image-1240\" width=\"1024\" height=\"343\" title=\"gendarmeria\" loading=\"lazy\" role=\"img\"\/><figcaption class=\"uagb-image-caption\">Exdirectores de Gendarmer\u00eda acusan negligencia y corrupci\u00f3n tras fuga de reos en Colina 1 y ex Posta Central<\/figcaption><\/figure><\/div>\n\n\n\n<p class=\"wp-block-paragraph\">Tras la reciente fuga de tres reos en menos de 72 horas, exdirectores de <strong>Gendarmer\u00eda de Chile<\/strong> se\u00f1alaron <strong>negligencia<\/strong> y sugirieron posibles casos de <strong>corrupci\u00f3n<\/strong> dentro de la instituci\u00f3n. Las fugas incluyeron dos prisioneros que escaparon de <strong>Colina 1<\/strong> y un tercero que huy\u00f3 de la <strong>ex Posta Central<\/strong>. Seg\u00fan los exdirectores <strong>Christian Alveal<\/strong>, <strong>Claudio Mart\u00ednez<\/strong>, y <strong>Tulio Arce<\/strong>, las fallas en la vigilancia no solo son producto de errores humanos, sino que podr\u00edan estar relacionadas con <strong>sobornos<\/strong> y <strong>relajaci\u00f3n en los protocolos<\/strong> de seguridad.<\/p>\n\n\n\n<h3 class=\"wp-block-heading\"><strong>Opiniones de los exdirectores y cr\u00edticas a la gesti\u00f3n actual<\/strong><\/h3>\n\n\n\n<p class=\"wp-block-paragraph\">Christian Alveal, exdirector entre 2018 y 2022, subray\u00f3 que estas fugas son una <strong>mala se\u00f1al<\/strong> y sugiri\u00f3 que el personal podr\u00eda haber sido corrompido, lo que explicar\u00eda el relajamiento de los protocolos de seguridad. Alveal pidi\u00f3 que se investiguen posibles <strong>sobornos<\/strong> dentro de Gendarmer\u00eda. Por su parte, Claudio Mart\u00ednez, quien dirigi\u00f3 la instituci\u00f3n entre 1993 y 1997, apunt\u00f3 a la <strong>sobrecarga laboral<\/strong> y la posible <strong>negligencia<\/strong> de los funcionarios responsables de la custodia de los reos.<\/p>\n\n\n\n<p class=\"wp-block-paragraph\">Finalmente, Tulio Arce, exdirector entre 2015 y 2016, argument\u00f3 que la falta de recursos es uno de los principales problemas dentro de Gendarmer\u00eda, impidiendo la mejora en la seguridad y el control de los internos. Seg\u00fan Arce, es esencial integrar a Gendarmer\u00eda en el circuito de <strong>persecuci\u00f3n delictual<\/strong> para combatir mejor estos problemas.<\/p>\n\n\n\n<h3 class=\"wp-block-heading\"><strong>Repercusiones y soluciones propuestas<\/strong><\/h3>\n\n\n\n<p class=\"wp-block-paragraph\">Las cr\u00edticas hacia la actual gesti\u00f3n de <strong>Sebasti\u00e1n Urra<\/strong>, actual director de Gendarmer\u00eda, han ido en aumento, sobre todo por el manejo de las fugas y la falta de soluciones concretas. Si bien Urra ha anunciado <strong>sumarios administrativos<\/strong> para esclarecer responsabilidades, las fugas han generado una fuerte presi\u00f3n para mejorar la seguridad en los recintos penitenciarios.<\/p>\n\n\n\n<p class=\"wp-block-paragraph\">Los exdirectores coinciden en que es necesario revisar los protocolos de seguridad, reforzar el personal y aumentar los recursos asignados a Gendarmer\u00eda para evitar que estas situaciones se repitan.<\/p>\n","protected":false},"excerpt":{"rendered":"<p>Tras la reciente fuga de tres reos en menos de 72 horas, exdirectores de Gendarmer\u00eda de Chile se\u00f1alaron<\/p>\n","protected":false},"author":5,"featured_media":1240,"comment_status":"open","ping_status":"open","sticky":false,"template":"","format":"standard","meta":{"_crdt_document":"","_uag_custom_page_level_css":"","_sitemap_exclude":false,"_sitemap_priority":"","_sitemap_frequency":"","_joinchat":[],"footnotes":""},"categories":[14],"tags":[],"class_list":["post-2614","post","type-post","status-publish","format-standard","has-post-thumbnail","hentry","category-nacional"],"featured_image_urls":{"full":["https:\/\/www.koncevisiontv.cl\/web\/wp-content\/uploads\/2024\/08\/gendarmeria.webp",1267,424,false],"thumbnail":["https:\/\/www.koncevisiontv.cl\/web\/wp-content\/uploads\/2024\/08\/gendarmeria-150x150.webp",150,150,true],"medium":["https:\/\/www.koncevisiontv.cl\/web\/wp-content\/uploads\/2024\/08\/gendarmeria-300x100.webp",300,100,true],"medium_large":["https:\/\/www.koncevisiontv.cl\/web\/wp-content\/uploads\/2024\/08\/gendarmeria-768x257.webp",640,214,true],"large":["https:\/\/www.koncevisiontv.cl\/web\/wp-content\/uploads\/2024\/08\/gendarmeria-1024x343.webp",640,214,true],"1536x1536":["https:\/\/www.koncevisiontv.cl\/web\/wp-content\/uploads\/2024\/08\/gendarmeria.webp",1267,424,false],"2048x2048":["https:\/\/www.koncevisiontv.cl\/web\/wp-content\/uploads\/2024\/08\/gendarmeria.webp",1267,424,false],"darknews-featured":["https:\/\/www.koncevisiontv.cl\/web\/wp-content\/uploads\/2024\/08\/gendarmeria-1024x343.webp",1024,343,true],"darknews-large":["https:\/\/www.koncevisiontv.cl\/web\/wp-content\/uploads\/2024\/08\/gendarmeria-825x424.webp",825,424,true],"darknews-medium":["https:\/\/www.koncevisiontv.cl\/web\/wp-content\/uploads\/2024\/08\/gendarmeria-590x410.webp",590,410,true]},"author_info":{"info":["Web-Master"]},"category_info":"<a href=\"https:\/\/www.koncevisiontv.cl\/web\/category\/nacional\/\" rel=\"category tag\">Nacional<\/a>","tag_info":"Nacional","comment_count":"0","uagb_featured_image_src":{"full":["https:\/\/www.koncevisiontv.cl\/web\/wp-content\/uploads\/2024\/08\/gendarmeria.webp",1267,424,false],"thumbnail":["https:\/\/www.koncevisiontv.cl\/web\/wp-content\/uploads\/2024\/08\/gendarmeria-150x150.webp",150,150,true],"medium":["https:\/\/www.koncevisiontv.cl\/web\/wp-content\/uploads\/2024\/08\/gendarmeria-300x100.webp",300,100,true],"medium_large":["https:\/\/www.koncevisiontv.cl\/web\/wp-content\/uploads\/2024\/08\/gendarmeria-768x257.webp",640,214,true],"large":["https:\/\/www.koncevisiontv.cl\/web\/wp-content\/uploads\/2024\/08\/gendarmeria-1024x343.webp",640,214,true],"1536x1536":["https:\/\/www.koncevisiontv.cl\/web\/wp-content\/uploads\/2024\/08\/gendarmeria.webp",1267,424,false],"2048x2048":["https:\/\/www.koncevisiontv.cl\/web\/wp-content\/uploads\/2024\/08\/gendarmeria.webp",1267,424,false],"darknews-featured":["https:\/\/www.koncevisiontv.cl\/web\/wp-content\/uploads\/2024\/08\/gendarmeria-1024x343.webp",1024,343,true],"darknews-large":["https:\/\/www.koncevisiontv.cl\/web\/wp-content\/uploads\/2024\/08\/gendarmeria-825x424.webp",825,424,true],"darknews-medium":["https:\/\/www.koncevisiontv.cl\/web\/wp-content\/uploads\/2024\/08\/gendarmeria-590x410.webp",590,410,true]},"uagb_author_info":{"display_name":"Web-Master","author_link":"https:\/\/www.koncevisiontv.cl\/web\/author\/koncevision\/"},"uagb_comment_info":0,"uagb_excerpt":"Tras la reciente fuga de tres reos en menos de 72 horas, exdirectores de Gendarmer\u00eda de Chile se\u00f1alaron","_links":{"self":[{"href":"https:\/\/www.koncevisiontv.cl\/web\/wp-json\/wp\/v2\/posts\/2614","targetHints":{"allow":["GET"]}}],"collection":[{"href":"https:\/\/www.koncevisiontv.cl\/web\/wp-json\/wp\/v2\/posts"}],"about":[{"href":"https:\/\/www.koncevisiontv.cl\/web\/wp-json\/wp\/v2\/types\/post"}],"author":[{"embeddable":true,"href":"https:\/\/www.koncevisiontv.cl\/web\/wp-json\/wp\/v2\/users\/5"}],"replies":[{"embeddable":true,"href":"https:\/\/www.koncevisiontv.cl\/web\/wp-json\/wp\/v2\/comments?post=2614"}],"version-history":[{"count":1,"href":"https:\/\/www.koncevisiontv.cl\/web\/wp-json\/wp\/v2\/posts\/2614\/revisions"}],"predecessor-version":[{"id":2615,"href":"https:\/\/www.koncevisiontv.cl\/web\/wp-json\/wp\/v2\/posts\/2614\/revisions\/2615"}],"wp:featuredmedia":[{"embeddable":true,"href":"https:\/\/www.koncevisiontv.cl\/web\/wp-json\/wp\/v2\/media\/1240"}],"wp:attachment":[{"href":"https:\/\/www.koncevisiontv.cl\/web\/wp-json\/wp\/v2\/media?parent=2614"}],"wp:term":[{"taxonomy":"category","embeddable":true,"href":"https:\/\/www.koncevisiontv.cl\/web\/wp-json\/wp\/v2\/categories?post=2614"},{"taxonomy":"post_tag","embeddable":true,"href":"https:\/\/www.koncevisiontv.cl\/web\/wp-json\/wp\/v2\/tags?post=2614"}],"curies":[{"name":"wp","href":"https:\/\/api.w.org\/{rel}","templated":true}]}}