{"id":2616,"date":"2024-10-10T12:55:48","date_gmt":"2024-10-10T15:55:48","guid":{"rendered":"https:\/\/www.koncevisiontv.cl\/web\/?p=2616"},"modified":"2024-10-10T13:03:08","modified_gmt":"2024-10-10T16:03:08","slug":"pancho-orrego-denuncia-agresion-mientras-hacia-campana-en-nunoa-me-pegaron-un-combo","status":"publish","type":"post","link":"https:\/\/www.koncevisiontv.cl\/web\/pancho-orrego-denuncia-agresion-mientras-hacia-campana-en-nunoa-me-pegaron-un-combo\/","title":{"rendered":"Pancho Orrego denuncia agresi\u00f3n mientras hac\u00eda campa\u00f1a en \u00d1u\u00f1oa: &#8220;Me pegaron un combo&#8221;"},"content":{"rendered":"\n<div class=\"wp-block-uagb-image aligncenter uagb-block-a726cc64 wp-block-uagb-image--layout-default wp-block-uagb-image--effect-static wp-block-uagb-image--align-center\"><figure class=\"wp-block-uagb-image__figure\"><img decoding=\"async\" srcset=\"https:\/\/www.koncevisiontv.cl\/web\/wp-content\/uploads\/2024\/10\/orrego.jpg ,https:\/\/www.koncevisiontv.cl\/web\/wp-content\/uploads\/2024\/10\/orrego.jpg 780w, https:\/\/www.koncevisiontv.cl\/web\/wp-content\/uploads\/2024\/10\/orrego.jpg 360w\" sizes=\"auto, (max-width: 480px) 150px\" src=\"https:\/\/www.koncevisiontv.cl\/web\/wp-content\/uploads\/2024\/10\/orrego.jpg\" alt=\"\" class=\"uag-image-2617\" width=\"649\" height=\"365\" title=\"orrego\" loading=\"lazy\" role=\"img\"><figcaption class=\"uagb-image-caption\">Fotograf\u00eda:  Cooperativa.cl<\/figcaption><\/figure><\/div>\n\n\n\n<p class=\"wp-block-paragraph\">El candidato a <strong>gobernador por la RM<\/strong>, <strong>Pancho Orrego<\/strong>, denunci\u00f3 haber sido v\u00edctima de una agresi\u00f3n f\u00edsica mientras realizaba campa\u00f1a en \u00d1u\u00f1oa. Seg\u00fan su relato, un sujeto lo confront\u00f3 violentamente y le propin\u00f3 un <strong>golpe de pu\u00f1o<\/strong> mientras interactuaba con vecinos. El incidente ha generado indignaci\u00f3n en su equipo de campa\u00f1a, que calific\u00f3 el ataque como un acto cobarde que busca intimidar su postulaci\u00f3n. Orrego, sin embargo, se comprometi\u00f3 a continuar con su trabajo pol\u00edtico y asegur\u00f3 que no ceder\u00e1 ante amenazas.<\/p>\n\n\n\n<blockquote class=\"wp-block-quote is-layout-flow wp-block-quote-is-layout-flow\">\n<p class=\"has-large-font-size wp-block-paragraph\"><a href=\"https:\/\/www.instagram.com\/reel\/DA8YcDjx4iT\/?utm_source=ig_embed&amp;utm_campaign=loading\" target=\"_blank\" rel=\"noreferrer noopener\">Ver esta publicaci\u00f3n en Instagram<\/a><\/p>\n<\/blockquote>\n\n\n\n<h3 class=\"wp-block-heading\"><strong>Detalles de la agresi\u00f3n y reacciones pol\u00edticas<\/strong><\/h3>\n\n\n\n<p class=\"wp-block-paragraph\">El ataque ocurri\u00f3 mientras Orrego entregaba material de campa\u00f1a y conversaba con los ciudadanos. Seg\u00fan testigos, un hombre se acerc\u00f3 de manera agresiva y lo golpe\u00f3, antes de huir del lugar. La situaci\u00f3n ha generado gran revuelo, con diversos actores pol\u00edticos expresando su repudio al hecho. Orrego declar\u00f3 que presentar\u00e1 una denuncia formal y que este tipo de agresiones <strong>&#8220;no deber\u00edan tener lugar en una democracia&#8221;<\/strong>.<\/p>\n\n\n\n<p class=\"wp-block-paragraph\">El incidente pone en evidencia el clima de tensi\u00f3n en la pol\u00edtica chilena, en un contexto donde las agresiones hacia candidatos y figuras p\u00fablicas han aumentado.<\/p>\n\n\n\n<h3 class=\"wp-block-heading\"><strong>Impacto en la campa\u00f1a y respuesta de Orrego<\/strong><\/h3>\n\n\n\n<p class=\"wp-block-paragraph\">Pese al ataque, Orrego enfatiz\u00f3 que no se dejar\u00e1 amedrentar y continuar\u00e1 su campa\u00f1a por la <strong>Gobernaci\u00f3n de la Regi\u00f3n Metropolitana<\/strong>. A trav\u00e9s de sus redes sociales, el candidato llam\u00f3 a mantener el di\u00e1logo y el respeto, subrayando que la violencia no puede ser parte del proceso democr\u00e1tico. Adem\u00e1s, su equipo ha reforzado las medidas de seguridad para prevenir futuros incidentes.<\/p>\n\n\n\n<p class=\"wp-block-paragraph\">La agresi\u00f3n ha despertado un intenso debate sobre la <strong>seguridad de los candidatos<\/strong> durante las campa\u00f1as, con llamados a garantizar un proceso electoral sin violencia.<\/p>\n","protected":false},"excerpt":{"rendered":"<p>El candidato a gobernador por la RM, Pancho Orrego, denunci\u00f3 haber sido v\u00edctima de una agresi\u00f3n f\u00edsica mientras<\/p>\n","protected":false},"author":5,"featured_media":2617,"comment_status":"open","ping_status":"open","sticky":false,"template":"","format":"standard","meta":{"_crdt_document":"","_uag_custom_page_level_css":"","_sitemap_exclude":false,"_sitemap_priority":"","_sitemap_frequency":"","_joinchat":[],"footnotes":""},"categories":[14],"tags":[],"class_list":["post-2616","post","type-post","status-publish","format-standard","has-post-thumbnail","hentry","category-nacional"],"featured_image_urls":{"full":["https:\/\/www.koncevisiontv.cl\/web\/wp-content\/uploads\/2024\/10\/orrego.jpg",649,365,false],"thumbnail":["https:\/\/www.koncevisiontv.cl\/web\/wp-content\/uploads\/2024\/10\/orrego-150x150.jpg",150,150,true],"medium":["https:\/\/www.koncevisiontv.cl\/web\/wp-content\/uploads\/2024\/10\/orrego-300x169.jpg",300,169,true],"medium_large":["https:\/\/www.koncevisiontv.cl\/web\/wp-content\/uploads\/2024\/10\/orrego.jpg",640,360,false],"large":["https:\/\/www.koncevisiontv.cl\/web\/wp-content\/uploads\/2024\/10\/orrego.jpg",640,360,false],"1536x1536":["https:\/\/www.koncevisiontv.cl\/web\/wp-content\/uploads\/2024\/10\/orrego.jpg",649,365,false],"2048x2048":["https:\/\/www.koncevisiontv.cl\/web\/wp-content\/uploads\/2024\/10\/orrego.jpg",649,365,false],"darknews-featured":["https:\/\/www.koncevisiontv.cl\/web\/wp-content\/uploads\/2024\/10\/orrego.jpg",649,365,false],"darknews-large":["https:\/\/www.koncevisiontv.cl\/web\/wp-content\/uploads\/2024\/10\/orrego.jpg",649,365,false],"darknews-medium":["https:\/\/www.koncevisiontv.cl\/web\/wp-content\/uploads\/2024\/10\/orrego-590x365.jpg",590,365,true]},"author_info":{"info":["Web-Master"]},"category_info":"<a href=\"https:\/\/www.koncevisiontv.cl\/web\/category\/nacional\/\" rel=\"category tag\">Nacional<\/a>","tag_info":"Nacional","comment_count":"0","uagb_featured_image_src":{"full":["https:\/\/www.koncevisiontv.cl\/web\/wp-content\/uploads\/2024\/10\/orrego.jpg",649,365,false],"thumbnail":["https:\/\/www.koncevisiontv.cl\/web\/wp-content\/uploads\/2024\/10\/orrego-150x150.jpg",150,150,true],"medium":["https:\/\/www.koncevisiontv.cl\/web\/wp-content\/uploads\/2024\/10\/orrego-300x169.jpg",300,169,true],"medium_large":["https:\/\/www.koncevisiontv.cl\/web\/wp-content\/uploads\/2024\/10\/orrego.jpg",640,360,false],"large":["https:\/\/www.koncevisiontv.cl\/web\/wp-content\/uploads\/2024\/10\/orrego.jpg",640,360,false],"1536x1536":["https:\/\/www.koncevisiontv.cl\/web\/wp-content\/uploads\/2024\/10\/orrego.jpg",649,365,false],"2048x2048":["https:\/\/www.koncevisiontv.cl\/web\/wp-content\/uploads\/2024\/10\/orrego.jpg",649,365,false],"darknews-featured":["https:\/\/www.koncevisiontv.cl\/web\/wp-content\/uploads\/2024\/10\/orrego.jpg",649,365,false],"darknews-large":["https:\/\/www.koncevisiontv.cl\/web\/wp-content\/uploads\/2024\/10\/orrego.jpg",649,365,false],"darknews-medium":["https:\/\/www.koncevisiontv.cl\/web\/wp-content\/uploads\/2024\/10\/orrego-590x365.jpg",590,365,true]},"uagb_author_info":{"display_name":"Web-Master","author_link":"https:\/\/www.koncevisiontv.cl\/web\/author\/koncevision\/"},"uagb_comment_info":0,"uagb_excerpt":"El candidato a gobernador por la RM, Pancho Orrego, denunci\u00f3 haber sido v\u00edctima de una agresi\u00f3n f\u00edsica mientras","_links":{"self":[{"href":"https:\/\/www.koncevisiontv.cl\/web\/wp-json\/wp\/v2\/posts\/2616","targetHints":{"allow":["GET"]}}],"collection":[{"href":"https:\/\/www.koncevisiontv.cl\/web\/wp-json\/wp\/v2\/posts"}],"about":[{"href":"https:\/\/www.koncevisiontv.cl\/web\/wp-json\/wp\/v2\/types\/post"}],"author":[{"embeddable":true,"href":"https:\/\/www.koncevisiontv.cl\/web\/wp-json\/wp\/v2\/users\/5"}],"replies":[{"embeddable":true,"href":"https:\/\/www.koncevisiontv.cl\/web\/wp-json\/wp\/v2\/comments?post=2616"}],"version-history":[{"count":4,"href":"https:\/\/www.koncevisiontv.cl\/web\/wp-json\/wp\/v2\/posts\/2616\/revisions"}],"predecessor-version":[{"id":2624,"href":"https:\/\/www.koncevisiontv.cl\/web\/wp-json\/wp\/v2\/posts\/2616\/revisions\/2624"}],"wp:featuredmedia":[{"embeddable":true,"href":"https:\/\/www.koncevisiontv.cl\/web\/wp-json\/wp\/v2\/media\/2617"}],"wp:attachment":[{"href":"https:\/\/www.koncevisiontv.cl\/web\/wp-json\/wp\/v2\/media?parent=2616"}],"wp:term":[{"taxonomy":"category","embeddable":true,"href":"https:\/\/www.koncevisiontv.cl\/web\/wp-json\/wp\/v2\/categories?post=2616"},{"taxonomy":"post_tag","embeddable":true,"href":"https:\/\/www.koncevisiontv.cl\/web\/wp-json\/wp\/v2\/tags?post=2616"}],"curies":[{"name":"wp","href":"https:\/\/api.w.org\/{rel}","templated":true}]}}