{"id":2627,"date":"2024-10-10T16:26:24","date_gmt":"2024-10-10T19:26:24","guid":{"rendered":"https:\/\/www.koncevisiontv.cl\/web\/?p=2627"},"modified":"2024-10-10T16:34:13","modified_gmt":"2024-10-10T19:34:13","slug":"corte-suprema-remueve-a-angela-vivanco","status":"publish","type":"post","link":"https:\/\/www.koncevisiontv.cl\/web\/corte-suprema-remueve-a-angela-vivanco\/","title":{"rendered":"Corte Suprema remueve a \u00c1ngela Vivanco por presiones e irregularidades en su gesti\u00f3n"},"content":{"rendered":"<div class=\"wp-block-image\">\n<figure class=\"aligncenter size-full\"><img loading=\"lazy\" decoding=\"async\" width=\"960\" height=\"502\" src=\"https:\/\/www.koncevisiontv.cl\/web\/wp-content\/uploads\/2024\/10\/WhatsApp-Image-2024-08-13-at-08.45.22.jpeg\" alt=\"\" class=\"wp-image-2322\" title=\"\" srcset=\"https:\/\/www.koncevisiontv.cl\/web\/wp-content\/uploads\/2024\/10\/WhatsApp-Image-2024-08-13-at-08.45.22.jpeg 960w, https:\/\/www.koncevisiontv.cl\/web\/wp-content\/uploads\/2024\/10\/WhatsApp-Image-2024-08-13-at-08.45.22-300x157.jpeg 300w, https:\/\/www.koncevisiontv.cl\/web\/wp-content\/uploads\/2024\/10\/WhatsApp-Image-2024-08-13-at-08.45.22-768x402.jpeg 768w\" sizes=\"auto, (max-width: 960px) 100vw, 960px\" \/><figcaption class=\"wp-element-caption\">La <strong>Corte Suprema<\/strong> decidi\u00f3 remover a la ministra <strong>\u00c1ngela Vivanco<\/strong> de su cargo<\/figcaption><\/figure>\n<\/div>\n\n\n<p class=\"wp-block-paragraph\">La <strong>Corte Suprema<\/strong> decidi\u00f3 remover a la ministra <strong>\u00c1ngela Vivanco<\/strong> de su cargo, tras una investigaci\u00f3n que revel\u00f3 <strong>presiones<\/strong> e <strong>irregularidades<\/strong> en su labor como jueza. Entre los motivos, se encuentra la controversia generada por sus fallos en temas sensibles, como los derechos sociales y el sistema de <strong>isapres<\/strong>. Las presiones para removerla aumentaron tras una serie de declaraciones y acciones que, seg\u00fan la Corte, afectaron la <strong>transparencia<\/strong> e <strong>independencia<\/strong> de su gesti\u00f3n.<\/p>\n\n\n\n<h3 class=\"wp-block-heading\"><strong>Motivos de la remoci\u00f3n<\/strong><\/h3>\n\n\n\n<p class=\"wp-block-paragraph\">Vivanco fue criticada por su manejo de ciertos fallos en materia de salud y derechos constitucionales. En particular, sus decisiones en torno al sistema de <strong>isapres<\/strong> generaron una fuerte controversia. La Corte Suprema concluy\u00f3 que hab\u00eda una falta de consistencia y presiones externas que podr\u00edan haber influido en sus resoluciones.<\/p>\n","protected":false},"excerpt":{"rendered":"<p>La Corte Suprema decidi\u00f3 remover a la ministra \u00c1ngela Vivanco de su cargo, tras una investigaci\u00f3n que revel\u00f3<\/p>\n","protected":false},"author":5,"featured_media":2322,"comment_status":"open","ping_status":"open","sticky":false,"template":"","format":"standard","meta":{"_crdt_document":"","_uag_custom_page_level_css":"","_sitemap_exclude":false,"_sitemap_priority":"","_sitemap_frequency":"","_joinchat":[],"footnotes":""},"categories":[14],"tags":[],"class_list":["post-2627","post","type-post","status-publish","format-standard","has-post-thumbnail","hentry","category-nacional"],"featured_image_urls":{"full":["https:\/\/www.koncevisiontv.cl\/web\/wp-content\/uploads\/2024\/10\/WhatsApp-Image-2024-08-13-at-08.45.22.jpeg",960,502,false],"thumbnail":["https:\/\/www.koncevisiontv.cl\/web\/wp-content\/uploads\/2024\/10\/WhatsApp-Image-2024-08-13-at-08.45.22-150x150.jpeg",150,150,true],"medium":["https:\/\/www.koncevisiontv.cl\/web\/wp-content\/uploads\/2024\/10\/WhatsApp-Image-2024-08-13-at-08.45.22-300x157.jpeg",300,157,true],"medium_large":["https:\/\/www.koncevisiontv.cl\/web\/wp-content\/uploads\/2024\/10\/WhatsApp-Image-2024-08-13-at-08.45.22-768x402.jpeg",640,335,true],"large":["https:\/\/www.koncevisiontv.cl\/web\/wp-content\/uploads\/2024\/10\/WhatsApp-Image-2024-08-13-at-08.45.22.jpeg",640,335,false],"1536x1536":["https:\/\/www.koncevisiontv.cl\/web\/wp-content\/uploads\/2024\/10\/WhatsApp-Image-2024-08-13-at-08.45.22.jpeg",960,502,false],"2048x2048":["https:\/\/www.koncevisiontv.cl\/web\/wp-content\/uploads\/2024\/10\/WhatsApp-Image-2024-08-13-at-08.45.22.jpeg",960,502,false],"darknews-featured":["https:\/\/www.koncevisiontv.cl\/web\/wp-content\/uploads\/2024\/10\/WhatsApp-Image-2024-08-13-at-08.45.22.jpeg",960,502,false],"darknews-large":["https:\/\/www.koncevisiontv.cl\/web\/wp-content\/uploads\/2024\/10\/WhatsApp-Image-2024-08-13-at-08.45.22-825x502.jpeg",825,502,true],"darknews-medium":["https:\/\/www.koncevisiontv.cl\/web\/wp-content\/uploads\/2024\/10\/WhatsApp-Image-2024-08-13-at-08.45.22-590x410.jpeg",590,410,true]},"author_info":{"info":["Web-Master"]},"category_info":"<a href=\"https:\/\/www.koncevisiontv.cl\/web\/category\/nacional\/\" rel=\"category tag\">Nacional<\/a>","tag_info":"Nacional","comment_count":"0","uagb_featured_image_src":{"full":["https:\/\/www.koncevisiontv.cl\/web\/wp-content\/uploads\/2024\/10\/WhatsApp-Image-2024-08-13-at-08.45.22.jpeg",960,502,false],"thumbnail":["https:\/\/www.koncevisiontv.cl\/web\/wp-content\/uploads\/2024\/10\/WhatsApp-Image-2024-08-13-at-08.45.22-150x150.jpeg",150,150,true],"medium":["https:\/\/www.koncevisiontv.cl\/web\/wp-content\/uploads\/2024\/10\/WhatsApp-Image-2024-08-13-at-08.45.22-300x157.jpeg",300,157,true],"medium_large":["https:\/\/www.koncevisiontv.cl\/web\/wp-content\/uploads\/2024\/10\/WhatsApp-Image-2024-08-13-at-08.45.22-768x402.jpeg",640,335,true],"large":["https:\/\/www.koncevisiontv.cl\/web\/wp-content\/uploads\/2024\/10\/WhatsApp-Image-2024-08-13-at-08.45.22.jpeg",640,335,false],"1536x1536":["https:\/\/www.koncevisiontv.cl\/web\/wp-content\/uploads\/2024\/10\/WhatsApp-Image-2024-08-13-at-08.45.22.jpeg",960,502,false],"2048x2048":["https:\/\/www.koncevisiontv.cl\/web\/wp-content\/uploads\/2024\/10\/WhatsApp-Image-2024-08-13-at-08.45.22.jpeg",960,502,false],"darknews-featured":["https:\/\/www.koncevisiontv.cl\/web\/wp-content\/uploads\/2024\/10\/WhatsApp-Image-2024-08-13-at-08.45.22.jpeg",960,502,false],"darknews-large":["https:\/\/www.koncevisiontv.cl\/web\/wp-content\/uploads\/2024\/10\/WhatsApp-Image-2024-08-13-at-08.45.22-825x502.jpeg",825,502,true],"darknews-medium":["https:\/\/www.koncevisiontv.cl\/web\/wp-content\/uploads\/2024\/10\/WhatsApp-Image-2024-08-13-at-08.45.22-590x410.jpeg",590,410,true]},"uagb_author_info":{"display_name":"Web-Master","author_link":"https:\/\/www.koncevisiontv.cl\/web\/author\/koncevision\/"},"uagb_comment_info":0,"uagb_excerpt":"La Corte Suprema decidi\u00f3 remover a la ministra \u00c1ngela Vivanco de su cargo, tras una investigaci\u00f3n que revel\u00f3","_links":{"self":[{"href":"https:\/\/www.koncevisiontv.cl\/web\/wp-json\/wp\/v2\/posts\/2627","targetHints":{"allow":["GET"]}}],"collection":[{"href":"https:\/\/www.koncevisiontv.cl\/web\/wp-json\/wp\/v2\/posts"}],"about":[{"href":"https:\/\/www.koncevisiontv.cl\/web\/wp-json\/wp\/v2\/types\/post"}],"author":[{"embeddable":true,"href":"https:\/\/www.koncevisiontv.cl\/web\/wp-json\/wp\/v2\/users\/5"}],"replies":[{"embeddable":true,"href":"https:\/\/www.koncevisiontv.cl\/web\/wp-json\/wp\/v2\/comments?post=2627"}],"version-history":[{"count":2,"href":"https:\/\/www.koncevisiontv.cl\/web\/wp-json\/wp\/v2\/posts\/2627\/revisions"}],"predecessor-version":[{"id":2629,"href":"https:\/\/www.koncevisiontv.cl\/web\/wp-json\/wp\/v2\/posts\/2627\/revisions\/2629"}],"wp:featuredmedia":[{"embeddable":true,"href":"https:\/\/www.koncevisiontv.cl\/web\/wp-json\/wp\/v2\/media\/2322"}],"wp:attachment":[{"href":"https:\/\/www.koncevisiontv.cl\/web\/wp-json\/wp\/v2\/media?parent=2627"}],"wp:term":[{"taxonomy":"category","embeddable":true,"href":"https:\/\/www.koncevisiontv.cl\/web\/wp-json\/wp\/v2\/categories?post=2627"},{"taxonomy":"post_tag","embeddable":true,"href":"https:\/\/www.koncevisiontv.cl\/web\/wp-json\/wp\/v2\/tags?post=2627"}],"curies":[{"name":"wp","href":"https:\/\/api.w.org\/{rel}","templated":true}]}}