{"id":2632,"date":"2024-10-11T09:22:53","date_gmt":"2024-10-11T12:22:53","guid":{"rendered":"https:\/\/www.koncevisiontv.cl\/web\/?p=2632"},"modified":"2024-10-11T09:22:54","modified_gmt":"2024-10-11T12:22:54","slug":"carolina-toha-alerta-sobre-recrudecimiento-de-la-crisis-de-seguridad","status":"publish","type":"post","link":"https:\/\/www.koncevisiontv.cl\/web\/carolina-toha-alerta-sobre-recrudecimiento-de-la-crisis-de-seguridad\/","title":{"rendered":"Carolina Toh\u00e1 alerta sobre recrudecimiento de la crisis de seguridad por enfrentamientos entre bandas y aumento de delitos"},"content":{"rendered":"\n<div class=\"wp-block-uagb-image uagb-block-ed56b24b wp-block-uagb-image--layout-default wp-block-uagb-image--effect-static wp-block-uagb-image--align-none\"><figure class=\"wp-block-uagb-image__figure\"><img decoding=\"async\" srcset=\"https:\/\/www.koncevisiontv.cl\/web\/wp-content\/uploads\/2024\/09\/SHUZELABZNATROIS4G2RLUKZV4.avif ,https:\/\/www.koncevisiontv.cl\/web\/wp-content\/uploads\/2024\/09\/SHUZELABZNATROIS4G2RLUKZV4.avif 780w, https:\/\/www.koncevisiontv.cl\/web\/wp-content\/uploads\/2024\/09\/SHUZELABZNATROIS4G2RLUKZV4.avif 360w\" sizes=\"auto, (max-width: 480px) 150px\" src=\"https:\/\/www.koncevisiontv.cl\/web\/wp-content\/uploads\/2024\/09\/SHUZELABZNATROIS4G2RLUKZV4.avif\" alt=\"Carolina Toh\u00e1\" class=\"uag-image-2274\" width=\"828\" height=\"552\" title=\"Crisis de Seguridad\" loading=\"lazy\" role=\"img\"\/><figcaption class=\"uagb-image-caption\">La ministra del Interior, Carolina Toh\u00e1, advierte sobre el recrudecimiento de la crisis de seguridad en la Regi\u00f3n Metropolitana debido a enfrentamientos entre bandas chilenas y el resurgimiento de delitos como asaltos a cajeros autom\u00e1ticos.<\/figcaption><\/figure><\/div>\n\n\n\n<p class=\"wp-block-paragraph\"><\/p>\n\n\n\n<p class=\"wp-block-paragraph\">La ministra del Interior, <strong>Carolina Toh\u00e1<\/strong>, se refiri\u00f3 a la <strong>crisis de seguridad<\/strong> que afecta a la <strong>Regi\u00f3n Metropolitana<\/strong>, advirtiendo sobre el aumento de la violencia en los \u00faltimos meses debido a enfrentamientos entre bandas criminales chilenas y la reaparici\u00f3n de delitos que se cre\u00edan controlados. Toh\u00e1 explic\u00f3 que estos conflictos han generado una preocupante alza en el n\u00famero de homicidios y actos de violencia. Afirm\u00f3 que la situaci\u00f3n se ha vuelto cr\u00edtica, destacando que los esfuerzos del Gobierno por frenar la criminalidad deben ser reforzados.<\/p>\n\n\n\n<p class=\"wp-block-paragraph\">Toh\u00e1 describi\u00f3 una &#8220;din\u00e1mica muy intensa&#8221; entre estas bandas, la cual ha generado varios muertos en la regi\u00f3n. Adem\u00e1s, alert\u00f3 sobre la reaparici\u00f3n de delitos como los <strong>asaltos a cajeros autom\u00e1ticos<\/strong>, que hab\u00edan disminuido en los \u00faltimos a\u00f1os, pero que han resurgido &#8220;con mucha fuerza&#8221; durante el \u00faltimo mes. El retorno de este tipo de cr\u00edmenes es una se\u00f1al de alerta que el Gobierno y las fuerzas de seguridad est\u00e1n abordando de manera urgente.<\/p>\n\n\n\n<h3 class=\"wp-block-heading\"><strong>Estrategias y mejoras en seguridad p\u00fablica<\/strong><\/h3>\n\n\n\n<p class=\"wp-block-paragraph\">La ministra destac\u00f3 que, si bien algunas regiones han mostrado mejoras en cuanto a la violencia, la Regi\u00f3n Metropolitana sigue presentando serios desaf\u00edos. Asegur\u00f3 que el pr\u00f3ximo a\u00f1o se ver\u00e1n avances en el fortalecimiento de las dotaciones policiales, y reiter\u00f3 la importancia de dotar a las <strong>polic\u00edas<\/strong> de mejores recursos y condiciones para enfrentar la crisis.<\/p>\n\n\n\n<p class=\"wp-block-paragraph\">Asimismo, Toh\u00e1 critic\u00f3 el desgaste causado por la fallida <strong>acusaci\u00f3n constitucional<\/strong> en su contra, se\u00f1alando que ese tiempo y energ\u00eda podr\u00eda haberse utilizado de manera m\u00e1s efectiva en atender las urgencias de seguridad p\u00fablica. Aunque reconoci\u00f3 que el panorama es grave, subray\u00f3 que su enfoque sigue siendo el de mejorar y complementar las medidas existentes para frenar el avance de la delincuencia.<\/p>\n\n\n\n<p class=\"wp-block-paragraph\"><\/p>\n","protected":false},"excerpt":{"rendered":"<p>La ministra del Interior, Carolina Toh\u00e1, se refiri\u00f3 a la crisis de seguridad que afecta a la Regi\u00f3n<\/p>\n","protected":false},"author":5,"featured_media":2274,"comment_status":"open","ping_status":"open","sticky":false,"template":"","format":"standard","meta":{"_crdt_document":"","_uag_custom_page_level_css":"","_sitemap_exclude":false,"_sitemap_priority":"","_sitemap_frequency":"","_joinchat":[],"footnotes":""},"categories":[14,409],"tags":[],"class_list":["post-2632","post","type-post","status-publish","format-standard","has-post-thumbnail","hentry","category-nacional","category-ultimo-minuto"],"featured_image_urls":{"full":["https:\/\/www.koncevisiontv.cl\/web\/wp-content\/uploads\/2024\/09\/SHUZELABZNATROIS4G2RLUKZV4.avif",828,552,false],"thumbnail":["https:\/\/www.koncevisiontv.cl\/web\/wp-content\/uploads\/2024\/09\/SHUZELABZNATROIS4G2RLUKZV4-150x150.avif",150,150,true],"medium":["https:\/\/www.koncevisiontv.cl\/web\/wp-content\/uploads\/2024\/09\/SHUZELABZNATROIS4G2RLUKZV4-300x200.avif",300,200,true],"medium_large":["https:\/\/www.koncevisiontv.cl\/web\/wp-content\/uploads\/2024\/09\/SHUZELABZNATROIS4G2RLUKZV4-768x512.avif",640,427,true],"large":["https:\/\/www.koncevisiontv.cl\/web\/wp-content\/uploads\/2024\/09\/SHUZELABZNATROIS4G2RLUKZV4.avif",640,427,false],"1536x1536":["https:\/\/www.koncevisiontv.cl\/web\/wp-content\/uploads\/2024\/09\/SHUZELABZNATROIS4G2RLUKZV4.avif",828,552,false],"2048x2048":["https:\/\/www.koncevisiontv.cl\/web\/wp-content\/uploads\/2024\/09\/SHUZELABZNATROIS4G2RLUKZV4.avif",828,552,false],"darknews-featured":["https:\/\/www.koncevisiontv.cl\/web\/wp-content\/uploads\/2024\/09\/SHUZELABZNATROIS4G2RLUKZV4.avif",828,552,false],"darknews-large":["https:\/\/www.koncevisiontv.cl\/web\/wp-content\/uploads\/2024\/09\/SHUZELABZNATROIS4G2RLUKZV4-825x552.avif",825,552,true],"darknews-medium":["https:\/\/www.koncevisiontv.cl\/web\/wp-content\/uploads\/2024\/09\/SHUZELABZNATROIS4G2RLUKZV4-590x410.avif",590,410,true]},"author_info":{"info":["Web-Master"]},"category_info":"<a href=\"https:\/\/www.koncevisiontv.cl\/web\/category\/nacional\/\" rel=\"category tag\">Nacional<\/a> <a href=\"https:\/\/www.koncevisiontv.cl\/web\/category\/ultimo-minuto\/\" rel=\"category tag\">Ultimo MInuto<\/a>","tag_info":"Ultimo MInuto","comment_count":"0","uagb_featured_image_src":{"full":["https:\/\/www.koncevisiontv.cl\/web\/wp-content\/uploads\/2024\/09\/SHUZELABZNATROIS4G2RLUKZV4.avif",828,552,false],"thumbnail":["https:\/\/www.koncevisiontv.cl\/web\/wp-content\/uploads\/2024\/09\/SHUZELABZNATROIS4G2RLUKZV4-150x150.avif",150,150,true],"medium":["https:\/\/www.koncevisiontv.cl\/web\/wp-content\/uploads\/2024\/09\/SHUZELABZNATROIS4G2RLUKZV4-300x200.avif",300,200,true],"medium_large":["https:\/\/www.koncevisiontv.cl\/web\/wp-content\/uploads\/2024\/09\/SHUZELABZNATROIS4G2RLUKZV4-768x512.avif",640,427,true],"large":["https:\/\/www.koncevisiontv.cl\/web\/wp-content\/uploads\/2024\/09\/SHUZELABZNATROIS4G2RLUKZV4.avif",640,427,false],"1536x1536":["https:\/\/www.koncevisiontv.cl\/web\/wp-content\/uploads\/2024\/09\/SHUZELABZNATROIS4G2RLUKZV4.avif",828,552,false],"2048x2048":["https:\/\/www.koncevisiontv.cl\/web\/wp-content\/uploads\/2024\/09\/SHUZELABZNATROIS4G2RLUKZV4.avif",828,552,false],"darknews-featured":["https:\/\/www.koncevisiontv.cl\/web\/wp-content\/uploads\/2024\/09\/SHUZELABZNATROIS4G2RLUKZV4.avif",828,552,false],"darknews-large":["https:\/\/www.koncevisiontv.cl\/web\/wp-content\/uploads\/2024\/09\/SHUZELABZNATROIS4G2RLUKZV4-825x552.avif",825,552,true],"darknews-medium":["https:\/\/www.koncevisiontv.cl\/web\/wp-content\/uploads\/2024\/09\/SHUZELABZNATROIS4G2RLUKZV4-590x410.avif",590,410,true]},"uagb_author_info":{"display_name":"Web-Master","author_link":"https:\/\/www.koncevisiontv.cl\/web\/author\/koncevision\/"},"uagb_comment_info":0,"uagb_excerpt":"La ministra del Interior, Carolina Toh\u00e1, se refiri\u00f3 a la crisis de seguridad que afecta a la Regi\u00f3n","_links":{"self":[{"href":"https:\/\/www.koncevisiontv.cl\/web\/wp-json\/wp\/v2\/posts\/2632","targetHints":{"allow":["GET"]}}],"collection":[{"href":"https:\/\/www.koncevisiontv.cl\/web\/wp-json\/wp\/v2\/posts"}],"about":[{"href":"https:\/\/www.koncevisiontv.cl\/web\/wp-json\/wp\/v2\/types\/post"}],"author":[{"embeddable":true,"href":"https:\/\/www.koncevisiontv.cl\/web\/wp-json\/wp\/v2\/users\/5"}],"replies":[{"embeddable":true,"href":"https:\/\/www.koncevisiontv.cl\/web\/wp-json\/wp\/v2\/comments?post=2632"}],"version-history":[{"count":2,"href":"https:\/\/www.koncevisiontv.cl\/web\/wp-json\/wp\/v2\/posts\/2632\/revisions"}],"predecessor-version":[{"id":2634,"href":"https:\/\/www.koncevisiontv.cl\/web\/wp-json\/wp\/v2\/posts\/2632\/revisions\/2634"}],"wp:featuredmedia":[{"embeddable":true,"href":"https:\/\/www.koncevisiontv.cl\/web\/wp-json\/wp\/v2\/media\/2274"}],"wp:attachment":[{"href":"https:\/\/www.koncevisiontv.cl\/web\/wp-json\/wp\/v2\/media?parent=2632"}],"wp:term":[{"taxonomy":"category","embeddable":true,"href":"https:\/\/www.koncevisiontv.cl\/web\/wp-json\/wp\/v2\/categories?post=2632"},{"taxonomy":"post_tag","embeddable":true,"href":"https:\/\/www.koncevisiontv.cl\/web\/wp-json\/wp\/v2\/tags?post=2632"}],"curies":[{"name":"wp","href":"https:\/\/api.w.org\/{rel}","templated":true}]}}