{"id":2635,"date":"2024-10-11T13:28:08","date_gmt":"2024-10-11T16:28:08","guid":{"rendered":"https:\/\/www.koncevisiontv.cl\/web\/?p=2635"},"modified":"2024-10-11T13:28:09","modified_gmt":"2024-10-11T16:28:09","slug":"eduardo-frei-apoya-a-max-luksic-como-candidato-a-alcalde-de-huechuraba","status":"publish","type":"post","link":"https:\/\/www.koncevisiontv.cl\/web\/eduardo-frei-apoya-a-max-luksic-como-candidato-a-alcalde-de-huechuraba\/","title":{"rendered":"Eduardo Frei apoya a Max Luksic como candidato a alcalde de Huechuraba"},"content":{"rendered":"\n<div class=\"wp-block-uagb-image uagb-block-b4bac525 wp-block-uagb-image--layout-default wp-block-uagb-image--effect-static wp-block-uagb-image--align-none\"><figure class=\"wp-block-uagb-image__figure\"><img decoding=\"async\" srcset=\"https:\/\/www.koncevisiontv.cl\/web\/wp-content\/uploads\/2024\/10\/MaxLuksic2-1-1024x682.webp ,https:\/\/www.koncevisiontv.cl\/web\/wp-content\/uploads\/2024\/10\/MaxLuksic2-1.webp 780w, https:\/\/www.koncevisiontv.cl\/web\/wp-content\/uploads\/2024\/10\/MaxLuksic2-1.webp 360w\" sizes=\"auto, (max-width: 480px) 150px\" src=\"https:\/\/www.koncevisiontv.cl\/web\/wp-content\/uploads\/2024\/10\/MaxLuksic2-1-1024x682.webp\" alt=\"Eduardo Frei apoya a Max Luksic en su candidatura a alcalde de Huechuraba\" class=\"uag-image-2637\" width=\"1024\" height=\"682\" title=\"MaxLuksic2 (1)\" loading=\"lazy\" role=\"img\"\/><figcaption class=\"uagb-image-caption\">Eduardo Frei apoya a Max Luksic en su candidatura a alcalde de Huechuraba<\/figcaption><\/figure><\/div>\n\n\n\n<p class=\"wp-block-paragraph\"><\/p>\n\n\n\n<p class=\"wp-block-paragraph\">El expresidente <strong>Eduardo Frei<\/strong> ha dado su apoyo p\u00fablico a <strong>Max Luksic<\/strong>, quien se presenta como <strong>candidato independiente<\/strong> por <strong>Chile Vamos<\/strong> a la alcald\u00eda de <strong>Huechuraba<\/strong>. En una reuni\u00f3n reciente, Frei elogi\u00f3 a Luksic, se\u00f1al\u00e1ndolo como el mejor candidato para la comuna. Este respaldo genera un contraste con las posiciones de su partido, la <strong>Democracia Cristiana<\/strong>, que en estas elecciones se ha alineado con el oficialismo.<\/p>\n\n\n\n<h3 class=\"wp-block-heading\"><strong>Declaraciones de Frei y enfoque de Luksic<\/strong><\/h3>\n\n\n\n<p class=\"wp-block-paragraph\">Durante el encuentro, Frei destac\u00f3 la capacidad de Luksic para liderar la comuna, se\u00f1alando que es alguien comprometido con el bienestar de la comunidad. Este apoyo no solo destaca la relevancia del candidato, sino que tambi\u00e9n pone de relieve las divisiones en la Democracia Cristiana, dado que Frei ha mostrado su independencia en decisiones pol\u00edticas anteriores.<\/p>\n\n\n\n<p class=\"wp-block-paragraph\">Luksic, exdirector de <strong>Canal 13<\/strong>, se presenta como una figura de <strong>renovaci\u00f3n<\/strong> para Huechuraba, buscando liderar la comuna con una propuesta enfocada en el <strong>desarrollo local<\/strong> y la <strong>transparencia<\/strong> en la administraci\u00f3n p\u00fablica. Su postulaci\u00f3n ha generado inter\u00e9s debido a su rol empresarial y ahora pol\u00edtico, lo que ha llevado a varios sectores a fijar su atenci\u00f3n en su candidatura.<\/p>\n\n\n\n<h3 class=\"wp-block-heading\"><strong>Impacto pol\u00edtico y proyecciones<\/strong><\/h3>\n\n\n\n<p class=\"wp-block-paragraph\">Este respaldo podr\u00eda ser un impulso clave para la candidatura de Luksic, quien enfrenta un escenario electoral competitivo. Por otro lado, la posici\u00f3n de Frei contrasta con las decisiones pol\u00edticas de su partido, lo que resalta la autonom\u00eda con la que el expresidente ha manejado su apoyo en las \u00faltimas contiendas electorales.<\/p>\n\n\n\n<p class=\"wp-block-paragraph\"><\/p>\n","protected":false},"excerpt":{"rendered":"<p>El expresidente Eduardo Frei ha dado su apoyo p\u00fablico a Max Luksic, quien se presenta como candidato independiente<\/p>\n","protected":false},"author":5,"featured_media":2637,"comment_status":"open","ping_status":"open","sticky":false,"template":"","format":"standard","meta":{"_crdt_document":"","_uag_custom_page_level_css":"","_sitemap_exclude":false,"_sitemap_priority":"","_sitemap_frequency":"","_joinchat":[],"footnotes":""},"categories":[14],"tags":[],"class_list":["post-2635","post","type-post","status-publish","format-standard","has-post-thumbnail","hentry","category-nacional"],"featured_image_urls":{"full":["https:\/\/www.koncevisiontv.cl\/web\/wp-content\/uploads\/2024\/10\/MaxLuksic2-1.webp",1600,1066,false],"thumbnail":["https:\/\/www.koncevisiontv.cl\/web\/wp-content\/uploads\/2024\/10\/MaxLuksic2-1-150x150.webp",150,150,true],"medium":["https:\/\/www.koncevisiontv.cl\/web\/wp-content\/uploads\/2024\/10\/MaxLuksic2-1-300x200.webp",300,200,true],"medium_large":["https:\/\/www.koncevisiontv.cl\/web\/wp-content\/uploads\/2024\/10\/MaxLuksic2-1-768x512.webp",640,427,true],"large":["https:\/\/www.koncevisiontv.cl\/web\/wp-content\/uploads\/2024\/10\/MaxLuksic2-1-1024x682.webp",640,426,true],"1536x1536":["https:\/\/www.koncevisiontv.cl\/web\/wp-content\/uploads\/2024\/10\/MaxLuksic2-1-1536x1023.webp",1536,1023,true],"2048x2048":["https:\/\/www.koncevisiontv.cl\/web\/wp-content\/uploads\/2024\/10\/MaxLuksic2-1.webp",1600,1066,false],"darknews-featured":["https:\/\/www.koncevisiontv.cl\/web\/wp-content\/uploads\/2024\/10\/MaxLuksic2-1-1024x682.webp",1024,682,true],"darknews-large":["https:\/\/www.koncevisiontv.cl\/web\/wp-content\/uploads\/2024\/10\/MaxLuksic2-1-825x575.webp",825,575,true],"darknews-medium":["https:\/\/www.koncevisiontv.cl\/web\/wp-content\/uploads\/2024\/10\/MaxLuksic2-1-590x410.webp",590,410,true]},"author_info":{"info":["Web-Master"]},"category_info":"<a href=\"https:\/\/www.koncevisiontv.cl\/web\/category\/nacional\/\" rel=\"category tag\">Nacional<\/a>","tag_info":"Nacional","comment_count":"0","uagb_featured_image_src":{"full":["https:\/\/www.koncevisiontv.cl\/web\/wp-content\/uploads\/2024\/10\/MaxLuksic2-1.webp",1600,1066,false],"thumbnail":["https:\/\/www.koncevisiontv.cl\/web\/wp-content\/uploads\/2024\/10\/MaxLuksic2-1-150x150.webp",150,150,true],"medium":["https:\/\/www.koncevisiontv.cl\/web\/wp-content\/uploads\/2024\/10\/MaxLuksic2-1-300x200.webp",300,200,true],"medium_large":["https:\/\/www.koncevisiontv.cl\/web\/wp-content\/uploads\/2024\/10\/MaxLuksic2-1-768x512.webp",640,427,true],"large":["https:\/\/www.koncevisiontv.cl\/web\/wp-content\/uploads\/2024\/10\/MaxLuksic2-1-1024x682.webp",640,426,true],"1536x1536":["https:\/\/www.koncevisiontv.cl\/web\/wp-content\/uploads\/2024\/10\/MaxLuksic2-1-1536x1023.webp",1536,1023,true],"2048x2048":["https:\/\/www.koncevisiontv.cl\/web\/wp-content\/uploads\/2024\/10\/MaxLuksic2-1.webp",1600,1066,false],"darknews-featured":["https:\/\/www.koncevisiontv.cl\/web\/wp-content\/uploads\/2024\/10\/MaxLuksic2-1-1024x682.webp",1024,682,true],"darknews-large":["https:\/\/www.koncevisiontv.cl\/web\/wp-content\/uploads\/2024\/10\/MaxLuksic2-1-825x575.webp",825,575,true],"darknews-medium":["https:\/\/www.koncevisiontv.cl\/web\/wp-content\/uploads\/2024\/10\/MaxLuksic2-1-590x410.webp",590,410,true]},"uagb_author_info":{"display_name":"Web-Master","author_link":"https:\/\/www.koncevisiontv.cl\/web\/author\/koncevision\/"},"uagb_comment_info":0,"uagb_excerpt":"El expresidente Eduardo Frei ha dado su apoyo p\u00fablico a Max Luksic, quien se presenta como candidato independiente","_links":{"self":[{"href":"https:\/\/www.koncevisiontv.cl\/web\/wp-json\/wp\/v2\/posts\/2635","targetHints":{"allow":["GET"]}}],"collection":[{"href":"https:\/\/www.koncevisiontv.cl\/web\/wp-json\/wp\/v2\/posts"}],"about":[{"href":"https:\/\/www.koncevisiontv.cl\/web\/wp-json\/wp\/v2\/types\/post"}],"author":[{"embeddable":true,"href":"https:\/\/www.koncevisiontv.cl\/web\/wp-json\/wp\/v2\/users\/5"}],"replies":[{"embeddable":true,"href":"https:\/\/www.koncevisiontv.cl\/web\/wp-json\/wp\/v2\/comments?post=2635"}],"version-history":[{"count":2,"href":"https:\/\/www.koncevisiontv.cl\/web\/wp-json\/wp\/v2\/posts\/2635\/revisions"}],"predecessor-version":[{"id":2638,"href":"https:\/\/www.koncevisiontv.cl\/web\/wp-json\/wp\/v2\/posts\/2635\/revisions\/2638"}],"wp:featuredmedia":[{"embeddable":true,"href":"https:\/\/www.koncevisiontv.cl\/web\/wp-json\/wp\/v2\/media\/2637"}],"wp:attachment":[{"href":"https:\/\/www.koncevisiontv.cl\/web\/wp-json\/wp\/v2\/media?parent=2635"}],"wp:term":[{"taxonomy":"category","embeddable":true,"href":"https:\/\/www.koncevisiontv.cl\/web\/wp-json\/wp\/v2\/categories?post=2635"},{"taxonomy":"post_tag","embeddable":true,"href":"https:\/\/www.koncevisiontv.cl\/web\/wp-json\/wp\/v2\/tags?post=2635"}],"curies":[{"name":"wp","href":"https:\/\/api.w.org\/{rel}","templated":true}]}}