{"id":2639,"date":"2024-10-11T13:52:25","date_gmt":"2024-10-11T16:52:25","guid":{"rendered":"https:\/\/www.koncevisiontv.cl\/web\/?p=2639"},"modified":"2024-10-11T13:52:27","modified_gmt":"2024-10-11T16:52:27","slug":"bachelet-critica-el-clima-politico-y-desgaste-del-proceso-constitucional-la-gente-quedo-un-poquito-podrida","status":"publish","type":"post","link":"https:\/\/www.koncevisiontv.cl\/web\/bachelet-critica-el-clima-politico-y-desgaste-del-proceso-constitucional-la-gente-quedo-un-poquito-podrida\/","title":{"rendered":"Bachelet critica el clima pol\u00edtico y desgaste del proceso constitucional: &#8220;La gente qued\u00f3 un poquito podrida&#8221;"},"content":{"rendered":"\n<div class=\"wp-block-uagb-image uagb-block-2b9ac8ad wp-block-uagb-image--layout-default wp-block-uagb-image--effect-static wp-block-uagb-image--align-none\"><figure class=\"wp-block-uagb-image__figure\"><img decoding=\"async\" srcset=\"https:\/\/www.koncevisiontv.cl\/web\/wp-content\/uploads\/2024\/10\/bachelette-1024x683.jpg ,https:\/\/www.koncevisiontv.cl\/web\/wp-content\/uploads\/2024\/10\/bachelette-scaled.jpg 780w, https:\/\/www.koncevisiontv.cl\/web\/wp-content\/uploads\/2024\/10\/bachelette-scaled.jpg 360w\" sizes=\"auto, (max-width: 480px) 150px\" src=\"https:\/\/www.koncevisiontv.cl\/web\/wp-content\/uploads\/2024\/10\/bachelette-1024x683.jpg\" alt=\"\" class=\"uag-image-2496\" width=\"1024\" height=\"683\" title=\"Michelle Bachelet hace su llegada a la Moneda para reunirse con el Presidente\" loading=\"lazy\" role=\"img\"><figcaption class=\"uagb-image-caption\">Michelle Bachelet lamenta el desgaste del proceso constitucional en Chile y afirma que no hay apetito por m\u00e1s reformas.<\/figcaption><\/figure><\/div>\n\n\n\n<p class=\"wp-block-paragraph\">La expresidenta <strong>Michelle Bachelet<\/strong> se refiri\u00f3 al actual <strong>clima pol\u00edtico<\/strong> de Chile, advirtiendo sobre el <strong>desgaste<\/strong> generado por los procesos constitucionales tras el <strong>18-O<\/strong>. Durante un seminario organizado por la <strong>Universidad del Desarrollo<\/strong>, Bachelet sostuvo que el pa\u00eds qued\u00f3 \u201caburrido\u201d y \u201cun poquito podrido\u201d con las dos rondas del proceso constitucional. Critic\u00f3 que se haya repetido lo mismo que en el primer ejercicio, aunque con otro color pol\u00edtico. &#8220;Se gener\u00f3 la idea de que una nueva Constituci\u00f3n lo resolver\u00eda todo, y sabemos que eso no es cierto&#8221;, afirm\u00f3.<\/p>\n\n\n\n<h3 class=\"wp-block-heading\"><strong>Reflexi\u00f3n sobre el 18-O y el actual contexto pol\u00edtico<\/strong><\/h3>\n\n\n\n<p class=\"wp-block-paragraph\">Bachelet analiz\u00f3 las causas del <strong>estallido social<\/strong> y reconoci\u00f3 que muchos de los temas que provocaron la revuelta, como la <strong>desigualdad<\/strong> y el malestar con la democracia, no se han resuelto completamente. Se\u00f1al\u00f3 que hay un evidente cansancio en la ciudadan\u00eda respecto al proceso constitucional y advirti\u00f3 que, si bien en el futuro podr\u00eda haber un nuevo impulso para cambios, por ahora no hay apetito ni tiempo para seguir con este debate. Reiter\u00f3 que algunas decisiones durante el manejo del 18-O no fueron las m\u00e1s adecuadas.<\/p>\n\n\n\n<p class=\"wp-block-paragraph\">Estas declaraciones se suman a su cr\u00edtica previa sobre la <strong>&#8220;toxicidad&#8221;<\/strong> del ambiente pol\u00edtico en Chile, destacando que la pol\u00edtica actual debe enfocarse en mejorar las oportunidades para los j\u00f3venes y combatir la desigualdad a trav\u00e9s de la educaci\u00f3n.<\/p>\n","protected":false},"excerpt":{"rendered":"<p>La expresidenta Michelle Bachelet se refiri\u00f3 al actual clima pol\u00edtico de Chile, advirtiendo sobre el desgaste generado por<\/p>\n","protected":false},"author":5,"featured_media":2496,"comment_status":"open","ping_status":"open","sticky":false,"template":"","format":"standard","meta":{"_crdt_document":"","_uag_custom_page_level_css":"","_sitemap_exclude":false,"_sitemap_priority":"","_sitemap_frequency":"","_joinchat":[],"footnotes":""},"categories":[14],"tags":[],"class_list":["post-2639","post","type-post","status-publish","format-standard","has-post-thumbnail","hentry","category-nacional"],"featured_image_urls":{"full":["https:\/\/www.koncevisiontv.cl\/web\/wp-content\/uploads\/2024\/10\/bachelette-scaled.jpg",2560,1706,false],"thumbnail":["https:\/\/www.koncevisiontv.cl\/web\/wp-content\/uploads\/2024\/10\/bachelette-150x150.jpg",150,150,true],"medium":["https:\/\/www.koncevisiontv.cl\/web\/wp-content\/uploads\/2024\/10\/bachelette-300x200.jpg",300,200,true],"medium_large":["https:\/\/www.koncevisiontv.cl\/web\/wp-content\/uploads\/2024\/10\/bachelette-768x512.jpg",640,427,true],"large":["https:\/\/www.koncevisiontv.cl\/web\/wp-content\/uploads\/2024\/10\/bachelette-1024x683.jpg",640,427,true],"1536x1536":["https:\/\/www.koncevisiontv.cl\/web\/wp-content\/uploads\/2024\/10\/bachelette-1536x1024.jpg",1536,1024,true],"2048x2048":["https:\/\/www.koncevisiontv.cl\/web\/wp-content\/uploads\/2024\/10\/bachelette-2048x1365.jpg",2048,1365,true],"darknews-featured":["https:\/\/www.koncevisiontv.cl\/web\/wp-content\/uploads\/2024\/10\/bachelette-1024x683.jpg",1024,683,true],"darknews-large":["https:\/\/www.koncevisiontv.cl\/web\/wp-content\/uploads\/2024\/10\/bachelette-825x575.jpg",825,575,true],"darknews-medium":["https:\/\/www.koncevisiontv.cl\/web\/wp-content\/uploads\/2024\/10\/bachelette-590x410.jpg",590,410,true]},"author_info":{"info":["Web-Master"]},"category_info":"<a href=\"https:\/\/www.koncevisiontv.cl\/web\/category\/nacional\/\" rel=\"category tag\">Nacional<\/a>","tag_info":"Nacional","comment_count":"0","uagb_featured_image_src":{"full":["https:\/\/www.koncevisiontv.cl\/web\/wp-content\/uploads\/2024\/10\/bachelette-scaled.jpg",2560,1706,false],"thumbnail":["https:\/\/www.koncevisiontv.cl\/web\/wp-content\/uploads\/2024\/10\/bachelette-150x150.jpg",150,150,true],"medium":["https:\/\/www.koncevisiontv.cl\/web\/wp-content\/uploads\/2024\/10\/bachelette-300x200.jpg",300,200,true],"medium_large":["https:\/\/www.koncevisiontv.cl\/web\/wp-content\/uploads\/2024\/10\/bachelette-768x512.jpg",640,427,true],"large":["https:\/\/www.koncevisiontv.cl\/web\/wp-content\/uploads\/2024\/10\/bachelette-1024x683.jpg",640,427,true],"1536x1536":["https:\/\/www.koncevisiontv.cl\/web\/wp-content\/uploads\/2024\/10\/bachelette-1536x1024.jpg",1536,1024,true],"2048x2048":["https:\/\/www.koncevisiontv.cl\/web\/wp-content\/uploads\/2024\/10\/bachelette-2048x1365.jpg",2048,1365,true],"darknews-featured":["https:\/\/www.koncevisiontv.cl\/web\/wp-content\/uploads\/2024\/10\/bachelette-1024x683.jpg",1024,683,true],"darknews-large":["https:\/\/www.koncevisiontv.cl\/web\/wp-content\/uploads\/2024\/10\/bachelette-825x575.jpg",825,575,true],"darknews-medium":["https:\/\/www.koncevisiontv.cl\/web\/wp-content\/uploads\/2024\/10\/bachelette-590x410.jpg",590,410,true]},"uagb_author_info":{"display_name":"Web-Master","author_link":"https:\/\/www.koncevisiontv.cl\/web\/author\/koncevision\/"},"uagb_comment_info":0,"uagb_excerpt":"La expresidenta Michelle Bachelet se refiri\u00f3 al actual clima pol\u00edtico de Chile, advirtiendo sobre el desgaste generado por","_links":{"self":[{"href":"https:\/\/www.koncevisiontv.cl\/web\/wp-json\/wp\/v2\/posts\/2639","targetHints":{"allow":["GET"]}}],"collection":[{"href":"https:\/\/www.koncevisiontv.cl\/web\/wp-json\/wp\/v2\/posts"}],"about":[{"href":"https:\/\/www.koncevisiontv.cl\/web\/wp-json\/wp\/v2\/types\/post"}],"author":[{"embeddable":true,"href":"https:\/\/www.koncevisiontv.cl\/web\/wp-json\/wp\/v2\/users\/5"}],"replies":[{"embeddable":true,"href":"https:\/\/www.koncevisiontv.cl\/web\/wp-json\/wp\/v2\/comments?post=2639"}],"version-history":[{"count":2,"href":"https:\/\/www.koncevisiontv.cl\/web\/wp-json\/wp\/v2\/posts\/2639\/revisions"}],"predecessor-version":[{"id":2641,"href":"https:\/\/www.koncevisiontv.cl\/web\/wp-json\/wp\/v2\/posts\/2639\/revisions\/2641"}],"wp:featuredmedia":[{"embeddable":true,"href":"https:\/\/www.koncevisiontv.cl\/web\/wp-json\/wp\/v2\/media\/2496"}],"wp:attachment":[{"href":"https:\/\/www.koncevisiontv.cl\/web\/wp-json\/wp\/v2\/media?parent=2639"}],"wp:term":[{"taxonomy":"category","embeddable":true,"href":"https:\/\/www.koncevisiontv.cl\/web\/wp-json\/wp\/v2\/categories?post=2639"},{"taxonomy":"post_tag","embeddable":true,"href":"https:\/\/www.koncevisiontv.cl\/web\/wp-json\/wp\/v2\/tags?post=2639"}],"curies":[{"name":"wp","href":"https:\/\/api.w.org\/{rel}","templated":true}]}}