{"id":2643,"date":"2024-10-11T15:04:16","date_gmt":"2024-10-11T18:04:16","guid":{"rendered":"https:\/\/www.koncevisiontv.cl\/web\/?p=2643"},"modified":"2024-10-11T15:05:40","modified_gmt":"2024-10-11T18:05:40","slug":"sueldo-minimo-en-chile-reajuste-en-enero-2025-segun-el-ipc","status":"publish","type":"post","link":"https:\/\/www.koncevisiontv.cl\/web\/sueldo-minimo-en-chile-reajuste-en-enero-2025-segun-el-ipc\/","title":{"rendered":"Sueldo m\u00ednimo en Chile: Reajuste en enero 2025 seg\u00fan el IPC"},"content":{"rendered":"\n<div class=\"wp-block-uagb-image uagb-block-c6f340e6 wp-block-uagb-image--layout-default wp-block-uagb-image--effect-static wp-block-uagb-image--align-none\"><figure class=\"wp-block-uagb-image__figure\"><img decoding=\"async\" srcset=\"https:\/\/www.koncevisiontv.cl\/web\/wp-content\/uploads\/2024\/10\/sueldos-1024x605.png ,https:\/\/www.koncevisiontv.cl\/web\/wp-content\/uploads\/2024\/10\/sueldos.png 780w, https:\/\/www.koncevisiontv.cl\/web\/wp-content\/uploads\/2024\/10\/sueldos.png 360w\" sizes=\"auto, (max-width: 480px) 150px\" src=\"https:\/\/www.koncevisiontv.cl\/web\/wp-content\/uploads\/2024\/10\/sueldos-1024x605.png\" alt=\"Billetes Chilenos Sueldo Minimo\" class=\"uag-image-2644\" width=\"1024\" height=\"605\" title=\"sueldos\" loading=\"lazy\" role=\"img\"\/><figcaption class=\"uagb-image-caption\"><strong>Sueldo m\u00ednimo en Chile: Reajuste en enero 2025 seg\u00fan el IPC<\/strong><\/figcaption><\/figure><\/div>\n\n\n\n<p class=\"wp-block-paragraph\"><\/p>\n\n\n\n<p class=\"wp-block-paragraph\">A partir del <strong>1 de enero de 2025<\/strong>, el <strong>sueldo m\u00ednimo en Chile<\/strong> se reajustar\u00e1 autom\u00e1ticamente conforme a la variaci\u00f3n del <strong>\u00cdndice de Precios al Consumidor (IPC)<\/strong> acumulada entre julio y diciembre de 2024. Actualmente, el salario m\u00ednimo para trabajadores de entre 18 y 65 a\u00f1os est\u00e1 en <strong>$500.000<\/strong>, seg\u00fan lo establecido por la <strong>Ley 21.578<\/strong>. Este reajuste aplicar\u00e1 tambi\u00e9n a los salarios de trabajadores menores de 18 a\u00f1os y mayores de 65, quienes tienen ingresos m\u00ednimos de <strong>$372.989<\/strong>.<\/p>\n\n\n\n<p class=\"wp-block-paragraph\">El <strong>Instituto Nacional de Estad\u00edsticas (INE)<\/strong> ser\u00e1 el encargado de determinar el porcentaje exacto del aumento, basado en los datos de inflaci\u00f3n que se informar\u00e1n a fines de 2024. Adem\u00e1s, la ley establece un ingreso m\u00ednimo para fines no remuneracionales de <strong>$322.295<\/strong>.<\/p>\n\n\n\n<h3 class=\"wp-block-heading\"><strong>Impacto del reajuste en el bolsillo de los trabajadores<\/strong><\/h3>\n\n\n\n<p class=\"wp-block-paragraph\">El ajuste del salario m\u00ednimo tiene como objetivo mantener el poder adquisitivo de los trabajadores frente a la <strong>inflaci\u00f3n<\/strong>. El aumento ser\u00e1 clave para muchos hogares que dependen del ingreso m\u00ednimo para cubrir sus necesidades b\u00e1sicas, especialmente en un contexto econ\u00f3mico marcado por la <strong>alta inflaci\u00f3n<\/strong> y el incremento en el costo de la vida. Los expertos esperan que el ajuste en 2025 sea significativo, considerando las proyecciones inflacionarias.<\/p>\n\n\n\n<p class=\"wp-block-paragraph\"><\/p>\n","protected":false},"excerpt":{"rendered":"<p>A partir del 1 de enero de 2025, el sueldo m\u00ednimo en Chile se reajustar\u00e1 autom\u00e1ticamente conforme a<\/p>\n","protected":false},"author":5,"featured_media":2644,"comment_status":"open","ping_status":"open","sticky":false,"template":"","format":"standard","meta":{"_crdt_document":"","_uag_custom_page_level_css":"","_sitemap_exclude":false,"_sitemap_priority":"","_sitemap_frequency":"","_joinchat":[],"footnotes":""},"categories":[14],"tags":[],"class_list":["post-2643","post","type-post","status-publish","format-standard","has-post-thumbnail","hentry","category-nacional"],"featured_image_urls":{"full":["https:\/\/www.koncevisiontv.cl\/web\/wp-content\/uploads\/2024\/10\/sueldos.png",1174,694,false],"thumbnail":["https:\/\/www.koncevisiontv.cl\/web\/wp-content\/uploads\/2024\/10\/sueldos-150x150.png",150,150,true],"medium":["https:\/\/www.koncevisiontv.cl\/web\/wp-content\/uploads\/2024\/10\/sueldos-300x177.png",300,177,true],"medium_large":["https:\/\/www.koncevisiontv.cl\/web\/wp-content\/uploads\/2024\/10\/sueldos-768x454.png",640,378,true],"large":["https:\/\/www.koncevisiontv.cl\/web\/wp-content\/uploads\/2024\/10\/sueldos-1024x605.png",640,378,true],"1536x1536":["https:\/\/www.koncevisiontv.cl\/web\/wp-content\/uploads\/2024\/10\/sueldos.png",1174,694,false],"2048x2048":["https:\/\/www.koncevisiontv.cl\/web\/wp-content\/uploads\/2024\/10\/sueldos.png",1174,694,false],"darknews-featured":["https:\/\/www.koncevisiontv.cl\/web\/wp-content\/uploads\/2024\/10\/sueldos-1024x605.png",1024,605,true],"darknews-large":["https:\/\/www.koncevisiontv.cl\/web\/wp-content\/uploads\/2024\/10\/sueldos-825x575.png",825,575,true],"darknews-medium":["https:\/\/www.koncevisiontv.cl\/web\/wp-content\/uploads\/2024\/10\/sueldos-590x410.png",590,410,true]},"author_info":{"info":["Web-Master"]},"category_info":"<a href=\"https:\/\/www.koncevisiontv.cl\/web\/category\/nacional\/\" rel=\"category tag\">Nacional<\/a>","tag_info":"Nacional","comment_count":"0","uagb_featured_image_src":{"full":["https:\/\/www.koncevisiontv.cl\/web\/wp-content\/uploads\/2024\/10\/sueldos.png",1174,694,false],"thumbnail":["https:\/\/www.koncevisiontv.cl\/web\/wp-content\/uploads\/2024\/10\/sueldos-150x150.png",150,150,true],"medium":["https:\/\/www.koncevisiontv.cl\/web\/wp-content\/uploads\/2024\/10\/sueldos-300x177.png",300,177,true],"medium_large":["https:\/\/www.koncevisiontv.cl\/web\/wp-content\/uploads\/2024\/10\/sueldos-768x454.png",640,378,true],"large":["https:\/\/www.koncevisiontv.cl\/web\/wp-content\/uploads\/2024\/10\/sueldos-1024x605.png",640,378,true],"1536x1536":["https:\/\/www.koncevisiontv.cl\/web\/wp-content\/uploads\/2024\/10\/sueldos.png",1174,694,false],"2048x2048":["https:\/\/www.koncevisiontv.cl\/web\/wp-content\/uploads\/2024\/10\/sueldos.png",1174,694,false],"darknews-featured":["https:\/\/www.koncevisiontv.cl\/web\/wp-content\/uploads\/2024\/10\/sueldos-1024x605.png",1024,605,true],"darknews-large":["https:\/\/www.koncevisiontv.cl\/web\/wp-content\/uploads\/2024\/10\/sueldos-825x575.png",825,575,true],"darknews-medium":["https:\/\/www.koncevisiontv.cl\/web\/wp-content\/uploads\/2024\/10\/sueldos-590x410.png",590,410,true]},"uagb_author_info":{"display_name":"Web-Master","author_link":"https:\/\/www.koncevisiontv.cl\/web\/author\/koncevision\/"},"uagb_comment_info":0,"uagb_excerpt":"A partir del 1 de enero de 2025, el sueldo m\u00ednimo en Chile se reajustar\u00e1 autom\u00e1ticamente conforme a","_links":{"self":[{"href":"https:\/\/www.koncevisiontv.cl\/web\/wp-json\/wp\/v2\/posts\/2643","targetHints":{"allow":["GET"]}}],"collection":[{"href":"https:\/\/www.koncevisiontv.cl\/web\/wp-json\/wp\/v2\/posts"}],"about":[{"href":"https:\/\/www.koncevisiontv.cl\/web\/wp-json\/wp\/v2\/types\/post"}],"author":[{"embeddable":true,"href":"https:\/\/www.koncevisiontv.cl\/web\/wp-json\/wp\/v2\/users\/5"}],"replies":[{"embeddable":true,"href":"https:\/\/www.koncevisiontv.cl\/web\/wp-json\/wp\/v2\/comments?post=2643"}],"version-history":[{"count":2,"href":"https:\/\/www.koncevisiontv.cl\/web\/wp-json\/wp\/v2\/posts\/2643\/revisions"}],"predecessor-version":[{"id":2646,"href":"https:\/\/www.koncevisiontv.cl\/web\/wp-json\/wp\/v2\/posts\/2643\/revisions\/2646"}],"wp:featuredmedia":[{"embeddable":true,"href":"https:\/\/www.koncevisiontv.cl\/web\/wp-json\/wp\/v2\/media\/2644"}],"wp:attachment":[{"href":"https:\/\/www.koncevisiontv.cl\/web\/wp-json\/wp\/v2\/media?parent=2643"}],"wp:term":[{"taxonomy":"category","embeddable":true,"href":"https:\/\/www.koncevisiontv.cl\/web\/wp-json\/wp\/v2\/categories?post=2643"},{"taxonomy":"post_tag","embeddable":true,"href":"https:\/\/www.koncevisiontv.cl\/web\/wp-json\/wp\/v2\/tags?post=2643"}],"curies":[{"name":"wp","href":"https:\/\/api.w.org\/{rel}","templated":true}]}}