{"id":2647,"date":"2024-10-12T11:34:17","date_gmt":"2024-10-12T14:34:17","guid":{"rendered":"https:\/\/www.koncevisiontv.cl\/web\/?p=2647"},"modified":"2024-10-12T11:34:18","modified_gmt":"2024-10-12T14:34:18","slug":"encuentran-cuerpo-en-laguna-grande-de-san-pedro-investigan-si-corresponde-a-odontologo-desaparecido","status":"publish","type":"post","link":"https:\/\/www.koncevisiontv.cl\/web\/encuentran-cuerpo-en-laguna-grande-de-san-pedro-investigan-si-corresponde-a-odontologo-desaparecido\/","title":{"rendered":"Encuentran cuerpo en Laguna Grande de San Pedro: investigan si corresponde a odont\u00f3logo desaparecido"},"content":{"rendered":"\n<div class=\"wp-block-uagb-image uagb-block-992bb533 wp-block-uagb-image--layout-default wp-block-uagb-image--effect-static wp-block-uagb-image--align-none\"><figure class=\"wp-block-uagb-image__figure\"><img decoding=\"async\" srcset=\"https:\/\/www.koncevisiontv.cl\/web\/wp-content\/uploads\/2024\/10\/WhatsApp-Image-2024-08-13-at-08.45.22.jpeg ,https:\/\/www.koncevisiontv.cl\/web\/wp-content\/uploads\/2024\/10\/WhatsApp-Image-2024-08-13-at-08.45.22.jpeg 780w, https:\/\/www.koncevisiontv.cl\/web\/wp-content\/uploads\/2024\/10\/WhatsApp-Image-2024-08-13-at-08.45.22.jpeg 360w\" sizes=\"auto, (max-width: 480px) 150px\" src=\"https:\/\/www.koncevisiontv.cl\/web\/wp-content\/uploads\/2024\/10\/WhatsApp-Image-2024-08-13-at-08.45.22.jpeg\" alt=\"\" class=\"uag-image-2322\" width=\"960\" height=\"502\" title=\"WhatsApp Image 2024-08-13 at 08.45.22\" loading=\"lazy\" role=\"img\"><\/figure><\/div>\n\n\n\n<p class=\"wp-block-paragraph\">Durante la ma\u00f1ana del s\u00e1bado, fue hallado un <strong>cuerpo<\/strong> sin vida en la <strong>Laguna Grande de San Pedro de la Paz<\/strong>, regi\u00f3n del Biob\u00edo. Las autoridades investigan si corresponde al <strong>odont\u00f3logo desaparecido<\/strong> desde el jueves. La b\u00fasqueda del profesional hab\u00eda movilizado a familiares, amigos y rescatistas en las \u00faltimas horas. Hasta el momento, no se ha confirmado la identidad del cuerpo, pero se est\u00e1n realizando las pericias forenses para determinar si se trata de la persona desaparecida.<\/p>\n\n\n\n<h3 class=\"wp-block-heading\"><strong>Investigaci\u00f3n en curso<\/strong><\/h3>\n\n\n\n<p class=\"wp-block-paragraph\">La polic\u00eda ha aislado el lugar y trabaja en conjunto con el <strong>Servicio M\u00e9dico Legal<\/strong> para establecer la identidad del fallecido. El caso ha generado gran preocupaci\u00f3n en la comunidad, que ha seguido de cerca la desaparici\u00f3n del odont\u00f3logo. Las autoridades a\u00fan no descartan ninguna hip\u00f3tesis y esperan que los resultados forenses aclaren la situaci\u00f3n.<\/p>\n","protected":false},"excerpt":{"rendered":"<p>Durante la ma\u00f1ana del s\u00e1bado, fue hallado un cuerpo sin vida en la Laguna Grande de San Pedro<\/p>\n","protected":false},"author":5,"featured_media":2322,"comment_status":"open","ping_status":"open","sticky":false,"template":"","format":"standard","meta":{"_crdt_document":"","_uag_custom_page_level_css":"","_sitemap_exclude":false,"_sitemap_priority":"","_sitemap_frequency":"","_joinchat":[],"footnotes":""},"categories":[14,409],"tags":[],"class_list":["post-2647","post","type-post","status-publish","format-standard","has-post-thumbnail","hentry","category-nacional","category-ultimo-minuto"],"featured_image_urls":{"full":["https:\/\/www.koncevisiontv.cl\/web\/wp-content\/uploads\/2024\/10\/WhatsApp-Image-2024-08-13-at-08.45.22.jpeg",960,502,false],"thumbnail":["https:\/\/www.koncevisiontv.cl\/web\/wp-content\/uploads\/2024\/10\/WhatsApp-Image-2024-08-13-at-08.45.22-150x150.jpeg",150,150,true],"medium":["https:\/\/www.koncevisiontv.cl\/web\/wp-content\/uploads\/2024\/10\/WhatsApp-Image-2024-08-13-at-08.45.22-300x157.jpeg",300,157,true],"medium_large":["https:\/\/www.koncevisiontv.cl\/web\/wp-content\/uploads\/2024\/10\/WhatsApp-Image-2024-08-13-at-08.45.22-768x402.jpeg",640,335,true],"large":["https:\/\/www.koncevisiontv.cl\/web\/wp-content\/uploads\/2024\/10\/WhatsApp-Image-2024-08-13-at-08.45.22.jpeg",640,335,false],"1536x1536":["https:\/\/www.koncevisiontv.cl\/web\/wp-content\/uploads\/2024\/10\/WhatsApp-Image-2024-08-13-at-08.45.22.jpeg",960,502,false],"2048x2048":["https:\/\/www.koncevisiontv.cl\/web\/wp-content\/uploads\/2024\/10\/WhatsApp-Image-2024-08-13-at-08.45.22.jpeg",960,502,false],"darknews-featured":["https:\/\/www.koncevisiontv.cl\/web\/wp-content\/uploads\/2024\/10\/WhatsApp-Image-2024-08-13-at-08.45.22.jpeg",960,502,false],"darknews-large":["https:\/\/www.koncevisiontv.cl\/web\/wp-content\/uploads\/2024\/10\/WhatsApp-Image-2024-08-13-at-08.45.22-825x502.jpeg",825,502,true],"darknews-medium":["https:\/\/www.koncevisiontv.cl\/web\/wp-content\/uploads\/2024\/10\/WhatsApp-Image-2024-08-13-at-08.45.22-590x410.jpeg",590,410,true]},"author_info":{"info":["Web-Master"]},"category_info":"<a href=\"https:\/\/www.koncevisiontv.cl\/web\/category\/nacional\/\" rel=\"category tag\">Nacional<\/a> <a href=\"https:\/\/www.koncevisiontv.cl\/web\/category\/ultimo-minuto\/\" rel=\"category tag\">Ultimo MInuto<\/a>","tag_info":"Ultimo MInuto","comment_count":"0","uagb_featured_image_src":{"full":["https:\/\/www.koncevisiontv.cl\/web\/wp-content\/uploads\/2024\/10\/WhatsApp-Image-2024-08-13-at-08.45.22.jpeg",960,502,false],"thumbnail":["https:\/\/www.koncevisiontv.cl\/web\/wp-content\/uploads\/2024\/10\/WhatsApp-Image-2024-08-13-at-08.45.22-150x150.jpeg",150,150,true],"medium":["https:\/\/www.koncevisiontv.cl\/web\/wp-content\/uploads\/2024\/10\/WhatsApp-Image-2024-08-13-at-08.45.22-300x157.jpeg",300,157,true],"medium_large":["https:\/\/www.koncevisiontv.cl\/web\/wp-content\/uploads\/2024\/10\/WhatsApp-Image-2024-08-13-at-08.45.22-768x402.jpeg",640,335,true],"large":["https:\/\/www.koncevisiontv.cl\/web\/wp-content\/uploads\/2024\/10\/WhatsApp-Image-2024-08-13-at-08.45.22.jpeg",640,335,false],"1536x1536":["https:\/\/www.koncevisiontv.cl\/web\/wp-content\/uploads\/2024\/10\/WhatsApp-Image-2024-08-13-at-08.45.22.jpeg",960,502,false],"2048x2048":["https:\/\/www.koncevisiontv.cl\/web\/wp-content\/uploads\/2024\/10\/WhatsApp-Image-2024-08-13-at-08.45.22.jpeg",960,502,false],"darknews-featured":["https:\/\/www.koncevisiontv.cl\/web\/wp-content\/uploads\/2024\/10\/WhatsApp-Image-2024-08-13-at-08.45.22.jpeg",960,502,false],"darknews-large":["https:\/\/www.koncevisiontv.cl\/web\/wp-content\/uploads\/2024\/10\/WhatsApp-Image-2024-08-13-at-08.45.22-825x502.jpeg",825,502,true],"darknews-medium":["https:\/\/www.koncevisiontv.cl\/web\/wp-content\/uploads\/2024\/10\/WhatsApp-Image-2024-08-13-at-08.45.22-590x410.jpeg",590,410,true]},"uagb_author_info":{"display_name":"Web-Master","author_link":"https:\/\/www.koncevisiontv.cl\/web\/author\/koncevision\/"},"uagb_comment_info":0,"uagb_excerpt":"Durante la ma\u00f1ana del s\u00e1bado, fue hallado un cuerpo sin vida en la Laguna Grande de San Pedro","_links":{"self":[{"href":"https:\/\/www.koncevisiontv.cl\/web\/wp-json\/wp\/v2\/posts\/2647","targetHints":{"allow":["GET"]}}],"collection":[{"href":"https:\/\/www.koncevisiontv.cl\/web\/wp-json\/wp\/v2\/posts"}],"about":[{"href":"https:\/\/www.koncevisiontv.cl\/web\/wp-json\/wp\/v2\/types\/post"}],"author":[{"embeddable":true,"href":"https:\/\/www.koncevisiontv.cl\/web\/wp-json\/wp\/v2\/users\/5"}],"replies":[{"embeddable":true,"href":"https:\/\/www.koncevisiontv.cl\/web\/wp-json\/wp\/v2\/comments?post=2647"}],"version-history":[{"count":1,"href":"https:\/\/www.koncevisiontv.cl\/web\/wp-json\/wp\/v2\/posts\/2647\/revisions"}],"predecessor-version":[{"id":2648,"href":"https:\/\/www.koncevisiontv.cl\/web\/wp-json\/wp\/v2\/posts\/2647\/revisions\/2648"}],"wp:featuredmedia":[{"embeddable":true,"href":"https:\/\/www.koncevisiontv.cl\/web\/wp-json\/wp\/v2\/media\/2322"}],"wp:attachment":[{"href":"https:\/\/www.koncevisiontv.cl\/web\/wp-json\/wp\/v2\/media?parent=2647"}],"wp:term":[{"taxonomy":"category","embeddable":true,"href":"https:\/\/www.koncevisiontv.cl\/web\/wp-json\/wp\/v2\/categories?post=2647"},{"taxonomy":"post_tag","embeddable":true,"href":"https:\/\/www.koncevisiontv.cl\/web\/wp-json\/wp\/v2\/tags?post=2647"}],"curies":[{"name":"wp","href":"https:\/\/api.w.org\/{rel}","templated":true}]}}