{"id":2649,"date":"2024-10-12T11:55:28","date_gmt":"2024-10-12T14:55:28","guid":{"rendered":"https:\/\/www.koncevisiontv.cl\/web\/?p=2649"},"modified":"2024-10-12T12:04:41","modified_gmt":"2024-10-12T15:04:41","slug":"pdi-detiene-a-hombre-de-68-anos-acusado-de-violar-a-menor-en-concepcion","status":"publish","type":"post","link":"https:\/\/www.koncevisiontv.cl\/web\/pdi-detiene-a-hombre-de-68-anos-acusado-de-violar-a-menor-en-concepcion\/","title":{"rendered":"PDI detiene a hombre de 68 a\u00f1os ACUSADO de violar a  menor en Concepci\u00f3n"},"content":{"rendered":"\n<div class=\"wp-block-uagb-image uagb-block-a1c89259 wp-block-uagb-image--layout-default wp-block-uagb-image--effect-static wp-block-uagb-image--align-none\"><figure class=\"wp-block-uagb-image__figure\"><img decoding=\"async\" srcset=\"https:\/\/www.koncevisiontv.cl\/web\/wp-content\/uploads\/2024\/08\/PDI-e1675862892812-1024x682.jpg ,https:\/\/www.koncevisiontv.cl\/web\/wp-content\/uploads\/2024\/08\/PDI-e1675862892812.jpg 780w, https:\/\/www.koncevisiontv.cl\/web\/wp-content\/uploads\/2024\/08\/PDI-e1675862892812.jpg 360w\" sizes=\"auto, (max-width: 480px) 150px\" src=\"https:\/\/www.koncevisiontv.cl\/web\/wp-content\/uploads\/2024\/08\/PDI-e1675862892812-1024x682.jpg\" alt=\"PDI\" class=\"uag-image-1417\" width=\"1024\" height=\"682\" title=\"PDI-e1675862892812\" loading=\"lazy\" role=\"img\"\/><\/figure><\/div>\n\n\n\n<p class=\"wp-block-paragraph\">La Brigada Investigadora de Delitos Sexuales (Brisex) de la PDI en Concepci\u00f3n arrest\u00f3 a un adulto mayor acusado de violar repetidamente a una menor de 14 a\u00f1os. El caso destaca la importancia de la vigilancia parental y la prevenci\u00f3n de abuso infantil.<\/p>\n\n\n\n<h2 class=\"wp-block-heading\">Detalles del caso<\/h2>\n\n\n\n<ul class=\"wp-block-list\">\n<li><strong>Edad del acusado:<\/strong> 68 a\u00f1os<\/li>\n\n\n\n<li><strong>Edad de la v\u00edctima:<\/strong> Menor de 14 a\u00f1os<\/li>\n\n\n\n<li><strong>Ubicaci\u00f3n:<\/strong> Concepci\u00f3n, Chile<\/li>\n\n\n\n<li><strong>Fecha del arresto:<\/strong> 12 de octubre de 2024<\/li>\n<\/ul>\n\n\n\n<h2 class=\"wp-block-heading\">Investigaci\u00f3n y arresto<\/h2>\n\n\n\n<ol class=\"wp-block-list\">\n<li>La fiscal\u00eda emiti\u00f3 una orden de investigaci\u00f3n por violaci\u00f3n de menor.<\/li>\n\n\n\n<li>Detectives de la Brisex Concepci\u00f3n realizaron:\n<ul class=\"wp-block-list\">\n<li>Entrevistas<\/li>\n\n\n\n<li>An\u00e1lisis del lugar de los hechos<\/li>\n\n\n\n<li>Peritajes de art\u00edculos del imputado<\/li>\n<\/ul>\n<\/li>\n\n\n\n<li>Se determin\u00f3 que las agresiones ocurrieron:\n<ul class=\"wp-block-list\">\n<li>En el domicilio de la v\u00edctima<\/li>\n\n\n\n<li>Durante varios meses<\/li>\n\n\n\n<li>Aprovechando la ausencia de otras personas<\/li>\n<\/ul>\n<\/li>\n\n\n\n<li>El acusado tiene un v\u00ednculo de parentesco con la v\u00edctima.<\/li>\n<\/ol>\n\n\n\n<h2 class=\"wp-block-heading\">Declaraciones oficiales<\/h2>\n\n\n\n<p class=\"wp-block-paragraph\">El subprefecto Rodrigo Henr\u00edquez, jefe de la Brisex Concepci\u00f3n, afirm\u00f3:<\/p>\n\n\n\n<blockquote class=\"wp-block-quote is-layout-flow wp-block-quote-is-layout-flow\">\n<p class=\"wp-block-paragraph\">&#8220;Se logr\u00f3 determinar que la v\u00edctima, menor de 14 a\u00f1os, fue agredida sexualmente en su domicilio y en varias ocasiones, por un adulto respecto de quien mantiene un v\u00ednculo de parentesco.&#8221;<\/p>\n<\/blockquote>\n\n\n\n<h2 class=\"wp-block-heading\">Prevenci\u00f3n de abuso infantil<\/h2>\n\n\n\n<p class=\"wp-block-paragraph\">Henr\u00edquez aconseja a los padres:<\/p>\n\n\n\n<ol class=\"wp-block-list\">\n<li>Estar alerta a cambios conductuales en sus hijos<\/li>\n\n\n\n<li>Evitar que los menores permanezcan solos con terceros, incluyendo familiares y amigos<\/li>\n\n\n\n<li>Reconocer que la mayor\u00eda de las agresiones sexuales son cometidas por personas del entorno de la v\u00edctima<\/li>\n<\/ol>\n\n\n\n<h2 class=\"wp-block-heading\">Proceso legal<\/h2>\n\n\n\n<p class=\"wp-block-paragraph\">Tras su detenci\u00f3n, el acusado fue puesto a disposici\u00f3n del tribunal competente para la audiencia de control.<\/p>\n","protected":false},"excerpt":{"rendered":"<p>La Brigada Investigadora de Delitos Sexuales (Brisex) de la PDI en Concepci\u00f3n arrest\u00f3 a un adulto mayor acusado<\/p>\n","protected":false},"author":5,"featured_media":1417,"comment_status":"open","ping_status":"open","sticky":false,"template":"","format":"standard","meta":{"_crdt_document":"","_uag_custom_page_level_css":"","_sitemap_exclude":false,"_sitemap_priority":"","_sitemap_frequency":"","_joinchat":[],"footnotes":""},"categories":[14],"tags":[],"class_list":["post-2649","post","type-post","status-publish","format-standard","has-post-thumbnail","hentry","category-nacional"],"featured_image_urls":{"full":["https:\/\/www.koncevisiontv.cl\/web\/wp-content\/uploads\/2024\/08\/PDI-e1675862892812.jpg",1040,693,false],"thumbnail":["https:\/\/www.koncevisiontv.cl\/web\/wp-content\/uploads\/2024\/08\/PDI-e1675862892812-150x150.jpg",150,150,true],"medium":["https:\/\/www.koncevisiontv.cl\/web\/wp-content\/uploads\/2024\/08\/PDI-e1675862892812-300x200.jpg",300,200,true],"medium_large":["https:\/\/www.koncevisiontv.cl\/web\/wp-content\/uploads\/2024\/08\/PDI-e1675862892812-768x512.jpg",640,427,true],"large":["https:\/\/www.koncevisiontv.cl\/web\/wp-content\/uploads\/2024\/08\/PDI-e1675862892812-1024x682.jpg",640,426,true],"1536x1536":["https:\/\/www.koncevisiontv.cl\/web\/wp-content\/uploads\/2024\/08\/PDI-e1675862892812.jpg",1040,693,false],"2048x2048":["https:\/\/www.koncevisiontv.cl\/web\/wp-content\/uploads\/2024\/08\/PDI-e1675862892812.jpg",1040,693,false],"darknews-featured":["https:\/\/www.koncevisiontv.cl\/web\/wp-content\/uploads\/2024\/08\/PDI-e1675862892812-1024x682.jpg",1024,682,true],"darknews-large":["https:\/\/www.koncevisiontv.cl\/web\/wp-content\/uploads\/2024\/08\/PDI-e1675862892812-825x575.jpg",825,575,true],"darknews-medium":["https:\/\/www.koncevisiontv.cl\/web\/wp-content\/uploads\/2024\/08\/PDI-e1675862892812-590x410.jpg",590,410,true]},"author_info":{"info":["Web-Master"]},"category_info":"<a href=\"https:\/\/www.koncevisiontv.cl\/web\/category\/nacional\/\" rel=\"category tag\">Nacional<\/a>","tag_info":"Nacional","comment_count":"0","uagb_featured_image_src":{"full":["https:\/\/www.koncevisiontv.cl\/web\/wp-content\/uploads\/2024\/08\/PDI-e1675862892812.jpg",1040,693,false],"thumbnail":["https:\/\/www.koncevisiontv.cl\/web\/wp-content\/uploads\/2024\/08\/PDI-e1675862892812-150x150.jpg",150,150,true],"medium":["https:\/\/www.koncevisiontv.cl\/web\/wp-content\/uploads\/2024\/08\/PDI-e1675862892812-300x200.jpg",300,200,true],"medium_large":["https:\/\/www.koncevisiontv.cl\/web\/wp-content\/uploads\/2024\/08\/PDI-e1675862892812-768x512.jpg",640,427,true],"large":["https:\/\/www.koncevisiontv.cl\/web\/wp-content\/uploads\/2024\/08\/PDI-e1675862892812-1024x682.jpg",640,426,true],"1536x1536":["https:\/\/www.koncevisiontv.cl\/web\/wp-content\/uploads\/2024\/08\/PDI-e1675862892812.jpg",1040,693,false],"2048x2048":["https:\/\/www.koncevisiontv.cl\/web\/wp-content\/uploads\/2024\/08\/PDI-e1675862892812.jpg",1040,693,false],"darknews-featured":["https:\/\/www.koncevisiontv.cl\/web\/wp-content\/uploads\/2024\/08\/PDI-e1675862892812-1024x682.jpg",1024,682,true],"darknews-large":["https:\/\/www.koncevisiontv.cl\/web\/wp-content\/uploads\/2024\/08\/PDI-e1675862892812-825x575.jpg",825,575,true],"darknews-medium":["https:\/\/www.koncevisiontv.cl\/web\/wp-content\/uploads\/2024\/08\/PDI-e1675862892812-590x410.jpg",590,410,true]},"uagb_author_info":{"display_name":"Web-Master","author_link":"https:\/\/www.koncevisiontv.cl\/web\/author\/koncevision\/"},"uagb_comment_info":0,"uagb_excerpt":"La Brigada Investigadora de Delitos Sexuales (Brisex) de la PDI en Concepci\u00f3n arrest\u00f3 a un adulto mayor acusado","_links":{"self":[{"href":"https:\/\/www.koncevisiontv.cl\/web\/wp-json\/wp\/v2\/posts\/2649","targetHints":{"allow":["GET"]}}],"collection":[{"href":"https:\/\/www.koncevisiontv.cl\/web\/wp-json\/wp\/v2\/posts"}],"about":[{"href":"https:\/\/www.koncevisiontv.cl\/web\/wp-json\/wp\/v2\/types\/post"}],"author":[{"embeddable":true,"href":"https:\/\/www.koncevisiontv.cl\/web\/wp-json\/wp\/v2\/users\/5"}],"replies":[{"embeddable":true,"href":"https:\/\/www.koncevisiontv.cl\/web\/wp-json\/wp\/v2\/comments?post=2649"}],"version-history":[{"count":3,"href":"https:\/\/www.koncevisiontv.cl\/web\/wp-json\/wp\/v2\/posts\/2649\/revisions"}],"predecessor-version":[{"id":2652,"href":"https:\/\/www.koncevisiontv.cl\/web\/wp-json\/wp\/v2\/posts\/2649\/revisions\/2652"}],"wp:featuredmedia":[{"embeddable":true,"href":"https:\/\/www.koncevisiontv.cl\/web\/wp-json\/wp\/v2\/media\/1417"}],"wp:attachment":[{"href":"https:\/\/www.koncevisiontv.cl\/web\/wp-json\/wp\/v2\/media?parent=2649"}],"wp:term":[{"taxonomy":"category","embeddable":true,"href":"https:\/\/www.koncevisiontv.cl\/web\/wp-json\/wp\/v2\/categories?post=2649"},{"taxonomy":"post_tag","embeddable":true,"href":"https:\/\/www.koncevisiontv.cl\/web\/wp-json\/wp\/v2\/tags?post=2649"}],"curies":[{"name":"wp","href":"https:\/\/api.w.org\/{rel}","templated":true}]}}