{"id":2657,"date":"2024-10-12T19:22:55","date_gmt":"2024-10-12T22:22:55","guid":{"rendered":"https:\/\/www.koncevisiontv.cl\/web\/?p=2657"},"modified":"2024-10-12T19:22:56","modified_gmt":"2024-10-12T22:22:56","slug":"partido-liberal-proclama-a-vlado-mirosevic-como-primer-candidato-presidencial-del-oficialismo","status":"publish","type":"post","link":"https:\/\/www.koncevisiontv.cl\/web\/partido-liberal-proclama-a-vlado-mirosevic-como-primer-candidato-presidencial-del-oficialismo\/","title":{"rendered":"Partido Liberal proclama a Vlado Mirosevic como primer candidato presidencial del oficialismo"},"content":{"rendered":"\n<div class=\"wp-block-uagb-image uagb-block-b56627b2 wp-block-uagb-image--layout-default wp-block-uagb-image--effect-static wp-block-uagb-image--align-none\"><figure class=\"wp-block-uagb-image__figure\"><img decoding=\"async\" srcset=\"https:\/\/www.koncevisiontv.cl\/web\/wp-content\/uploads\/2024\/10\/vladomirosevic-1024x683.jpg ,https:\/\/www.koncevisiontv.cl\/web\/wp-content\/uploads\/2024\/10\/vladomirosevic-scaled.jpg 780w, https:\/\/www.koncevisiontv.cl\/web\/wp-content\/uploads\/2024\/10\/vladomirosevic-scaled.jpg 360w\" sizes=\"auto, (max-width: 480px) 150px\" src=\"https:\/\/www.koncevisiontv.cl\/web\/wp-content\/uploads\/2024\/10\/vladomirosevic-1024x683.jpg\" alt=\"\" class=\"uag-image-2659\" width=\"5472\" height=\"3648\" title=\"Senador Lagos junto a Diputados Mirosevic se refieren a la ley de apoyo a la eutanasia\" loading=\"lazy\" role=\"img\"><\/figure><\/div>\n\n\n\n<p class=\"wp-block-paragraph\"><\/p>\n\n\n\n<p class=\"wp-block-paragraph\">El Partido Liberal ha proclamado oficialmente a <strong>Vlado Mirosevic<\/strong> como su candidato presidencial, siendo el primer aspirante del oficialismo para las elecciones de 2025. En un evento marcado por el respaldo de diversas figuras pol\u00edticas, Mirosevic destac\u00f3 la necesidad de un cambio en la direcci\u00f3n del pa\u00eds y de consolidar una nueva agenda progresista. Su candidatura refleja el inter\u00e9s del partido por liderar el proceso de transformaci\u00f3n que, seg\u00fan ellos, Chile necesita en t\u00e9rminos de justicia social, igualdad y sostenibilidad.<\/p>\n\n\n\n<h3 class=\"wp-block-heading\">Propuestas y visi\u00f3n de futuro<\/h3>\n\n\n\n<p class=\"wp-block-paragraph\">Durante su proclamaci\u00f3n, Mirosevic subray\u00f3 que su objetivo es impulsar pol\u00edticas que enfrenten las desigualdades econ\u00f3micas y sociales en el pa\u00eds. Con una fuerte orientaci\u00f3n hacia el progresismo, su propuesta incluye una profundizaci\u00f3n de las reformas estructurales iniciadas por el actual gobierno, con un enfoque en la redistribuci\u00f3n de la riqueza, la protecci\u00f3n de los derechos sociales y un desarrollo sostenible. En su discurso, Mirosevic resalt\u00f3 que es fundamental poner fin a las viejas pr\u00e1cticas de la pol\u00edtica tradicional y abrir paso a nuevas generaciones que piensen en el futuro del pa\u00eds.<\/p>\n\n\n\n<h3 class=\"wp-block-heading\">Apoyo y desaf\u00edos dentro del oficialismo<\/h3>\n\n\n\n<p class=\"wp-block-paragraph\">El Partido Liberal ha sido uno de los pilares del oficialismo en el \u00faltimo periodo, y con la proclamaci\u00f3n de Mirosevic buscan consolidar su posici\u00f3n como l\u00edderes del bloque progresista. Sin embargo, la proclamaci\u00f3n no est\u00e1 exenta de desaf\u00edos, ya que otros partidos dentro del oficialismo tambi\u00e9n presentar\u00e1n sus propios candidatos, lo que podr\u00eda generar disputas internas. Pese a ello, Mirosevic ha manifestado su intenci\u00f3n de trabajar en unidad con las dem\u00e1s fuerzas pol\u00edticas de la coalici\u00f3n para asegurar una candidatura s\u00f3lida que refleje los intereses de los ciudadanos.<\/p>\n","protected":false},"excerpt":{"rendered":"<p>El Partido Liberal ha proclamado oficialmente a Vlado Mirosevic como su candidato presidencial, siendo el primer aspirante del<\/p>\n","protected":false},"author":5,"featured_media":2659,"comment_status":"open","ping_status":"open","sticky":false,"template":"","format":"standard","meta":{"_crdt_document":"","_uag_custom_page_level_css":"","_sitemap_exclude":false,"_sitemap_priority":"","_sitemap_frequency":"","_joinchat":[],"footnotes":""},"categories":[14],"tags":[],"class_list":["post-2657","post","type-post","status-publish","format-standard","has-post-thumbnail","hentry","category-nacional"],"featured_image_urls":{"full":["https:\/\/www.koncevisiontv.cl\/web\/wp-content\/uploads\/2024\/10\/vladomirosevic-scaled.jpg",2560,1707,false],"thumbnail":["https:\/\/www.koncevisiontv.cl\/web\/wp-content\/uploads\/2024\/10\/vladomirosevic-150x150.jpg",150,150,true],"medium":["https:\/\/www.koncevisiontv.cl\/web\/wp-content\/uploads\/2024\/10\/vladomirosevic-300x200.jpg",300,200,true],"medium_large":["https:\/\/www.koncevisiontv.cl\/web\/wp-content\/uploads\/2024\/10\/vladomirosevic-768x512.jpg",640,427,true],"large":["https:\/\/www.koncevisiontv.cl\/web\/wp-content\/uploads\/2024\/10\/vladomirosevic-1024x683.jpg",640,427,true],"1536x1536":["https:\/\/www.koncevisiontv.cl\/web\/wp-content\/uploads\/2024\/10\/vladomirosevic-1536x1024.jpg",1536,1024,true],"2048x2048":["https:\/\/www.koncevisiontv.cl\/web\/wp-content\/uploads\/2024\/10\/vladomirosevic-2048x1365.jpg",2048,1365,true],"darknews-featured":["https:\/\/www.koncevisiontv.cl\/web\/wp-content\/uploads\/2024\/10\/vladomirosevic-1024x683.jpg",1024,683,true],"darknews-large":["https:\/\/www.koncevisiontv.cl\/web\/wp-content\/uploads\/2024\/10\/vladomirosevic-825x575.jpg",825,575,true],"darknews-medium":["https:\/\/www.koncevisiontv.cl\/web\/wp-content\/uploads\/2024\/10\/vladomirosevic-590x410.jpg",590,410,true]},"author_info":{"info":["Web-Master"]},"category_info":"<a href=\"https:\/\/www.koncevisiontv.cl\/web\/category\/nacional\/\" rel=\"category tag\">Nacional<\/a>","tag_info":"Nacional","comment_count":"0","uagb_featured_image_src":{"full":["https:\/\/www.koncevisiontv.cl\/web\/wp-content\/uploads\/2024\/10\/vladomirosevic-scaled.jpg",2560,1707,false],"thumbnail":["https:\/\/www.koncevisiontv.cl\/web\/wp-content\/uploads\/2024\/10\/vladomirosevic-150x150.jpg",150,150,true],"medium":["https:\/\/www.koncevisiontv.cl\/web\/wp-content\/uploads\/2024\/10\/vladomirosevic-300x200.jpg",300,200,true],"medium_large":["https:\/\/www.koncevisiontv.cl\/web\/wp-content\/uploads\/2024\/10\/vladomirosevic-768x512.jpg",640,427,true],"large":["https:\/\/www.koncevisiontv.cl\/web\/wp-content\/uploads\/2024\/10\/vladomirosevic-1024x683.jpg",640,427,true],"1536x1536":["https:\/\/www.koncevisiontv.cl\/web\/wp-content\/uploads\/2024\/10\/vladomirosevic-1536x1024.jpg",1536,1024,true],"2048x2048":["https:\/\/www.koncevisiontv.cl\/web\/wp-content\/uploads\/2024\/10\/vladomirosevic-2048x1365.jpg",2048,1365,true],"darknews-featured":["https:\/\/www.koncevisiontv.cl\/web\/wp-content\/uploads\/2024\/10\/vladomirosevic-1024x683.jpg",1024,683,true],"darknews-large":["https:\/\/www.koncevisiontv.cl\/web\/wp-content\/uploads\/2024\/10\/vladomirosevic-825x575.jpg",825,575,true],"darknews-medium":["https:\/\/www.koncevisiontv.cl\/web\/wp-content\/uploads\/2024\/10\/vladomirosevic-590x410.jpg",590,410,true]},"uagb_author_info":{"display_name":"Web-Master","author_link":"https:\/\/www.koncevisiontv.cl\/web\/author\/koncevision\/"},"uagb_comment_info":0,"uagb_excerpt":"El Partido Liberal ha proclamado oficialmente a Vlado Mirosevic como su candidato presidencial, siendo el primer aspirante del","_links":{"self":[{"href":"https:\/\/www.koncevisiontv.cl\/web\/wp-json\/wp\/v2\/posts\/2657","targetHints":{"allow":["GET"]}}],"collection":[{"href":"https:\/\/www.koncevisiontv.cl\/web\/wp-json\/wp\/v2\/posts"}],"about":[{"href":"https:\/\/www.koncevisiontv.cl\/web\/wp-json\/wp\/v2\/types\/post"}],"author":[{"embeddable":true,"href":"https:\/\/www.koncevisiontv.cl\/web\/wp-json\/wp\/v2\/users\/5"}],"replies":[{"embeddable":true,"href":"https:\/\/www.koncevisiontv.cl\/web\/wp-json\/wp\/v2\/comments?post=2657"}],"version-history":[{"count":1,"href":"https:\/\/www.koncevisiontv.cl\/web\/wp-json\/wp\/v2\/posts\/2657\/revisions"}],"predecessor-version":[{"id":2660,"href":"https:\/\/www.koncevisiontv.cl\/web\/wp-json\/wp\/v2\/posts\/2657\/revisions\/2660"}],"wp:featuredmedia":[{"embeddable":true,"href":"https:\/\/www.koncevisiontv.cl\/web\/wp-json\/wp\/v2\/media\/2659"}],"wp:attachment":[{"href":"https:\/\/www.koncevisiontv.cl\/web\/wp-json\/wp\/v2\/media?parent=2657"}],"wp:term":[{"taxonomy":"category","embeddable":true,"href":"https:\/\/www.koncevisiontv.cl\/web\/wp-json\/wp\/v2\/categories?post=2657"},{"taxonomy":"post_tag","embeddable":true,"href":"https:\/\/www.koncevisiontv.cl\/web\/wp-json\/wp\/v2\/tags?post=2657"}],"curies":[{"name":"wp","href":"https:\/\/api.w.org\/{rel}","templated":true}]}}