{"id":2666,"date":"2024-10-12T19:53:19","date_gmt":"2024-10-12T22:53:19","guid":{"rendered":"https:\/\/www.koncevisiontv.cl\/web\/?p=2666"},"modified":"2024-10-12T20:20:02","modified_gmt":"2024-10-12T23:20:02","slug":"demolicion-de-mitica-casa-okupa","status":"publish","type":"post","link":"https:\/\/www.koncevisiontv.cl\/web\/demolicion-de-mitica-casa-okupa\/","title":{"rendered":"Demolici\u00f3n de m\u00edtica casa okupa en terreno fiscal ser\u00e1 parte del Plan de Emergencia Habitacional para edificio de 5 pisos"},"content":{"rendered":"\n<div class=\"wp-block-uagb-image uagb-block-d98ba767 wp-block-uagb-image--layout-default wp-block-uagb-image--effect-static wp-block-uagb-image--align-none\"><figure class=\"wp-block-uagb-image__figure\"><img decoding=\"async\" srcset=\"https:\/\/www.koncevisiontv.cl\/web\/wp-content\/uploads\/2024\/10\/OKUPAS.jpg ,https:\/\/www.koncevisiontv.cl\/web\/wp-content\/uploads\/2024\/10\/OKUPAS.jpg 780w, https:\/\/www.koncevisiontv.cl\/web\/wp-content\/uploads\/2024\/10\/OKUPAS.jpg 360w\" sizes=\"auto, (max-width: 480px) 150px\" src=\"https:\/\/www.koncevisiontv.cl\/web\/wp-content\/uploads\/2024\/10\/OKUPAS.jpg\" alt=\"\" class=\"uag-image-2667\" width=\"850\" height=\"500\" title=\"OKUPAS\" loading=\"lazy\" role=\"img\"><\/figure><\/div>\n\n\n\n<p class=\"wp-block-paragraph\">Demolici\u00f3n de casa okupa en terreno fiscal ser\u00e1 parte del Plan de Emergencia Habitacional para edificio de 5 pisos  -Im\u00e1gen cedida-<\/p>\n\n\n\n<h3 class=\"wp-block-heading\">Proceso de desalojo y futuro del terreno<\/h3>\n\n\n\n<p class=\"wp-block-paragraph\">La demolici\u00f3n se llev\u00f3 a cabo luego de que las autoridades gestionaran el desalojo de los ocupantes, quienes se encontraban en la vivienda de manera irregular. Este proceso fue parte de una estrategia m\u00e1s amplia para recuperar terrenos fiscales en la regi\u00f3n del Biob\u00edo y utilizarlos en proyectos que respondan a la demanda habitacional. El edificio proyectado contar\u00e1 con cinco pisos y ser\u00e1 parte del Plan de Emergencia Habitacional, dise\u00f1ado para ofrecer soluciones habitacionales a las familias m\u00e1s vulnerables de la regi\u00f3n.<\/p>\n\n\n\n<h3 class=\"wp-block-heading\">Impacto en la comunidad y pr\u00f3ximo proyecto<\/h3>\n\n\n\n<p class=\"wp-block-paragraph\">El nuevo proyecto de vivienda social es parte de un esfuerzo m\u00e1s amplio para abordar la crisis habitacional que afecta a la regi\u00f3n del Biob\u00edo. Las autoridades locales se\u00f1alaron que este tipo de proyectos buscan mejorar las condiciones de vida de miles de familias que actualmente no cuentan con acceso a viviendas dignas. Adem\u00e1s, recalcaron la importancia de la recuperaci\u00f3n de terrenos fiscales para garantizar que los recursos del Estado se utilicen de manera eficiente en beneficio de la comunidad.<\/p>\n","protected":false},"excerpt":{"rendered":"<p>Demolici\u00f3n de casa okupa en terreno fiscal ser\u00e1 parte del Plan de Emergencia Habitacional para edificio de 5<\/p>\n","protected":false},"author":5,"featured_media":2667,"comment_status":"open","ping_status":"open","sticky":false,"template":"","format":"standard","meta":{"_crdt_document":"","_uag_custom_page_level_css":"","_sitemap_exclude":false,"_sitemap_priority":"","_sitemap_frequency":"","_joinchat":[],"footnotes":""},"categories":[14],"tags":[],"class_list":["post-2666","post","type-post","status-publish","format-standard","has-post-thumbnail","hentry","category-nacional"],"featured_image_urls":{"full":["https:\/\/www.koncevisiontv.cl\/web\/wp-content\/uploads\/2024\/10\/OKUPAS.jpg",850,500,false],"thumbnail":["https:\/\/www.koncevisiontv.cl\/web\/wp-content\/uploads\/2024\/10\/OKUPAS-150x150.jpg",150,150,true],"medium":["https:\/\/www.koncevisiontv.cl\/web\/wp-content\/uploads\/2024\/10\/OKUPAS-300x176.jpg",300,176,true],"medium_large":["https:\/\/www.koncevisiontv.cl\/web\/wp-content\/uploads\/2024\/10\/OKUPAS-768x452.jpg",640,377,true],"large":["https:\/\/www.koncevisiontv.cl\/web\/wp-content\/uploads\/2024\/10\/OKUPAS.jpg",640,376,false],"1536x1536":["https:\/\/www.koncevisiontv.cl\/web\/wp-content\/uploads\/2024\/10\/OKUPAS.jpg",850,500,false],"2048x2048":["https:\/\/www.koncevisiontv.cl\/web\/wp-content\/uploads\/2024\/10\/OKUPAS.jpg",850,500,false],"darknews-featured":["https:\/\/www.koncevisiontv.cl\/web\/wp-content\/uploads\/2024\/10\/OKUPAS.jpg",850,500,false],"darknews-large":["https:\/\/www.koncevisiontv.cl\/web\/wp-content\/uploads\/2024\/10\/OKUPAS-825x500.jpg",825,500,true],"darknews-medium":["https:\/\/www.koncevisiontv.cl\/web\/wp-content\/uploads\/2024\/10\/OKUPAS-590x410.jpg",590,410,true]},"author_info":{"info":["Web-Master"]},"category_info":"<a href=\"https:\/\/www.koncevisiontv.cl\/web\/category\/nacional\/\" rel=\"category tag\">Nacional<\/a>","tag_info":"Nacional","comment_count":"0","uagb_featured_image_src":{"full":["https:\/\/www.koncevisiontv.cl\/web\/wp-content\/uploads\/2024\/10\/OKUPAS.jpg",850,500,false],"thumbnail":["https:\/\/www.koncevisiontv.cl\/web\/wp-content\/uploads\/2024\/10\/OKUPAS-150x150.jpg",150,150,true],"medium":["https:\/\/www.koncevisiontv.cl\/web\/wp-content\/uploads\/2024\/10\/OKUPAS-300x176.jpg",300,176,true],"medium_large":["https:\/\/www.koncevisiontv.cl\/web\/wp-content\/uploads\/2024\/10\/OKUPAS-768x452.jpg",640,377,true],"large":["https:\/\/www.koncevisiontv.cl\/web\/wp-content\/uploads\/2024\/10\/OKUPAS.jpg",640,376,false],"1536x1536":["https:\/\/www.koncevisiontv.cl\/web\/wp-content\/uploads\/2024\/10\/OKUPAS.jpg",850,500,false],"2048x2048":["https:\/\/www.koncevisiontv.cl\/web\/wp-content\/uploads\/2024\/10\/OKUPAS.jpg",850,500,false],"darknews-featured":["https:\/\/www.koncevisiontv.cl\/web\/wp-content\/uploads\/2024\/10\/OKUPAS.jpg",850,500,false],"darknews-large":["https:\/\/www.koncevisiontv.cl\/web\/wp-content\/uploads\/2024\/10\/OKUPAS-825x500.jpg",825,500,true],"darknews-medium":["https:\/\/www.koncevisiontv.cl\/web\/wp-content\/uploads\/2024\/10\/OKUPAS-590x410.jpg",590,410,true]},"uagb_author_info":{"display_name":"Web-Master","author_link":"https:\/\/www.koncevisiontv.cl\/web\/author\/koncevision\/"},"uagb_comment_info":0,"uagb_excerpt":"Demolici\u00f3n de casa okupa en terreno fiscal ser\u00e1 parte del Plan de Emergencia Habitacional para edificio de 5","_links":{"self":[{"href":"https:\/\/www.koncevisiontv.cl\/web\/wp-json\/wp\/v2\/posts\/2666","targetHints":{"allow":["GET"]}}],"collection":[{"href":"https:\/\/www.koncevisiontv.cl\/web\/wp-json\/wp\/v2\/posts"}],"about":[{"href":"https:\/\/www.koncevisiontv.cl\/web\/wp-json\/wp\/v2\/types\/post"}],"author":[{"embeddable":true,"href":"https:\/\/www.koncevisiontv.cl\/web\/wp-json\/wp\/v2\/users\/5"}],"replies":[{"embeddable":true,"href":"https:\/\/www.koncevisiontv.cl\/web\/wp-json\/wp\/v2\/comments?post=2666"}],"version-history":[{"count":1,"href":"https:\/\/www.koncevisiontv.cl\/web\/wp-json\/wp\/v2\/posts\/2666\/revisions"}],"predecessor-version":[{"id":2668,"href":"https:\/\/www.koncevisiontv.cl\/web\/wp-json\/wp\/v2\/posts\/2666\/revisions\/2668"}],"wp:featuredmedia":[{"embeddable":true,"href":"https:\/\/www.koncevisiontv.cl\/web\/wp-json\/wp\/v2\/media\/2667"}],"wp:attachment":[{"href":"https:\/\/www.koncevisiontv.cl\/web\/wp-json\/wp\/v2\/media?parent=2666"}],"wp:term":[{"taxonomy":"category","embeddable":true,"href":"https:\/\/www.koncevisiontv.cl\/web\/wp-json\/wp\/v2\/categories?post=2666"},{"taxonomy":"post_tag","embeddable":true,"href":"https:\/\/www.koncevisiontv.cl\/web\/wp-json\/wp\/v2\/tags?post=2666"}],"curies":[{"name":"wp","href":"https:\/\/api.w.org\/{rel}","templated":true}]}}