{"id":2671,"date":"2024-10-13T21:48:44","date_gmt":"2024-10-14T00:48:44","guid":{"rendered":"https:\/\/www.koncevisiontv.cl\/web\/?p=2671"},"modified":"2024-10-13T21:48:46","modified_gmt":"2024-10-14T00:48:46","slug":"senapred-enfrenta-deuda-en-dicom-tras-incendio-en-valparaiso","status":"publish","type":"post","link":"https:\/\/www.koncevisiontv.cl\/web\/senapred-enfrenta-deuda-en-dicom-tras-incendio-en-valparaiso\/","title":{"rendered":"SENAPRED enfrenta deuda en DICOM tras incendio en Valpara\u00edso"},"content":{"rendered":"\n<div class=\"wp-block-uagb-image uagb-block-cfc44f7b wp-block-uagb-image--layout-default wp-block-uagb-image--effect-static wp-block-uagb-image--align-none\"><figure class=\"wp-block-uagb-image__figure\"><img decoding=\"async\" srcset=\"https:\/\/www.koncevisiontv.cl\/web\/wp-content\/uploads\/2024\/10\/VALPARAUSO-MEGA-INCENDIO-1024x576.jpeg ,https:\/\/www.koncevisiontv.cl\/web\/wp-content\/uploads\/2024\/10\/VALPARAUSO-MEGA-INCENDIO.jpeg 780w, https:\/\/www.koncevisiontv.cl\/web\/wp-content\/uploads\/2024\/10\/VALPARAUSO-MEGA-INCENDIO.jpeg 360w\" sizes=\"auto, (max-width: 480px) 150px\" src=\"https:\/\/www.koncevisiontv.cl\/web\/wp-content\/uploads\/2024\/10\/VALPARAUSO-MEGA-INCENDIO-1024x576.jpeg\" alt=\"MEGA iNCENDIO  vALPARAISO\" class=\"uag-image-2672\" width=\"1024\" height=\"576\" title=\"VALPARAUSO MEGA INCENDIO\" loading=\"lazy\" role=\"img\"\/><\/figure><\/div>\n\n\n\n<p class=\"wp-block-paragraph\"><\/p>\n\n\n\n<p class=\"wp-block-paragraph\">Tras el devastador <strong>incendio<\/strong> que afect\u00f3 a la <strong>Regi\u00f3n de Valpara\u00edso<\/strong>, se revel\u00f3 que el <strong>Servicio Nacional de Prevenci\u00f3n y Respuesta ante Desastres (SENAPRED)<\/strong> enfrenta una <strong>deuda<\/strong> que lo mantiene en <strong>DICOM<\/strong>. Esta situaci\u00f3n ha generado preocupaci\u00f3n por su capacidad de respuesta ante emergencias, afectando su gesti\u00f3n operativa durante el mega incendio. Las limitaciones financieras han planteado dudas sobre su eficiencia en situaciones de crisis, lo que ha llevado a un debate sobre la necesidad de fortalecer este organismo clave para la protecci\u00f3n civil.<\/p>\n\n\n\n<p class=\"wp-block-paragraph\"><\/p>\n","protected":false},"excerpt":{"rendered":"<p>Tras el devastador incendio que afect\u00f3 a la Regi\u00f3n de Valpara\u00edso, se revel\u00f3 que el Servicio Nacional de<\/p>\n","protected":false},"author":5,"featured_media":2672,"comment_status":"open","ping_status":"open","sticky":false,"template":"","format":"standard","meta":{"_crdt_document":"","_uag_custom_page_level_css":"","_sitemap_exclude":false,"_sitemap_priority":"","_sitemap_frequency":"","_joinchat":[],"footnotes":""},"categories":[14],"tags":[],"class_list":["post-2671","post","type-post","status-publish","format-standard","has-post-thumbnail","hentry","category-nacional"],"featured_image_urls":{"full":["https:\/\/www.koncevisiontv.cl\/web\/wp-content\/uploads\/2024\/10\/VALPARAUSO-MEGA-INCENDIO.jpeg",1480,833,false],"thumbnail":["https:\/\/www.koncevisiontv.cl\/web\/wp-content\/uploads\/2024\/10\/VALPARAUSO-MEGA-INCENDIO-150x150.jpeg",150,150,true],"medium":["https:\/\/www.koncevisiontv.cl\/web\/wp-content\/uploads\/2024\/10\/VALPARAUSO-MEGA-INCENDIO-300x169.jpeg",300,169,true],"medium_large":["https:\/\/www.koncevisiontv.cl\/web\/wp-content\/uploads\/2024\/10\/VALPARAUSO-MEGA-INCENDIO-768x432.jpeg",640,360,true],"large":["https:\/\/www.koncevisiontv.cl\/web\/wp-content\/uploads\/2024\/10\/VALPARAUSO-MEGA-INCENDIO-1024x576.jpeg",640,360,true],"1536x1536":["https:\/\/www.koncevisiontv.cl\/web\/wp-content\/uploads\/2024\/10\/VALPARAUSO-MEGA-INCENDIO.jpeg",1480,833,false],"2048x2048":["https:\/\/www.koncevisiontv.cl\/web\/wp-content\/uploads\/2024\/10\/VALPARAUSO-MEGA-INCENDIO.jpeg",1480,833,false],"darknews-featured":["https:\/\/www.koncevisiontv.cl\/web\/wp-content\/uploads\/2024\/10\/VALPARAUSO-MEGA-INCENDIO-1024x576.jpeg",1024,576,true],"darknews-large":["https:\/\/www.koncevisiontv.cl\/web\/wp-content\/uploads\/2024\/10\/VALPARAUSO-MEGA-INCENDIO-825x575.jpeg",825,575,true],"darknews-medium":["https:\/\/www.koncevisiontv.cl\/web\/wp-content\/uploads\/2024\/10\/VALPARAUSO-MEGA-INCENDIO-590x410.jpeg",590,410,true]},"author_info":{"info":["Web-Master"]},"category_info":"<a href=\"https:\/\/www.koncevisiontv.cl\/web\/category\/nacional\/\" rel=\"category tag\">Nacional<\/a>","tag_info":"Nacional","comment_count":"0","uagb_featured_image_src":{"full":["https:\/\/www.koncevisiontv.cl\/web\/wp-content\/uploads\/2024\/10\/VALPARAUSO-MEGA-INCENDIO.jpeg",1480,833,false],"thumbnail":["https:\/\/www.koncevisiontv.cl\/web\/wp-content\/uploads\/2024\/10\/VALPARAUSO-MEGA-INCENDIO-150x150.jpeg",150,150,true],"medium":["https:\/\/www.koncevisiontv.cl\/web\/wp-content\/uploads\/2024\/10\/VALPARAUSO-MEGA-INCENDIO-300x169.jpeg",300,169,true],"medium_large":["https:\/\/www.koncevisiontv.cl\/web\/wp-content\/uploads\/2024\/10\/VALPARAUSO-MEGA-INCENDIO-768x432.jpeg",640,360,true],"large":["https:\/\/www.koncevisiontv.cl\/web\/wp-content\/uploads\/2024\/10\/VALPARAUSO-MEGA-INCENDIO-1024x576.jpeg",640,360,true],"1536x1536":["https:\/\/www.koncevisiontv.cl\/web\/wp-content\/uploads\/2024\/10\/VALPARAUSO-MEGA-INCENDIO.jpeg",1480,833,false],"2048x2048":["https:\/\/www.koncevisiontv.cl\/web\/wp-content\/uploads\/2024\/10\/VALPARAUSO-MEGA-INCENDIO.jpeg",1480,833,false],"darknews-featured":["https:\/\/www.koncevisiontv.cl\/web\/wp-content\/uploads\/2024\/10\/VALPARAUSO-MEGA-INCENDIO-1024x576.jpeg",1024,576,true],"darknews-large":["https:\/\/www.koncevisiontv.cl\/web\/wp-content\/uploads\/2024\/10\/VALPARAUSO-MEGA-INCENDIO-825x575.jpeg",825,575,true],"darknews-medium":["https:\/\/www.koncevisiontv.cl\/web\/wp-content\/uploads\/2024\/10\/VALPARAUSO-MEGA-INCENDIO-590x410.jpeg",590,410,true]},"uagb_author_info":{"display_name":"Web-Master","author_link":"https:\/\/www.koncevisiontv.cl\/web\/author\/koncevision\/"},"uagb_comment_info":0,"uagb_excerpt":"Tras el devastador incendio que afect\u00f3 a la Regi\u00f3n de Valpara\u00edso, se revel\u00f3 que el Servicio Nacional de","_links":{"self":[{"href":"https:\/\/www.koncevisiontv.cl\/web\/wp-json\/wp\/v2\/posts\/2671","targetHints":{"allow":["GET"]}}],"collection":[{"href":"https:\/\/www.koncevisiontv.cl\/web\/wp-json\/wp\/v2\/posts"}],"about":[{"href":"https:\/\/www.koncevisiontv.cl\/web\/wp-json\/wp\/v2\/types\/post"}],"author":[{"embeddable":true,"href":"https:\/\/www.koncevisiontv.cl\/web\/wp-json\/wp\/v2\/users\/5"}],"replies":[{"embeddable":true,"href":"https:\/\/www.koncevisiontv.cl\/web\/wp-json\/wp\/v2\/comments?post=2671"}],"version-history":[{"count":1,"href":"https:\/\/www.koncevisiontv.cl\/web\/wp-json\/wp\/v2\/posts\/2671\/revisions"}],"predecessor-version":[{"id":2673,"href":"https:\/\/www.koncevisiontv.cl\/web\/wp-json\/wp\/v2\/posts\/2671\/revisions\/2673"}],"wp:featuredmedia":[{"embeddable":true,"href":"https:\/\/www.koncevisiontv.cl\/web\/wp-json\/wp\/v2\/media\/2672"}],"wp:attachment":[{"href":"https:\/\/www.koncevisiontv.cl\/web\/wp-json\/wp\/v2\/media?parent=2671"}],"wp:term":[{"taxonomy":"category","embeddable":true,"href":"https:\/\/www.koncevisiontv.cl\/web\/wp-json\/wp\/v2\/categories?post=2671"},{"taxonomy":"post_tag","embeddable":true,"href":"https:\/\/www.koncevisiontv.cl\/web\/wp-json\/wp\/v2\/tags?post=2671"}],"curies":[{"name":"wp","href":"https:\/\/api.w.org\/{rel}","templated":true}]}}