{"id":2675,"date":"2024-10-14T11:25:34","date_gmt":"2024-10-14T14:25:34","guid":{"rendered":"https:\/\/www.koncevisiontv.cl\/web\/?p=2675"},"modified":"2024-10-14T11:28:54","modified_gmt":"2024-10-14T14:28:54","slug":"fiscalia-solicita-arraigo-nacional-y-firma-quincenal-para-los-generales-en-retiro-yanez-rozas-y-olate-por-presunto-uso-indebido-de-viaticos-en-carabineros","status":"publish","type":"post","link":"https:\/\/www.koncevisiontv.cl\/web\/fiscalia-solicita-arraigo-nacional-y-firma-quincenal-para-los-generales-en-retiro-yanez-rozas-y-olate-por-presunto-uso-indebido-de-viaticos-en-carabineros\/","title":{"rendered":"Fiscal\u00eda solicita arraigo nacional y firma quincenal para los generales en retiro Y\u00e1\u00f1ez, Rozas y Olate por presunto uso indebido de vi\u00e1ticos en Carabineros."},"content":{"rendered":"\n<div class=\"wp-block-uagb-image uagb-block-3de442fa wp-block-uagb-image--layout-default wp-block-uagb-image--effect-static wp-block-uagb-image--align-none\"><figure class=\"wp-block-uagb-image__figure\"><img decoding=\"async\" srcset=\"https:\/\/www.koncevisiontv.cl\/web\/wp-content\/uploads\/2024\/10\/CASOCARABINEROS-1-1024x623.webp ,https:\/\/www.koncevisiontv.cl\/web\/wp-content\/uploads\/2024\/10\/CASOCARABINEROS-1-scaled.webp 780w, https:\/\/www.koncevisiontv.cl\/web\/wp-content\/uploads\/2024\/10\/CASOCARABINEROS-1-scaled.webp 360w\" sizes=\"auto, (max-width: 480px) 150px\" src=\"https:\/\/www.koncevisiontv.cl\/web\/wp-content\/uploads\/2024\/10\/CASOCARABINEROS-1-1024x623.webp\" alt=\"\" class=\"uag-image-2679\" width=\"1024\" height=\"623\" title=\"CASOCARABINEROS\" loading=\"lazy\" role=\"img\"><figcaption class=\"uagb-image-caption\">Fiscal\u00eda solicita arraigo nacional y firma quincenal para los generales en retiro Y\u00e1\u00f1ez, Rozas y Olate por presunto uso indebido de vi\u00e1ticos en Carabineros.<\/figcaption><\/figure><\/div>\n\n\n\n<p class=\"wp-block-paragraph\">La <strong>Fiscal\u00eda<\/strong> ha solicitado medidas cautelares de <strong>arraigo nacional<\/strong> y <strong>firma quincenal<\/strong> para los generales en retiro <strong>Ricardo Y\u00e1\u00f1ez<\/strong>, <strong>Mario Rozas<\/strong>, y <strong>Enrique Olate<\/strong>, como parte de la investigaci\u00f3n que involucra el uso indebido de vi\u00e1ticos en <strong>Carabineros de Chile<\/strong>. Seg\u00fan la acusaci\u00f3n, los exmandos policiales habr\u00edan recibido pagos irregulares durante sus gestiones, lo que ha despertado controversia y se\u00f1alado presuntas malas pr\u00e1cticas en la administraci\u00f3n de recursos p\u00fablicos dentro de la instituci\u00f3n.<\/p>\n\n\n\n<p class=\"wp-block-paragraph\"><\/p>\n\n\n\n<p class=\"wp-block-paragraph\"><\/p>\n","protected":false},"excerpt":{"rendered":"<p>La Fiscal\u00eda ha solicitado medidas cautelares de arraigo nacional y firma quincenal para los generales en retiro Ricardo<\/p>\n","protected":false},"author":5,"featured_media":2677,"comment_status":"open","ping_status":"open","sticky":false,"template":"","format":"standard","meta":{"_crdt_document":"","_uag_custom_page_level_css":"","_sitemap_exclude":false,"_sitemap_priority":"","_sitemap_frequency":"","_joinchat":[],"footnotes":""},"categories":[14],"tags":[],"class_list":["post-2675","post","type-post","status-publish","format-standard","has-post-thumbnail","hentry","category-nacional"],"featured_image_urls":{"full":["https:\/\/www.koncevisiontv.cl\/web\/wp-content\/uploads\/2024\/10\/CASOCARABINEROS-scaled.webp",2560,1556,false],"thumbnail":["https:\/\/www.koncevisiontv.cl\/web\/wp-content\/uploads\/2024\/10\/CASOCARABINEROS-150x150.webp",150,150,true],"medium":["https:\/\/www.koncevisiontv.cl\/web\/wp-content\/uploads\/2024\/10\/CASOCARABINEROS-300x182.webp",300,182,true],"medium_large":["https:\/\/www.koncevisiontv.cl\/web\/wp-content\/uploads\/2024\/10\/CASOCARABINEROS-768x467.webp",640,389,true],"large":["https:\/\/www.koncevisiontv.cl\/web\/wp-content\/uploads\/2024\/10\/CASOCARABINEROS-1024x623.webp",640,389,true],"1536x1536":["https:\/\/www.koncevisiontv.cl\/web\/wp-content\/uploads\/2024\/10\/CASOCARABINEROS-1536x934.webp",1536,934,true],"2048x2048":["https:\/\/www.koncevisiontv.cl\/web\/wp-content\/uploads\/2024\/10\/CASOCARABINEROS-2048x1245.webp",2048,1245,true],"darknews-featured":["https:\/\/www.koncevisiontv.cl\/web\/wp-content\/uploads\/2024\/10\/CASOCARABINEROS-1024x623.webp",1024,623,true],"darknews-large":["https:\/\/www.koncevisiontv.cl\/web\/wp-content\/uploads\/2024\/10\/CASOCARABINEROS-825x575.webp",825,575,true],"darknews-medium":["https:\/\/www.koncevisiontv.cl\/web\/wp-content\/uploads\/2024\/10\/CASOCARABINEROS-590x410.webp",590,410,true]},"author_info":{"info":["Web-Master"]},"category_info":"<a href=\"https:\/\/www.koncevisiontv.cl\/web\/category\/nacional\/\" rel=\"category tag\">Nacional<\/a>","tag_info":"Nacional","comment_count":"0","uagb_featured_image_src":{"full":["https:\/\/www.koncevisiontv.cl\/web\/wp-content\/uploads\/2024\/10\/CASOCARABINEROS-scaled.webp",2560,1556,false],"thumbnail":["https:\/\/www.koncevisiontv.cl\/web\/wp-content\/uploads\/2024\/10\/CASOCARABINEROS-150x150.webp",150,150,true],"medium":["https:\/\/www.koncevisiontv.cl\/web\/wp-content\/uploads\/2024\/10\/CASOCARABINEROS-300x182.webp",300,182,true],"medium_large":["https:\/\/www.koncevisiontv.cl\/web\/wp-content\/uploads\/2024\/10\/CASOCARABINEROS-768x467.webp",640,389,true],"large":["https:\/\/www.koncevisiontv.cl\/web\/wp-content\/uploads\/2024\/10\/CASOCARABINEROS-1024x623.webp",640,389,true],"1536x1536":["https:\/\/www.koncevisiontv.cl\/web\/wp-content\/uploads\/2024\/10\/CASOCARABINEROS-1536x934.webp",1536,934,true],"2048x2048":["https:\/\/www.koncevisiontv.cl\/web\/wp-content\/uploads\/2024\/10\/CASOCARABINEROS-2048x1245.webp",2048,1245,true],"darknews-featured":["https:\/\/www.koncevisiontv.cl\/web\/wp-content\/uploads\/2024\/10\/CASOCARABINEROS-1024x623.webp",1024,623,true],"darknews-large":["https:\/\/www.koncevisiontv.cl\/web\/wp-content\/uploads\/2024\/10\/CASOCARABINEROS-825x575.webp",825,575,true],"darknews-medium":["https:\/\/www.koncevisiontv.cl\/web\/wp-content\/uploads\/2024\/10\/CASOCARABINEROS-590x410.webp",590,410,true]},"uagb_author_info":{"display_name":"Web-Master","author_link":"https:\/\/www.koncevisiontv.cl\/web\/author\/koncevision\/"},"uagb_comment_info":0,"uagb_excerpt":"La Fiscal\u00eda ha solicitado medidas cautelares de arraigo nacional y firma quincenal para los generales en retiro Ricardo","_links":{"self":[{"href":"https:\/\/www.koncevisiontv.cl\/web\/wp-json\/wp\/v2\/posts\/2675","targetHints":{"allow":["GET"]}}],"collection":[{"href":"https:\/\/www.koncevisiontv.cl\/web\/wp-json\/wp\/v2\/posts"}],"about":[{"href":"https:\/\/www.koncevisiontv.cl\/web\/wp-json\/wp\/v2\/types\/post"}],"author":[{"embeddable":true,"href":"https:\/\/www.koncevisiontv.cl\/web\/wp-json\/wp\/v2\/users\/5"}],"replies":[{"embeddable":true,"href":"https:\/\/www.koncevisiontv.cl\/web\/wp-json\/wp\/v2\/comments?post=2675"}],"version-history":[{"count":3,"href":"https:\/\/www.koncevisiontv.cl\/web\/wp-json\/wp\/v2\/posts\/2675\/revisions"}],"predecessor-version":[{"id":2680,"href":"https:\/\/www.koncevisiontv.cl\/web\/wp-json\/wp\/v2\/posts\/2675\/revisions\/2680"}],"wp:featuredmedia":[{"embeddable":true,"href":"https:\/\/www.koncevisiontv.cl\/web\/wp-json\/wp\/v2\/media\/2677"}],"wp:attachment":[{"href":"https:\/\/www.koncevisiontv.cl\/web\/wp-json\/wp\/v2\/media?parent=2675"}],"wp:term":[{"taxonomy":"category","embeddable":true,"href":"https:\/\/www.koncevisiontv.cl\/web\/wp-json\/wp\/v2\/categories?post=2675"},{"taxonomy":"post_tag","embeddable":true,"href":"https:\/\/www.koncevisiontv.cl\/web\/wp-json\/wp\/v2\/tags?post=2675"}],"curies":[{"name":"wp","href":"https:\/\/api.w.org\/{rel}","templated":true}]}}