{"id":2698,"date":"2024-10-14T18:16:36","date_gmt":"2024-10-14T21:16:36","guid":{"rendered":"https:\/\/www.koncevisiontv.cl\/web\/?p=2698"},"modified":"2024-10-14T18:17:21","modified_gmt":"2024-10-14T21:17:21","slug":"concepcion-comision-de-la-corte-de-apelaciones-analiza-mas-de-300-solicitudes-de-libertad-condicional","status":"publish","type":"post","link":"https:\/\/www.koncevisiontv.cl\/web\/concepcion-comision-de-la-corte-de-apelaciones-analiza-mas-de-300-solicitudes-de-libertad-condicional\/","title":{"rendered":"Concepci\u00f3n: Comisi\u00f3n de la Corte de Apelaciones analiza m\u00e1s de 300 solicitudes de libertad condicional"},"content":{"rendered":"\n<div class=\"wp-block-uagb-image uagb-block-636584f6 wp-block-uagb-image--layout-default wp-block-uagb-image--effect-static wp-block-uagb-image--align-none\"><figure class=\"wp-block-uagb-image__figure\"><img decoding=\"async\" srcset=\"https:\/\/www.koncevisiontv.cl\/web\/wp-content\/uploads\/2024\/10\/libertad-condicional-1024x576.jpg ,https:\/\/www.koncevisiontv.cl\/web\/wp-content\/uploads\/2024\/10\/libertad-condicional.jpg 780w, https:\/\/www.koncevisiontv.cl\/web\/wp-content\/uploads\/2024\/10\/libertad-condicional.jpg 360w\" sizes=\"auto, (max-width: 480px) 150px\" src=\"https:\/\/www.koncevisiontv.cl\/web\/wp-content\/uploads\/2024\/10\/libertad-condicional-1024x576.jpg\" alt=\"\" class=\"uag-image-2699\" width=\"1024\" height=\"576\" title=\"libertad-condicional\" loading=\"lazy\" role=\"img\"><\/figure><\/div>\n\n\n\n<p class=\"wp-block-paragraph\"><\/p>\n\n\n\n<p class=\"wp-block-paragraph\">En la regi\u00f3n del Biob\u00edo, la <strong>Comisi\u00f3n de la Corte de Apelaciones de Concepci\u00f3n<\/strong> ha iniciado el an\u00e1lisis de <strong>304 solicitudes de libertad condicional<\/strong>. Este proceso corresponde al segundo semestre de 2024 y tiene como objetivo evaluar la situaci\u00f3n de reclusos que podr\u00edan obtener el beneficio, siempre y cuando cumplan con los requisitos establecidos por la ley, como haber completado la mitad de su condena, demostrar buena conducta, y participar en programas de rehabilitaci\u00f3n.<\/p>\n\n\n\n<p class=\"wp-block-paragraph\">La revisi\u00f3n abarca solicitudes de internos condenados por delitos de diversas categor\u00edas, lo que ha generado preocupaci\u00f3n y debate en la comunidad. <strong>Marcela Godoy<\/strong>, secretaria de la comisi\u00f3n, explic\u00f3 que el proceso es exhaustivo, y cada solicitud es evaluada individualmente, considerando los antecedentes del recluso y los informes de las instituciones penitenciarias.<\/p>\n\n\n\n<p class=\"wp-block-paragraph\">El <strong>beneficio de libertad condicional<\/strong> permite que los reclusos terminen de cumplir su condena en libertad, bajo ciertas condiciones y con supervisi\u00f3n. Las autoridades judiciales han reiterado que este beneficio no implica una reducci\u00f3n de la pena, sino que es parte del proceso de reinserci\u00f3n social. Sin embargo, hay sectores que cuestionan que reclusos condenados por delitos graves puedan optar a este tipo de beneficios.<\/p>\n\n\n\n<p class=\"wp-block-paragraph\">Este proceso de revisi\u00f3n genera expectativas tanto entre los internos como entre sus familias, mientras que las organizaciones de v\u00edctimas de delitos se mantienen alertas ante la posibilidad de que algunos condenados por delitos violentos puedan obtener el beneficio.<\/p>\n","protected":false},"excerpt":{"rendered":"<p>En la regi\u00f3n del Biob\u00edo, la Comisi\u00f3n de la Corte de Apelaciones de Concepci\u00f3n ha iniciado el an\u00e1lisis<\/p>\n","protected":false},"author":5,"featured_media":2699,"comment_status":"open","ping_status":"open","sticky":false,"template":"","format":"standard","meta":{"_crdt_document":"","_uag_custom_page_level_css":"","_sitemap_exclude":false,"_sitemap_priority":"","_sitemap_frequency":"","_joinchat":[],"footnotes":""},"categories":[14],"tags":[],"class_list":["post-2698","post","type-post","status-publish","format-standard","has-post-thumbnail","hentry","category-nacional"],"featured_image_urls":{"full":["https:\/\/www.koncevisiontv.cl\/web\/wp-content\/uploads\/2024\/10\/libertad-condicional.jpg",1280,720,false],"thumbnail":["https:\/\/www.koncevisiontv.cl\/web\/wp-content\/uploads\/2024\/10\/libertad-condicional-150x150.jpg",150,150,true],"medium":["https:\/\/www.koncevisiontv.cl\/web\/wp-content\/uploads\/2024\/10\/libertad-condicional-300x169.jpg",300,169,true],"medium_large":["https:\/\/www.koncevisiontv.cl\/web\/wp-content\/uploads\/2024\/10\/libertad-condicional-768x432.jpg",640,360,true],"large":["https:\/\/www.koncevisiontv.cl\/web\/wp-content\/uploads\/2024\/10\/libertad-condicional-1024x576.jpg",640,360,true],"1536x1536":["https:\/\/www.koncevisiontv.cl\/web\/wp-content\/uploads\/2024\/10\/libertad-condicional.jpg",1280,720,false],"2048x2048":["https:\/\/www.koncevisiontv.cl\/web\/wp-content\/uploads\/2024\/10\/libertad-condicional.jpg",1280,720,false],"darknews-featured":["https:\/\/www.koncevisiontv.cl\/web\/wp-content\/uploads\/2024\/10\/libertad-condicional-1024x576.jpg",1024,576,true],"darknews-large":["https:\/\/www.koncevisiontv.cl\/web\/wp-content\/uploads\/2024\/10\/libertad-condicional-825x575.jpg",825,575,true],"darknews-medium":["https:\/\/www.koncevisiontv.cl\/web\/wp-content\/uploads\/2024\/10\/libertad-condicional-590x410.jpg",590,410,true]},"author_info":{"info":["Web-Master"]},"category_info":"<a href=\"https:\/\/www.koncevisiontv.cl\/web\/category\/nacional\/\" rel=\"category tag\">Nacional<\/a>","tag_info":"Nacional","comment_count":"0","uagb_featured_image_src":{"full":["https:\/\/www.koncevisiontv.cl\/web\/wp-content\/uploads\/2024\/10\/libertad-condicional.jpg",1280,720,false],"thumbnail":["https:\/\/www.koncevisiontv.cl\/web\/wp-content\/uploads\/2024\/10\/libertad-condicional-150x150.jpg",150,150,true],"medium":["https:\/\/www.koncevisiontv.cl\/web\/wp-content\/uploads\/2024\/10\/libertad-condicional-300x169.jpg",300,169,true],"medium_large":["https:\/\/www.koncevisiontv.cl\/web\/wp-content\/uploads\/2024\/10\/libertad-condicional-768x432.jpg",640,360,true],"large":["https:\/\/www.koncevisiontv.cl\/web\/wp-content\/uploads\/2024\/10\/libertad-condicional-1024x576.jpg",640,360,true],"1536x1536":["https:\/\/www.koncevisiontv.cl\/web\/wp-content\/uploads\/2024\/10\/libertad-condicional.jpg",1280,720,false],"2048x2048":["https:\/\/www.koncevisiontv.cl\/web\/wp-content\/uploads\/2024\/10\/libertad-condicional.jpg",1280,720,false],"darknews-featured":["https:\/\/www.koncevisiontv.cl\/web\/wp-content\/uploads\/2024\/10\/libertad-condicional-1024x576.jpg",1024,576,true],"darknews-large":["https:\/\/www.koncevisiontv.cl\/web\/wp-content\/uploads\/2024\/10\/libertad-condicional-825x575.jpg",825,575,true],"darknews-medium":["https:\/\/www.koncevisiontv.cl\/web\/wp-content\/uploads\/2024\/10\/libertad-condicional-590x410.jpg",590,410,true]},"uagb_author_info":{"display_name":"Web-Master","author_link":"https:\/\/www.koncevisiontv.cl\/web\/author\/koncevision\/"},"uagb_comment_info":0,"uagb_excerpt":"En la regi\u00f3n del Biob\u00edo, la Comisi\u00f3n de la Corte de Apelaciones de Concepci\u00f3n ha iniciado el an\u00e1lisis","_links":{"self":[{"href":"https:\/\/www.koncevisiontv.cl\/web\/wp-json\/wp\/v2\/posts\/2698","targetHints":{"allow":["GET"]}}],"collection":[{"href":"https:\/\/www.koncevisiontv.cl\/web\/wp-json\/wp\/v2\/posts"}],"about":[{"href":"https:\/\/www.koncevisiontv.cl\/web\/wp-json\/wp\/v2\/types\/post"}],"author":[{"embeddable":true,"href":"https:\/\/www.koncevisiontv.cl\/web\/wp-json\/wp\/v2\/users\/5"}],"replies":[{"embeddable":true,"href":"https:\/\/www.koncevisiontv.cl\/web\/wp-json\/wp\/v2\/comments?post=2698"}],"version-history":[{"count":2,"href":"https:\/\/www.koncevisiontv.cl\/web\/wp-json\/wp\/v2\/posts\/2698\/revisions"}],"predecessor-version":[{"id":2702,"href":"https:\/\/www.koncevisiontv.cl\/web\/wp-json\/wp\/v2\/posts\/2698\/revisions\/2702"}],"wp:featuredmedia":[{"embeddable":true,"href":"https:\/\/www.koncevisiontv.cl\/web\/wp-json\/wp\/v2\/media\/2699"}],"wp:attachment":[{"href":"https:\/\/www.koncevisiontv.cl\/web\/wp-json\/wp\/v2\/media?parent=2698"}],"wp:term":[{"taxonomy":"category","embeddable":true,"href":"https:\/\/www.koncevisiontv.cl\/web\/wp-json\/wp\/v2\/categories?post=2698"},{"taxonomy":"post_tag","embeddable":true,"href":"https:\/\/www.koncevisiontv.cl\/web\/wp-json\/wp\/v2\/tags?post=2698"}],"curies":[{"name":"wp","href":"https:\/\/api.w.org\/{rel}","templated":true}]}}