{"id":2704,"date":"2024-10-15T11:33:00","date_gmt":"2024-10-15T14:33:00","guid":{"rendered":"https:\/\/www.koncevisiontv.cl\/web\/?p=2704"},"modified":"2024-10-15T11:33:02","modified_gmt":"2024-10-15T14:33:02","slug":"denuncias-anonimas-ayudaron-a-la-detencion-de-cuatro-carabineros-por-su-implicacion-en-el-caso-brinks","status":"publish","type":"post","link":"https:\/\/www.koncevisiontv.cl\/web\/denuncias-anonimas-ayudaron-a-la-detencion-de-cuatro-carabineros-por-su-implicacion-en-el-caso-brinks\/","title":{"rendered":"Caso Brinks: Denuncias an\u00f3nimas habr\u00edan facilitado la detenci\u00f3n de Carabineros, seg\u00fan ministra Toh\u00e1"},"content":{"rendered":"\n<div class=\"wp-block-uagb-image uagb-block-853b6ecc wp-block-uagb-image--layout-default wp-block-uagb-image--effect-static wp-block-uagb-image--align-none\"><figure class=\"wp-block-uagb-image__figure\"><img decoding=\"async\" srcset=\"https:\/\/www.koncevisiontv.cl\/web\/wp-content\/uploads\/2024\/09\/SHUZELABZNATROIS4G2RLUKZV4.avif ,https:\/\/www.koncevisiontv.cl\/web\/wp-content\/uploads\/2024\/09\/SHUZELABZNATROIS4G2RLUKZV4.avif 780w, https:\/\/www.koncevisiontv.cl\/web\/wp-content\/uploads\/2024\/09\/SHUZELABZNATROIS4G2RLUKZV4.avif 360w\" sizes=\"auto, (max-width: 480px) 150px\" src=\"https:\/\/www.koncevisiontv.cl\/web\/wp-content\/uploads\/2024\/09\/SHUZELABZNATROIS4G2RLUKZV4.avif\" alt=\"Carolina Toh\u00e1\" class=\"uag-image-2274\" width=\"828\" height=\"552\" title=\"Crisis de Seguridad\" loading=\"lazy\" role=\"img\"\/><figcaption class=\"uagb-image-caption\">Denuncias an\u00f3nimas ayudaron a la detenci\u00f3n de cuatro carabineros por su implicaci\u00f3n en el caso Brinks, seg\u00fan la ministra del Interior Carolina Toh\u00e1.<\/figcaption><\/figure><\/div>\n\n\n\n<p class=\"wp-block-paragraph\"><\/p>\n\n\n\n<p class=\"wp-block-paragraph\">En el marco del caso Brinks, la ministra del Interior, <strong>Carolina Toh\u00e1<\/strong>, explic\u00f3 que <strong>denuncias an\u00f3nimas<\/strong> fueron determinantes para la captura de <strong>cuatro carabineros<\/strong> involucrados en el robo a un cami\u00f3n de valores de la empresa Brinks. Las denuncias ciudadanas proporcionaron informaci\u00f3n clave que permiti\u00f3 a las autoridades avanzar en la investigaci\u00f3n y arrestar a los funcionarios, quienes ya fueron formalizados por <strong>robo con intimidaci\u00f3n<\/strong>.<\/p>\n\n\n\n<p class=\"wp-block-paragraph\">La ministra destac\u00f3 que, sin la intervenci\u00f3n de estas denuncias, hubiera sido mucho m\u00e1s complicado capturar a los carabineros involucrados, dado que su posici\u00f3n dentro de la instituci\u00f3n les proporcionaba una cierta protecci\u00f3n o conocimiento de los procesos policiales. Toh\u00e1 tambi\u00e9n se\u00f1al\u00f3 la importancia de <strong>reforzar los controles internos<\/strong> dentro de las instituciones p\u00fablicas, particularmente en cuerpos de seguridad como Carabineros de Chile, para evitar este tipo de delitos desde adentro.<\/p>\n\n\n\n<p class=\"wp-block-paragraph\">El caso ha generado un fuerte impacto tanto a nivel p\u00fablico como pol\u00edtico. La ministra subray\u00f3 que este tipo de hechos profundizan la desconfianza hacia Carabineros, lo que requiere no solo acciones judiciales inmediatas, sino tambi\u00e9n un enfoque m\u00e1s amplio en la <strong>reforma institucional<\/strong> para prevenir la corrupci\u00f3n interna.<\/p>\n\n\n\n<p class=\"wp-block-paragraph\">Por otro lado, se ha abierto un debate en torno a la capacidad de las autoridades para sancionar a aquellos que, desde su posici\u00f3n de poder, utilizan su uniforme para cometer cr\u00edmenes. La opini\u00f3n p\u00fablica ha reaccionado de manera en\u00e9rgica, exigiendo <strong>mayor transparencia y medidas contundentes<\/strong> para castigar a los responsables.<\/p>\n\n\n\n<p class=\"wp-block-paragraph\">La <strong>formalizaci\u00f3n de los cuatro carabineros<\/strong> implicados es un avance importante en la investigaci\u00f3n, pero a\u00fan se esperan m\u00e1s detalles sobre los posibles v\u00ednculos entre los detenidos y otras personas dentro de la instituci\u00f3n. Se ha iniciado un proceso de <strong>investigaci\u00f3n interna<\/strong> dentro de Carabineros para determinar si hay m\u00e1s implicados y c\u00f3mo evitar futuras situaciones de este tipo.<\/p>\n","protected":false},"excerpt":{"rendered":"<p>En el marco del caso Brinks, la ministra del Interior, Carolina Toh\u00e1, explic\u00f3 que denuncias an\u00f3nimas fueron determinantes<\/p>\n","protected":false},"author":5,"featured_media":2274,"comment_status":"open","ping_status":"open","sticky":false,"template":"","format":"standard","meta":{"_crdt_document":"","_uag_custom_page_level_css":"","_sitemap_exclude":false,"_sitemap_priority":"","_sitemap_frequency":"","_joinchat":[],"footnotes":""},"categories":[14],"tags":[],"class_list":["post-2704","post","type-post","status-publish","format-standard","has-post-thumbnail","hentry","category-nacional"],"featured_image_urls":{"full":["https:\/\/www.koncevisiontv.cl\/web\/wp-content\/uploads\/2024\/09\/SHUZELABZNATROIS4G2RLUKZV4.avif",828,552,false],"thumbnail":["https:\/\/www.koncevisiontv.cl\/web\/wp-content\/uploads\/2024\/09\/SHUZELABZNATROIS4G2RLUKZV4-150x150.avif",150,150,true],"medium":["https:\/\/www.koncevisiontv.cl\/web\/wp-content\/uploads\/2024\/09\/SHUZELABZNATROIS4G2RLUKZV4-300x200.avif",300,200,true],"medium_large":["https:\/\/www.koncevisiontv.cl\/web\/wp-content\/uploads\/2024\/09\/SHUZELABZNATROIS4G2RLUKZV4-768x512.avif",640,427,true],"large":["https:\/\/www.koncevisiontv.cl\/web\/wp-content\/uploads\/2024\/09\/SHUZELABZNATROIS4G2RLUKZV4.avif",640,427,false],"1536x1536":["https:\/\/www.koncevisiontv.cl\/web\/wp-content\/uploads\/2024\/09\/SHUZELABZNATROIS4G2RLUKZV4.avif",828,552,false],"2048x2048":["https:\/\/www.koncevisiontv.cl\/web\/wp-content\/uploads\/2024\/09\/SHUZELABZNATROIS4G2RLUKZV4.avif",828,552,false],"darknews-featured":["https:\/\/www.koncevisiontv.cl\/web\/wp-content\/uploads\/2024\/09\/SHUZELABZNATROIS4G2RLUKZV4.avif",828,552,false],"darknews-large":["https:\/\/www.koncevisiontv.cl\/web\/wp-content\/uploads\/2024\/09\/SHUZELABZNATROIS4G2RLUKZV4-825x552.avif",825,552,true],"darknews-medium":["https:\/\/www.koncevisiontv.cl\/web\/wp-content\/uploads\/2024\/09\/SHUZELABZNATROIS4G2RLUKZV4-590x410.avif",590,410,true]},"author_info":{"info":["Web-Master"]},"category_info":"<a href=\"https:\/\/www.koncevisiontv.cl\/web\/category\/nacional\/\" rel=\"category tag\">Nacional<\/a>","tag_info":"Nacional","comment_count":"0","uagb_featured_image_src":{"full":["https:\/\/www.koncevisiontv.cl\/web\/wp-content\/uploads\/2024\/09\/SHUZELABZNATROIS4G2RLUKZV4.avif",828,552,false],"thumbnail":["https:\/\/www.koncevisiontv.cl\/web\/wp-content\/uploads\/2024\/09\/SHUZELABZNATROIS4G2RLUKZV4-150x150.avif",150,150,true],"medium":["https:\/\/www.koncevisiontv.cl\/web\/wp-content\/uploads\/2024\/09\/SHUZELABZNATROIS4G2RLUKZV4-300x200.avif",300,200,true],"medium_large":["https:\/\/www.koncevisiontv.cl\/web\/wp-content\/uploads\/2024\/09\/SHUZELABZNATROIS4G2RLUKZV4-768x512.avif",640,427,true],"large":["https:\/\/www.koncevisiontv.cl\/web\/wp-content\/uploads\/2024\/09\/SHUZELABZNATROIS4G2RLUKZV4.avif",640,427,false],"1536x1536":["https:\/\/www.koncevisiontv.cl\/web\/wp-content\/uploads\/2024\/09\/SHUZELABZNATROIS4G2RLUKZV4.avif",828,552,false],"2048x2048":["https:\/\/www.koncevisiontv.cl\/web\/wp-content\/uploads\/2024\/09\/SHUZELABZNATROIS4G2RLUKZV4.avif",828,552,false],"darknews-featured":["https:\/\/www.koncevisiontv.cl\/web\/wp-content\/uploads\/2024\/09\/SHUZELABZNATROIS4G2RLUKZV4.avif",828,552,false],"darknews-large":["https:\/\/www.koncevisiontv.cl\/web\/wp-content\/uploads\/2024\/09\/SHUZELABZNATROIS4G2RLUKZV4-825x552.avif",825,552,true],"darknews-medium":["https:\/\/www.koncevisiontv.cl\/web\/wp-content\/uploads\/2024\/09\/SHUZELABZNATROIS4G2RLUKZV4-590x410.avif",590,410,true]},"uagb_author_info":{"display_name":"Web-Master","author_link":"https:\/\/www.koncevisiontv.cl\/web\/author\/koncevision\/"},"uagb_comment_info":0,"uagb_excerpt":"En el marco del caso Brinks, la ministra del Interior, Carolina Toh\u00e1, explic\u00f3 que denuncias an\u00f3nimas fueron determinantes","_links":{"self":[{"href":"https:\/\/www.koncevisiontv.cl\/web\/wp-json\/wp\/v2\/posts\/2704","targetHints":{"allow":["GET"]}}],"collection":[{"href":"https:\/\/www.koncevisiontv.cl\/web\/wp-json\/wp\/v2\/posts"}],"about":[{"href":"https:\/\/www.koncevisiontv.cl\/web\/wp-json\/wp\/v2\/types\/post"}],"author":[{"embeddable":true,"href":"https:\/\/www.koncevisiontv.cl\/web\/wp-json\/wp\/v2\/users\/5"}],"replies":[{"embeddable":true,"href":"https:\/\/www.koncevisiontv.cl\/web\/wp-json\/wp\/v2\/comments?post=2704"}],"version-history":[{"count":1,"href":"https:\/\/www.koncevisiontv.cl\/web\/wp-json\/wp\/v2\/posts\/2704\/revisions"}],"predecessor-version":[{"id":2705,"href":"https:\/\/www.koncevisiontv.cl\/web\/wp-json\/wp\/v2\/posts\/2704\/revisions\/2705"}],"wp:featuredmedia":[{"embeddable":true,"href":"https:\/\/www.koncevisiontv.cl\/web\/wp-json\/wp\/v2\/media\/2274"}],"wp:attachment":[{"href":"https:\/\/www.koncevisiontv.cl\/web\/wp-json\/wp\/v2\/media?parent=2704"}],"wp:term":[{"taxonomy":"category","embeddable":true,"href":"https:\/\/www.koncevisiontv.cl\/web\/wp-json\/wp\/v2\/categories?post=2704"},{"taxonomy":"post_tag","embeddable":true,"href":"https:\/\/www.koncevisiontv.cl\/web\/wp-json\/wp\/v2\/tags?post=2704"}],"curies":[{"name":"wp","href":"https:\/\/api.w.org\/{rel}","templated":true}]}}