{"id":2707,"date":"2024-10-15T12:24:57","date_gmt":"2024-10-15T15:24:57","guid":{"rendered":"https:\/\/www.koncevisiontv.cl\/web\/?p=2707"},"modified":"2024-10-15T12:24:58","modified_gmt":"2024-10-15T15:24:58","slug":"boric-insta-a-no-perder-tiempo-con-acusaciones-constitucionales-y-enfocarse-en-las-prioridades-del-pais","status":"publish","type":"post","link":"https:\/\/www.koncevisiontv.cl\/web\/boric-insta-a-no-perder-tiempo-con-acusaciones-constitucionales-y-enfocarse-en-las-prioridades-del-pais\/","title":{"rendered":"Boric insta a no perder tiempo con acusaciones constitucionales y enfocarse en las prioridades del pa\u00eds"},"content":{"rendered":"\n<div class=\"wp-block-uagb-image uagb-block-83142442 wp-block-uagb-image--layout-default wp-block-uagb-image--effect-static wp-block-uagb-image--align-none\"><figure class=\"wp-block-uagb-image__figure\"><img decoding=\"async\" srcset=\"https:\/\/www.koncevisiontv.cl\/web\/wp-content\/uploads\/2023\/06\/5DIPBWE4UCE4BF5FDJRJ6WL45I-1024x744.jpg ,https:\/\/www.koncevisiontv.cl\/web\/wp-content\/uploads\/2023\/06\/5DIPBWE4UCE4BF5FDJRJ6WL45I-scaled.jpg 780w, https:\/\/www.koncevisiontv.cl\/web\/wp-content\/uploads\/2023\/06\/5DIPBWE4UCE4BF5FDJRJ6WL45I-scaled.jpg 360w\" sizes=\"auto, (max-width: 480px) 150px\" src=\"https:\/\/www.koncevisiontv.cl\/web\/wp-content\/uploads\/2023\/06\/5DIPBWE4UCE4BF5FDJRJ6WL45I-1024x744.jpg\" alt=\"Gabriel Boric Presidente de Chile\" class=\"uag-image-719\" width=\"1024\" height=\"744\" title=\"Boric evita comentar sobre el caso Cubillos: &quot;Me enfoco en gobernar, no en pol\u00e9micas&quot;\" loading=\"lazy\" role=\"img\"\/><figcaption class=\"uagb-image-caption\">Boric insta a no perder tiempo con acusaciones constitucionales y enfocarse en las prioridades del pa\u00eds<\/figcaption><\/figure><\/div>\n\n\n\n<p class=\"wp-block-paragraph\">El presidente <strong>Gabriel Boric<\/strong> hizo un llamado en\u00e9rgico a dejar de lado las constantes <strong>acusaciones constitucionales<\/strong> que, seg\u00fan \u00e9l, desv\u00edan la atenci\u00f3n de lo realmente importante para Chile. En medio de un contexto de crecientes tensiones pol\u00edticas, el mandatario urgi\u00f3 a los actores pol\u00edticos a centrarse en temas prioritarios como la <strong>seguridad, econom\u00eda, y reformas sociales<\/strong>. Boric enfatiz\u00f3 la necesidad de trabajar en conjunto para enfrentar los desaf\u00edos que afectan a la ciudadan\u00eda y evitar distracciones que entorpecen el progreso.<\/p>\n","protected":false},"excerpt":{"rendered":"<p>El presidente Gabriel Boric hizo un llamado en\u00e9rgico a dejar de lado las constantes acusaciones constitucionales que, seg\u00fan<\/p>\n","protected":false},"author":5,"featured_media":719,"comment_status":"open","ping_status":"open","sticky":false,"template":"","format":"standard","meta":{"_crdt_document":"","_uag_custom_page_level_css":"","_sitemap_exclude":false,"_sitemap_priority":"","_sitemap_frequency":"","_joinchat":[],"footnotes":""},"categories":[14],"tags":[],"class_list":["post-2707","post","type-post","status-publish","format-standard","has-post-thumbnail","hentry","category-nacional"],"featured_image_urls":{"full":["https:\/\/www.koncevisiontv.cl\/web\/wp-content\/uploads\/2023\/06\/5DIPBWE4UCE4BF5FDJRJ6WL45I-scaled.jpg",2560,1860,false],"thumbnail":["https:\/\/www.koncevisiontv.cl\/web\/wp-content\/uploads\/2023\/06\/5DIPBWE4UCE4BF5FDJRJ6WL45I-150x150.jpg",150,150,true],"medium":["https:\/\/www.koncevisiontv.cl\/web\/wp-content\/uploads\/2023\/06\/5DIPBWE4UCE4BF5FDJRJ6WL45I-300x218.jpg",300,218,true],"medium_large":["https:\/\/www.koncevisiontv.cl\/web\/wp-content\/uploads\/2023\/06\/5DIPBWE4UCE4BF5FDJRJ6WL45I-768x558.jpg",640,465,true],"large":["https:\/\/www.koncevisiontv.cl\/web\/wp-content\/uploads\/2023\/06\/5DIPBWE4UCE4BF5FDJRJ6WL45I-1024x744.jpg",640,465,true],"1536x1536":["https:\/\/www.koncevisiontv.cl\/web\/wp-content\/uploads\/2023\/06\/5DIPBWE4UCE4BF5FDJRJ6WL45I-1536x1116.jpg",1536,1116,true],"2048x2048":["https:\/\/www.koncevisiontv.cl\/web\/wp-content\/uploads\/2023\/06\/5DIPBWE4UCE4BF5FDJRJ6WL45I-2048x1488.jpg",2048,1488,true],"darknews-featured":["https:\/\/www.koncevisiontv.cl\/web\/wp-content\/uploads\/2023\/06\/5DIPBWE4UCE4BF5FDJRJ6WL45I-1024x744.jpg",1024,744,true],"darknews-large":["https:\/\/www.koncevisiontv.cl\/web\/wp-content\/uploads\/2023\/06\/5DIPBWE4UCE4BF5FDJRJ6WL45I-825x575.jpg",825,575,true],"darknews-medium":["https:\/\/www.koncevisiontv.cl\/web\/wp-content\/uploads\/2023\/06\/5DIPBWE4UCE4BF5FDJRJ6WL45I-590x410.jpg",590,410,true]},"author_info":{"info":["Web-Master"]},"category_info":"<a href=\"https:\/\/www.koncevisiontv.cl\/web\/category\/nacional\/\" rel=\"category tag\">Nacional<\/a>","tag_info":"Nacional","comment_count":"0","uagb_featured_image_src":{"full":["https:\/\/www.koncevisiontv.cl\/web\/wp-content\/uploads\/2023\/06\/5DIPBWE4UCE4BF5FDJRJ6WL45I-scaled.jpg",2560,1860,false],"thumbnail":["https:\/\/www.koncevisiontv.cl\/web\/wp-content\/uploads\/2023\/06\/5DIPBWE4UCE4BF5FDJRJ6WL45I-150x150.jpg",150,150,true],"medium":["https:\/\/www.koncevisiontv.cl\/web\/wp-content\/uploads\/2023\/06\/5DIPBWE4UCE4BF5FDJRJ6WL45I-300x218.jpg",300,218,true],"medium_large":["https:\/\/www.koncevisiontv.cl\/web\/wp-content\/uploads\/2023\/06\/5DIPBWE4UCE4BF5FDJRJ6WL45I-768x558.jpg",640,465,true],"large":["https:\/\/www.koncevisiontv.cl\/web\/wp-content\/uploads\/2023\/06\/5DIPBWE4UCE4BF5FDJRJ6WL45I-1024x744.jpg",640,465,true],"1536x1536":["https:\/\/www.koncevisiontv.cl\/web\/wp-content\/uploads\/2023\/06\/5DIPBWE4UCE4BF5FDJRJ6WL45I-1536x1116.jpg",1536,1116,true],"2048x2048":["https:\/\/www.koncevisiontv.cl\/web\/wp-content\/uploads\/2023\/06\/5DIPBWE4UCE4BF5FDJRJ6WL45I-2048x1488.jpg",2048,1488,true],"darknews-featured":["https:\/\/www.koncevisiontv.cl\/web\/wp-content\/uploads\/2023\/06\/5DIPBWE4UCE4BF5FDJRJ6WL45I-1024x744.jpg",1024,744,true],"darknews-large":["https:\/\/www.koncevisiontv.cl\/web\/wp-content\/uploads\/2023\/06\/5DIPBWE4UCE4BF5FDJRJ6WL45I-825x575.jpg",825,575,true],"darknews-medium":["https:\/\/www.koncevisiontv.cl\/web\/wp-content\/uploads\/2023\/06\/5DIPBWE4UCE4BF5FDJRJ6WL45I-590x410.jpg",590,410,true]},"uagb_author_info":{"display_name":"Web-Master","author_link":"https:\/\/www.koncevisiontv.cl\/web\/author\/koncevision\/"},"uagb_comment_info":0,"uagb_excerpt":"El presidente Gabriel Boric hizo un llamado en\u00e9rgico a dejar de lado las constantes acusaciones constitucionales que, seg\u00fan","_links":{"self":[{"href":"https:\/\/www.koncevisiontv.cl\/web\/wp-json\/wp\/v2\/posts\/2707","targetHints":{"allow":["GET"]}}],"collection":[{"href":"https:\/\/www.koncevisiontv.cl\/web\/wp-json\/wp\/v2\/posts"}],"about":[{"href":"https:\/\/www.koncevisiontv.cl\/web\/wp-json\/wp\/v2\/types\/post"}],"author":[{"embeddable":true,"href":"https:\/\/www.koncevisiontv.cl\/web\/wp-json\/wp\/v2\/users\/5"}],"replies":[{"embeddable":true,"href":"https:\/\/www.koncevisiontv.cl\/web\/wp-json\/wp\/v2\/comments?post=2707"}],"version-history":[{"count":2,"href":"https:\/\/www.koncevisiontv.cl\/web\/wp-json\/wp\/v2\/posts\/2707\/revisions"}],"predecessor-version":[{"id":2709,"href":"https:\/\/www.koncevisiontv.cl\/web\/wp-json\/wp\/v2\/posts\/2707\/revisions\/2709"}],"wp:featuredmedia":[{"embeddable":true,"href":"https:\/\/www.koncevisiontv.cl\/web\/wp-json\/wp\/v2\/media\/719"}],"wp:attachment":[{"href":"https:\/\/www.koncevisiontv.cl\/web\/wp-json\/wp\/v2\/media?parent=2707"}],"wp:term":[{"taxonomy":"category","embeddable":true,"href":"https:\/\/www.koncevisiontv.cl\/web\/wp-json\/wp\/v2\/categories?post=2707"},{"taxonomy":"post_tag","embeddable":true,"href":"https:\/\/www.koncevisiontv.cl\/web\/wp-json\/wp\/v2\/tags?post=2707"}],"curies":[{"name":"wp","href":"https:\/\/api.w.org\/{rel}","templated":true}]}}