{"id":2711,"date":"2024-10-15T16:22:40","date_gmt":"2024-10-15T19:22:40","guid":{"rendered":"https:\/\/www.koncevisiontv.cl\/web\/?p=2711"},"modified":"2024-10-15T16:25:32","modified_gmt":"2024-10-15T19:25:32","slug":"celebracion-del-dia-del-feriante-en-el-biobio-con-apoyo-de-empresas-vega-monumental","status":"publish","type":"post","link":"https:\/\/www.koncevisiontv.cl\/web\/celebracion-del-dia-del-feriante-en-el-biobio-con-apoyo-de-empresas-vega-monumental\/","title":{"rendered":"Celebraci\u00f3n del D\u00eda del Feriante en el Biob\u00edo con apoyo de Empresas Vega Monumental"},"content":{"rendered":"\n<div class=\"wp-block-uagb-image uagb-block-f0720e91 wp-block-uagb-image--layout-default wp-block-uagb-image--effect-static wp-block-uagb-image--align-none\"><figure class=\"wp-block-uagb-image__figure\"><img decoding=\"async\" srcset=\"https:\/\/www.koncevisiontv.cl\/web\/wp-content\/uploads\/2024\/08\/456189345_886020100228125_6200926046712071469_n.jpg ,https:\/\/www.koncevisiontv.cl\/web\/wp-content\/uploads\/2024\/08\/456189345_886020100228125_6200926046712071469_n.jpg 780w, https:\/\/www.koncevisiontv.cl\/web\/wp-content\/uploads\/2024\/08\/456189345_886020100228125_6200926046712071469_n.jpg 360w\" sizes=\"auto, (max-width: 480px) 150px\" src=\"https:\/\/www.koncevisiontv.cl\/web\/wp-content\/uploads\/2024\/08\/456189345_886020100228125_6200926046712071469_n.jpg\" alt=\"Empresas vega Monumental\" class=\"uag-image-1218\" width=\"796\" height=\"759\" title=\"456189345_886020100228125_6200926046712071469_n\" loading=\"lazy\" role=\"img\"\/><figcaption class=\"uagb-image-caption\">Empresas Vega Monumental apoy\u00f3 celebraci\u00f3n del D\u00eda del Feriante en el Biob\u00edo<\/figcaption><\/figure><\/div>\n\n\n\n<div class=\"wp-block-blockspare-blockspare-slider blockspare-7ad12843-62b0-4\" blockspare-animation=\"\"><style>.blockspare-7ad12843-62b0-4 .blockspare-slider-wrap span:before{color:#000}.blockspare-7ad12843-62b0-4 .blockspare-slider-wrap ul li button{color:#000}.blockspare-7ad12843-62b0-4 .blockspare-slider-wrap .slick-slider .slick-dots > li button{background-color:#000}.blockspare-7ad12843-62b0-4 .blockspare-slider-wrap .blockspare-gallery-figure{border-radius:0px}.blockspare-7ad12843-62b0-4 .slick-slider .slick-arrow:after{background-color:#fff}.blockspare-7ad12843-62b0-4 .blockspare-slider-wrap{margin-top:30px;margin-right:0px;margin-bottom:30px;margin-left:0px}<\/style><div class=\"blockspare-blocks blockspare-slider-wrap has-gutter-space-1 blockspare-original lpc-navigation-1 blockspare-navigation-small bs-has-equal-height\"><div class=\"blockspare-carousel-items\"><div data-next=\"fas fa-chevron-right\" data-prev=\"fas fa-chevron-left\" data-slick=\"{&quot;autoplay&quot;:true,&quot;slidesToShow&quot;:1,&quot;speed&quot;:&quot;1000&quot;,&quot;arrows&quot;:true,&quot;dots&quot;:false}\"><div><div class=\"blockspare-gallery-figure blockspare-hover-item\"> <img decoding=\"async\" src=\"https:\/\/www.koncevisiontv.cl\/web\/wp-content\/uploads\/2024\/10\/WhatsApp-Image-2024-10-15-at-15.04.43-1.jpeg\" alt=\"\" title=\"\"><\/div><\/div><div><div class=\"blockspare-gallery-figure blockspare-hover-item\"> <img decoding=\"async\" src=\"https:\/\/www.koncevisiontv.cl\/web\/wp-content\/uploads\/2024\/10\/WhatsApp-Image-2024-10-15-at-15.04.43.jpeg\" alt=\"\" title=\"\"><\/div><\/div><\/div><\/div><\/div><\/div>\n\n\n\n<p class=\"wp-block-paragraph\">Con el apoyo de Empresas Vega Monumental, la Asociaci\u00f3n Gremial de Ferias Libres del Biob\u00edo celebr\u00f3, por primera vez desde antes de la pandemia, el D\u00eda del Feriante. El evento se desarroll\u00f3 en el Complejo Tur\u00edstico Costa Mar, ubicado en el Camino a Coronel. La jornada reuni\u00f3 a feriantes y sus familias, quienes disfrutaron de m\u00fasica en vivo, animaci\u00f3n y un almuerzo de camarader\u00eda.<\/p>\n\n\n\n<p class=\"wp-block-paragraph\">La presidenta del Sindicato de Ferias Libres de Lota y Presidenta Regional de Ferias Libres, Paola Huenchum\u00e1n, destac\u00f3 el valor de este evento para el gremio: &#8220;Quiero agradecer especialmente el apoyo de Banco Estado y Empresas Vega Monumental, quienes hicieron posible que pudi\u00e9ramos celebrar este hito tan importante para nuestro gremio. Esta celebraci\u00f3n es una instancia de reconocimiento para todos los feriantes que d\u00eda a d\u00eda trabajan para llevar productos frescos a las familias de la regi\u00f3n. Retomar estas actividades nos permite reforzar el esp\u00edritu de unidad y colaboraci\u00f3n que caracteriza a nuestro gremio&#8221;.<\/p>\n\n\n\n<p class=\"wp-block-paragraph\">Por su parte, Froil\u00e1n Flores Echeverr\u00eda, Presidente de la Confederaci\u00f3n Nacional de Ferias Libres, hizo un llamado a la unidad gremial para avanzar en la formalizaci\u00f3n del sector: &#8220;La unidad es nuestra mayor fortaleza para lograr avances, como la implementaci\u00f3n de pagos electr\u00f3nicos y la regularizaci\u00f3n tributaria. Esto nos permitir\u00e1 adaptarnos a un pa\u00eds donde cada vez se utiliza menos el efectivo y mejorar el servicio a nuestros clientes, facilitando las compras a pensionados y estudiantes&#8221;.<\/p>\n\n\n\n<p class=\"wp-block-paragraph\">Juan Manuel Spoerer, Jefe Comercial del Mercado Mayorista\/Minorista de Empresas Vega Monumental, subray\u00f3 la importancia de apoyar a los feriantes: \u201cPara nosotros, como Empresas Vega Monumental, es clave acompa\u00f1ar y respaldar los esfuerzos de las ferias libres por formalizarse y modernizarse, porque creemos que esto contribuir\u00e1 a fortalecer a\u00fan m\u00e1s su rol en la comunidad y a mejorar las oportunidades de desarrollo para el sector\u201d.<\/p>\n","protected":false},"excerpt":{"rendered":"<p>Con el apoyo de Empresas Vega Monumental, la Asociaci\u00f3n Gremial de Ferias Libres del Biob\u00edo celebr\u00f3, por primera<\/p>\n","protected":false},"author":5,"featured_media":1218,"comment_status":"open","ping_status":"open","sticky":false,"template":"","format":"standard","meta":{"_crdt_document":"","_uag_custom_page_level_css":"","_sitemap_exclude":false,"_sitemap_priority":"","_sitemap_frequency":"","_joinchat":[],"footnotes":""},"categories":[14],"tags":[],"class_list":["post-2711","post","type-post","status-publish","format-standard","has-post-thumbnail","hentry","category-nacional"],"featured_image_urls":{"full":["https:\/\/www.koncevisiontv.cl\/web\/wp-content\/uploads\/2024\/08\/456189345_886020100228125_6200926046712071469_n.jpg",796,759,false],"thumbnail":["https:\/\/www.koncevisiontv.cl\/web\/wp-content\/uploads\/2024\/08\/456189345_886020100228125_6200926046712071469_n-150x150.jpg",150,150,true],"medium":["https:\/\/www.koncevisiontv.cl\/web\/wp-content\/uploads\/2024\/08\/456189345_886020100228125_6200926046712071469_n-300x286.jpg",300,286,true],"medium_large":["https:\/\/www.koncevisiontv.cl\/web\/wp-content\/uploads\/2024\/08\/456189345_886020100228125_6200926046712071469_n-768x732.jpg",640,610,true],"large":["https:\/\/www.koncevisiontv.cl\/web\/wp-content\/uploads\/2024\/08\/456189345_886020100228125_6200926046712071469_n.jpg",640,610,false],"1536x1536":["https:\/\/www.koncevisiontv.cl\/web\/wp-content\/uploads\/2024\/08\/456189345_886020100228125_6200926046712071469_n.jpg",796,759,false],"2048x2048":["https:\/\/www.koncevisiontv.cl\/web\/wp-content\/uploads\/2024\/08\/456189345_886020100228125_6200926046712071469_n.jpg",796,759,false],"darknews-featured":["https:\/\/www.koncevisiontv.cl\/web\/wp-content\/uploads\/2024\/08\/456189345_886020100228125_6200926046712071469_n.jpg",796,759,false],"darknews-large":["https:\/\/www.koncevisiontv.cl\/web\/wp-content\/uploads\/2024\/08\/456189345_886020100228125_6200926046712071469_n-796x575.jpg",796,575,true],"darknews-medium":["https:\/\/www.koncevisiontv.cl\/web\/wp-content\/uploads\/2024\/08\/456189345_886020100228125_6200926046712071469_n-590x410.jpg",590,410,true]},"author_info":{"info":["Web-Master"]},"category_info":"<a href=\"https:\/\/www.koncevisiontv.cl\/web\/category\/nacional\/\" rel=\"category tag\">Nacional<\/a>","tag_info":"Nacional","comment_count":"0","uagb_featured_image_src":{"full":["https:\/\/www.koncevisiontv.cl\/web\/wp-content\/uploads\/2024\/08\/456189345_886020100228125_6200926046712071469_n.jpg",796,759,false],"thumbnail":["https:\/\/www.koncevisiontv.cl\/web\/wp-content\/uploads\/2024\/08\/456189345_886020100228125_6200926046712071469_n-150x150.jpg",150,150,true],"medium":["https:\/\/www.koncevisiontv.cl\/web\/wp-content\/uploads\/2024\/08\/456189345_886020100228125_6200926046712071469_n-300x286.jpg",300,286,true],"medium_large":["https:\/\/www.koncevisiontv.cl\/web\/wp-content\/uploads\/2024\/08\/456189345_886020100228125_6200926046712071469_n-768x732.jpg",640,610,true],"large":["https:\/\/www.koncevisiontv.cl\/web\/wp-content\/uploads\/2024\/08\/456189345_886020100228125_6200926046712071469_n.jpg",640,610,false],"1536x1536":["https:\/\/www.koncevisiontv.cl\/web\/wp-content\/uploads\/2024\/08\/456189345_886020100228125_6200926046712071469_n.jpg",796,759,false],"2048x2048":["https:\/\/www.koncevisiontv.cl\/web\/wp-content\/uploads\/2024\/08\/456189345_886020100228125_6200926046712071469_n.jpg",796,759,false],"darknews-featured":["https:\/\/www.koncevisiontv.cl\/web\/wp-content\/uploads\/2024\/08\/456189345_886020100228125_6200926046712071469_n.jpg",796,759,false],"darknews-large":["https:\/\/www.koncevisiontv.cl\/web\/wp-content\/uploads\/2024\/08\/456189345_886020100228125_6200926046712071469_n-796x575.jpg",796,575,true],"darknews-medium":["https:\/\/www.koncevisiontv.cl\/web\/wp-content\/uploads\/2024\/08\/456189345_886020100228125_6200926046712071469_n-590x410.jpg",590,410,true]},"uagb_author_info":{"display_name":"Web-Master","author_link":"https:\/\/www.koncevisiontv.cl\/web\/author\/koncevision\/"},"uagb_comment_info":0,"uagb_excerpt":"Con el apoyo de Empresas Vega Monumental, la Asociaci\u00f3n Gremial de Ferias Libres del Biob\u00edo celebr\u00f3, por primera","_links":{"self":[{"href":"https:\/\/www.koncevisiontv.cl\/web\/wp-json\/wp\/v2\/posts\/2711","targetHints":{"allow":["GET"]}}],"collection":[{"href":"https:\/\/www.koncevisiontv.cl\/web\/wp-json\/wp\/v2\/posts"}],"about":[{"href":"https:\/\/www.koncevisiontv.cl\/web\/wp-json\/wp\/v2\/types\/post"}],"author":[{"embeddable":true,"href":"https:\/\/www.koncevisiontv.cl\/web\/wp-json\/wp\/v2\/users\/5"}],"replies":[{"embeddable":true,"href":"https:\/\/www.koncevisiontv.cl\/web\/wp-json\/wp\/v2\/comments?post=2711"}],"version-history":[{"count":4,"href":"https:\/\/www.koncevisiontv.cl\/web\/wp-json\/wp\/v2\/posts\/2711\/revisions"}],"predecessor-version":[{"id":2718,"href":"https:\/\/www.koncevisiontv.cl\/web\/wp-json\/wp\/v2\/posts\/2711\/revisions\/2718"}],"wp:featuredmedia":[{"embeddable":true,"href":"https:\/\/www.koncevisiontv.cl\/web\/wp-json\/wp\/v2\/media\/1218"}],"wp:attachment":[{"href":"https:\/\/www.koncevisiontv.cl\/web\/wp-json\/wp\/v2\/media?parent=2711"}],"wp:term":[{"taxonomy":"category","embeddable":true,"href":"https:\/\/www.koncevisiontv.cl\/web\/wp-json\/wp\/v2\/categories?post=2711"},{"taxonomy":"post_tag","embeddable":true,"href":"https:\/\/www.koncevisiontv.cl\/web\/wp-json\/wp\/v2\/tags?post=2711"}],"curies":[{"name":"wp","href":"https:\/\/api.w.org\/{rel}","templated":true}]}}