{"id":2721,"date":"2024-10-15T21:50:45","date_gmt":"2024-10-16T00:50:45","guid":{"rendered":"https:\/\/www.koncevisiontv.cl\/web\/?p=2721"},"modified":"2024-10-15T21:50:47","modified_gmt":"2024-10-16T00:50:47","slug":"alianza-entre-ucsc-y-colbun-transforma-la-vida-de-pescadores-en-coronel","status":"publish","type":"post","link":"https:\/\/www.koncevisiontv.cl\/web\/alianza-entre-ucsc-y-colbun-transforma-la-vida-de-pescadores-en-coronel\/","title":{"rendered":"Alianza entre UCSC y Colb\u00fan transforma la vida de pescadores en Coronel."},"content":{"rendered":"\n<div class=\"wp-block-blockspare-blockspare-slider blockspare-60ca5bc0-45e7-4\" blockspare-animation=\"\"><style>.blockspare-60ca5bc0-45e7-4 .blockspare-slider-wrap span:before{color:#000}.blockspare-60ca5bc0-45e7-4 .blockspare-slider-wrap ul li button{color:#000}.blockspare-60ca5bc0-45e7-4 .blockspare-slider-wrap .slick-slider .slick-dots > li button{background-color:#000}.blockspare-60ca5bc0-45e7-4 .blockspare-slider-wrap .blockspare-gallery-figure{border-radius:0px}.blockspare-60ca5bc0-45e7-4 .slick-slider .slick-arrow:after{background-color:#fff}.blockspare-60ca5bc0-45e7-4 .blockspare-slider-wrap{margin-top:30px;margin-right:0px;margin-bottom:30px;margin-left:0px}<\/style><div class=\"blockspare-blocks blockspare-slider-wrap has-gutter-space-1 blockspare-original lpc-navigation-1 blockspare-navigation-small bs-has-equal-height\"><div class=\"blockspare-carousel-items\"><div data-next=\"fas fa-chevron-right\" data-prev=\"fas fa-chevron-left\" data-slick=\"{&quot;autoplay&quot;:true,&quot;slidesToShow&quot;:1,&quot;speed&quot;:&quot;1000&quot;,&quot;arrows&quot;:true,&quot;dots&quot;:false}\"><div><div class=\"blockspare-gallery-figure blockspare-hover-item\"> <img decoding=\"async\" src=\"https:\/\/www.koncevisiontv.cl\/web\/wp-content\/uploads\/2024\/10\/WhatsApp-Image-2024-10-15-at-17.33.05-2.jpeg\" alt=\"\" title=\"\"><\/div><\/div><div><div class=\"blockspare-gallery-figure blockspare-hover-item\"> <img decoding=\"async\" src=\"https:\/\/www.koncevisiontv.cl\/web\/wp-content\/uploads\/2024\/10\/WhatsApp-Image-2024-10-15-at-17.33.05.jpeg\" alt=\"\" title=\"\"><\/div><\/div><div><div class=\"blockspare-gallery-figure blockspare-hover-item\"> <img decoding=\"async\" src=\"https:\/\/www.koncevisiontv.cl\/web\/wp-content\/uploads\/2024\/10\/WhatsApp-Image-2024-10-15-at-17.33.06-1.jpeg\" alt=\"\" title=\"\"><\/div><\/div><div><div class=\"blockspare-gallery-figure blockspare-hover-item\"> <img decoding=\"async\" src=\"https:\/\/www.koncevisiontv.cl\/web\/wp-content\/uploads\/2024\/10\/WhatsApp-Image-2024-10-15-at-17.33.06.jpeg\" alt=\"\" title=\"\"><\/div><\/div><\/div><\/div><\/div><\/div>\n\n\n\n<div class=\"wp-block-uagb-blockquote uagb-block-1ef63c1c uagb-blockquote__skin-border uagb-blockquote__stack-img-none\"><blockquote class=\"uagb-blockquote\"><div class=\"uagb-blockquote__content\"><em><u>En la instancia se destac\u00f3 el trabajo de una d\u00e9cada de la alianza entre la empresa Colb\u00fan y la UCSC, y que ha permitido fortalecer la confianza y generar oportunidades para el desarrollo sustentable de los pescadores artesanales de Caleta Lo Rojas, en Coronel.<\/u><\/em><\/div><footer><div class=\"uagb-blockquote__author-wrap uagb-blockquote__author-at-left\"><cite class=\"uagb-blockquote__author\"><br><\/cite><\/div><\/footer><\/blockquote><\/div>\n\n\n\n<p class=\"wp-block-paragraph\">Cuando la dignidad humana se convierte en el centro de las acciones colaborativas, las transformaciones que se generan trascienden lo econ\u00f3mico y tocan profundamente la vida de las comunidades. Bajo esta premisa, la Universidad Cat\u00f3lica de la Sant\u00edsima Concepci\u00f3n (UCSC) y la empresa Colb\u00fan lograron construir una alianza que no solo ha mejorado las condiciones de vida de los pescadores artesanales de Caleta Lo Rojas, de la comuna de Coronel, sino que ha establecido un modelo de desarrollo basado en el respeto mutuo, la empat\u00eda y el acompa\u00f1amiento sostenido.<\/p>\n\n\n\n<p class=\"wp-block-paragraph\">Este enfoque fue analizado en el contexto del seminario organizado por la UCSC titulado \u201cTrabajo colaborativo centrado en la dignidad del otro: Alianza clave para comunidades, empresas y universidad\u201d, donde se presentaron los resultados de la colaboraci\u00f3n con Colb\u00fan que ha durado m\u00e1s de 10 a\u00f1os.<\/p>\n\n\n\n<p class=\"wp-block-paragraph\">El vicerrector de Vinculaci\u00f3n con el Medio, Andr\u00e9s Varela, destac\u00f3 que la posibilidad de entablar lazos mediante el reconocimiento de la dignidad del otro \u201ces un principio que est\u00e1 en el coraz\u00f3n de la misi\u00f3n institucional, dado que forma parte de nuestra identidad como una universidad cat\u00f3lica\u201d. A ello, agreg\u00f3 que las universidades poseen el rol y la responsabilidad de \u201ctrabajar con las comunidades de manera conjunta, para contribuir a su desarrollo y tambi\u00e9n retribuir en la parte interna, especialmente, a los estudiantes, lo que genera relaciones bilaterales\u201d.<\/p>\n\n\n\n<p class=\"wp-block-paragraph\">De acuerdo con la directora del N\u00facleo Social UCSC, Sonia Stevens, las experiencias de innovaci\u00f3n social son comprendidas desde la Universidad como \u201cla cocreaci\u00f3n de soluciones novedosas que satisfagan problem\u00e1ticas sociales, promuevan el desarrollo sostenible y busquen el bien com\u00fan mediante una relaci\u00f3n multidireccional, que enfatice la participaci\u00f3n y la colaboraci\u00f3n de la comunidad, teniendo como resultado una mejora sustancial y progresiva de las condiciones donde se desarrollan las personas y sus entornos\u201d.<\/p>\n\n\n\n<p class=\"wp-block-paragraph\">Por su parte, el subgerente de Asuntos P\u00fablicos Centrales de Generaci\u00f3n de Colb\u00fan, Juli\u00e1n Perret, valor\u00f3 la contribuci\u00f3n de la UCSC en la construcci\u00f3n de confianzas con la comunidad. \u201cEl \u00e9xito del programa Pesca Futuro ha sido posible gracias a la colaboraci\u00f3n estrecha entre el sector p\u00fablico y la Universidad. La metodolog\u00eda de la UCSC, basada en el acompa\u00f1amiento continuo y el enfoque en la dignidad de las personas, ha sido clave para que los pescadores artesanales desarrollen proyectos de fomento productivo que antes parec\u00edan inalcanzables\u201d.<\/p>\n\n\n\n<p class=\"wp-block-paragraph\">A su juicio, este trabajo conjunto no solo ha transformado a las comunidades, sino que tambi\u00e9n ha cambiado la forma de la empresa de relacionarse con ellas. \u201cLo que comenz\u00f3 como una relaci\u00f3n dif\u00edcil, hoy es un ejemplo de c\u00f3mo el di\u00e1logo y el compromiso pueden generar un impacto positivo, siendo un modelo para otros proyectos que busquen resultados sostenibles\u201d, recalc\u00f3 el ejecutivo.<\/p>\n\n\n\n<p class=\"wp-block-paragraph\"><strong>Cambiando paradigmas<\/strong><\/p>\n\n\n\n<p class=\"wp-block-paragraph\">Durante la \u00faltima d\u00e9cada, la relaci\u00f3n entre Colb\u00fan y las caletas de Coronel ha experimentado una profunda transformaci\u00f3n. Lo que en un principio estaba marcado por tensiones y desconfianza, ha evolucionado hacia un modelo de cooperaci\u00f3n basado en el respeto mutuo. Ante este desaf\u00edo, la empresa y la UCSC decidieron enfocar sus esfuerzos en la creaci\u00f3n de caminos para el desarrollo, con la dignidad humana como eje central. El acad\u00e9mico de la Facultad de Ingenier\u00eda, Pablo Venegas, subray\u00f3 que este enfoque \u201cpermiti\u00f3 cambiar el paradigma en las relaciones, generando confianza entre los pescadores. La clave fue siempre actuar con empat\u00eda y fomentar el di\u00e1logo, lo que ha sido fundamental para lograr resultados positivos\u201d.<\/p>\n\n\n\n<p class=\"wp-block-paragraph\">Sonia Riffo, presidenta del sindicato de Sipromar, ha sido testigo de primera mano de los cambios que esta alianza ha tra\u00eddo a su comunidad y a su propio desarrollo como dirigente. \u201cYo part\u00ed siendo muy peleadora, siempre buscando que nos escucharan, pero en el camino aprend\u00ed que tambi\u00e9n es importante escuchar. Este proyecto nos permiti\u00f3 abrir la mente, no solo a nosotros como pescadores, sino tambi\u00e9n a nuestras familias&#8221;, coment\u00f3.<\/p>\n\n\n\n<p class=\"wp-block-paragraph\">La dirigente coment\u00f3 que antes las familias se dedicaban a la pesca, generaci\u00f3n en generaci\u00f3n, pero con la iniciativa de las becas para sus hijos, esa din\u00e1mica se rompi\u00f3. \u201cHoy muchos de nuestros hijos son profesionales: m\u00e9dicos, ingenieros, abogados. Ha sido un cambio tremendo. Esta iniciativa tuvo un impacto enorme, porque no solo mejor\u00f3 nuestras condiciones de vida, sino que nos dio la oportunidad de crecer y proyectarnos\u201d.<\/p>\n\n\n\n<p class=\"wp-block-paragraph\">El programa \u201cPesca Futuro\u201d de Colb\u00fan, se enmarca dentro del relacionamiento comunitario que la empresa generadora ha establecido en la comuna de Coronel y que ha involucrado becas de estudios para hijos y familia de pescadores, financiamiento de proyectos de fomento productivo y asesoramiento continuo.<\/p>\n","protected":false},"excerpt":{"rendered":"<p>Cuando la dignidad humana se convierte en el centro de las acciones colaborativas, las transformaciones que se generan<\/p>\n","protected":false},"author":5,"featured_media":2726,"comment_status":"open","ping_status":"open","sticky":false,"template":"","format":"standard","meta":{"_crdt_document":"","_uag_custom_page_level_css":"","_sitemap_exclude":false,"_sitemap_priority":"","_sitemap_frequency":"","_joinchat":[],"footnotes":""},"categories":[14],"tags":[],"class_list":["post-2721","post","type-post","status-publish","format-standard","has-post-thumbnail","hentry","category-nacional"],"featured_image_urls":{"full":["https:\/\/www.koncevisiontv.cl\/web\/wp-content\/uploads\/2024\/10\/WhatsApp-Image-2024-10-15-at-17.33.06.jpeg",1600,1068,false],"thumbnail":["https:\/\/www.koncevisiontv.cl\/web\/wp-content\/uploads\/2024\/10\/WhatsApp-Image-2024-10-15-at-17.33.06-150x150.jpeg",150,150,true],"medium":["https:\/\/www.koncevisiontv.cl\/web\/wp-content\/uploads\/2024\/10\/WhatsApp-Image-2024-10-15-at-17.33.06-300x200.jpeg",300,200,true],"medium_large":["https:\/\/www.koncevisiontv.cl\/web\/wp-content\/uploads\/2024\/10\/WhatsApp-Image-2024-10-15-at-17.33.06-768x513.jpeg",640,428,true],"large":["https:\/\/www.koncevisiontv.cl\/web\/wp-content\/uploads\/2024\/10\/WhatsApp-Image-2024-10-15-at-17.33.06-1024x684.jpeg",640,428,true],"1536x1536":["https:\/\/www.koncevisiontv.cl\/web\/wp-content\/uploads\/2024\/10\/WhatsApp-Image-2024-10-15-at-17.33.06-1536x1025.jpeg",1536,1025,true],"2048x2048":["https:\/\/www.koncevisiontv.cl\/web\/wp-content\/uploads\/2024\/10\/WhatsApp-Image-2024-10-15-at-17.33.06.jpeg",1600,1068,false],"darknews-featured":["https:\/\/www.koncevisiontv.cl\/web\/wp-content\/uploads\/2024\/10\/WhatsApp-Image-2024-10-15-at-17.33.06-1024x684.jpeg",1024,684,true],"darknews-large":["https:\/\/www.koncevisiontv.cl\/web\/wp-content\/uploads\/2024\/10\/WhatsApp-Image-2024-10-15-at-17.33.06-825x575.jpeg",825,575,true],"darknews-medium":["https:\/\/www.koncevisiontv.cl\/web\/wp-content\/uploads\/2024\/10\/WhatsApp-Image-2024-10-15-at-17.33.06-590x410.jpeg",590,410,true]},"author_info":{"info":["Web-Master"]},"category_info":"<a href=\"https:\/\/www.koncevisiontv.cl\/web\/category\/nacional\/\" rel=\"category tag\">Nacional<\/a>","tag_info":"Nacional","comment_count":"0","uagb_featured_image_src":{"full":["https:\/\/www.koncevisiontv.cl\/web\/wp-content\/uploads\/2024\/10\/WhatsApp-Image-2024-10-15-at-17.33.06.jpeg",1600,1068,false],"thumbnail":["https:\/\/www.koncevisiontv.cl\/web\/wp-content\/uploads\/2024\/10\/WhatsApp-Image-2024-10-15-at-17.33.06-150x150.jpeg",150,150,true],"medium":["https:\/\/www.koncevisiontv.cl\/web\/wp-content\/uploads\/2024\/10\/WhatsApp-Image-2024-10-15-at-17.33.06-300x200.jpeg",300,200,true],"medium_large":["https:\/\/www.koncevisiontv.cl\/web\/wp-content\/uploads\/2024\/10\/WhatsApp-Image-2024-10-15-at-17.33.06-768x513.jpeg",640,428,true],"large":["https:\/\/www.koncevisiontv.cl\/web\/wp-content\/uploads\/2024\/10\/WhatsApp-Image-2024-10-15-at-17.33.06-1024x684.jpeg",640,428,true],"1536x1536":["https:\/\/www.koncevisiontv.cl\/web\/wp-content\/uploads\/2024\/10\/WhatsApp-Image-2024-10-15-at-17.33.06-1536x1025.jpeg",1536,1025,true],"2048x2048":["https:\/\/www.koncevisiontv.cl\/web\/wp-content\/uploads\/2024\/10\/WhatsApp-Image-2024-10-15-at-17.33.06.jpeg",1600,1068,false],"darknews-featured":["https:\/\/www.koncevisiontv.cl\/web\/wp-content\/uploads\/2024\/10\/WhatsApp-Image-2024-10-15-at-17.33.06-1024x684.jpeg",1024,684,true],"darknews-large":["https:\/\/www.koncevisiontv.cl\/web\/wp-content\/uploads\/2024\/10\/WhatsApp-Image-2024-10-15-at-17.33.06-825x575.jpeg",825,575,true],"darknews-medium":["https:\/\/www.koncevisiontv.cl\/web\/wp-content\/uploads\/2024\/10\/WhatsApp-Image-2024-10-15-at-17.33.06-590x410.jpeg",590,410,true]},"uagb_author_info":{"display_name":"Web-Master","author_link":"https:\/\/www.koncevisiontv.cl\/web\/author\/koncevision\/"},"uagb_comment_info":0,"uagb_excerpt":"Cuando la dignidad humana se convierte en el centro de las acciones colaborativas, las transformaciones que se generan","_links":{"self":[{"href":"https:\/\/www.koncevisiontv.cl\/web\/wp-json\/wp\/v2\/posts\/2721","targetHints":{"allow":["GET"]}}],"collection":[{"href":"https:\/\/www.koncevisiontv.cl\/web\/wp-json\/wp\/v2\/posts"}],"about":[{"href":"https:\/\/www.koncevisiontv.cl\/web\/wp-json\/wp\/v2\/types\/post"}],"author":[{"embeddable":true,"href":"https:\/\/www.koncevisiontv.cl\/web\/wp-json\/wp\/v2\/users\/5"}],"replies":[{"embeddable":true,"href":"https:\/\/www.koncevisiontv.cl\/web\/wp-json\/wp\/v2\/comments?post=2721"}],"version-history":[{"count":2,"href":"https:\/\/www.koncevisiontv.cl\/web\/wp-json\/wp\/v2\/posts\/2721\/revisions"}],"predecessor-version":[{"id":2727,"href":"https:\/\/www.koncevisiontv.cl\/web\/wp-json\/wp\/v2\/posts\/2721\/revisions\/2727"}],"wp:featuredmedia":[{"embeddable":true,"href":"https:\/\/www.koncevisiontv.cl\/web\/wp-json\/wp\/v2\/media\/2726"}],"wp:attachment":[{"href":"https:\/\/www.koncevisiontv.cl\/web\/wp-json\/wp\/v2\/media?parent=2721"}],"wp:term":[{"taxonomy":"category","embeddable":true,"href":"https:\/\/www.koncevisiontv.cl\/web\/wp-json\/wp\/v2\/categories?post=2721"},{"taxonomy":"post_tag","embeddable":true,"href":"https:\/\/www.koncevisiontv.cl\/web\/wp-json\/wp\/v2\/tags?post=2721"}],"curies":[{"name":"wp","href":"https:\/\/api.w.org\/{rel}","templated":true}]}}