{"id":2728,"date":"2024-10-15T22:26:07","date_gmt":"2024-10-16T01:26:07","guid":{"rendered":"https:\/\/www.koncevisiontv.cl\/web\/?p=2728"},"modified":"2024-10-15T22:37:59","modified_gmt":"2024-10-16T01:37:59","slug":"pablo-milad-sobre-ricardo-gareca-posible-salida","status":"publish","type":"post","link":"https:\/\/www.koncevisiontv.cl\/web\/pablo-milad-sobre-ricardo-gareca-posible-salida\/","title":{"rendered":"Pablo Milad sobre Ricardo Gareca: Posible Salida y el Dif\u00edcil Momento de La Roja"},"content":{"rendered":"\n<div class=\"wp-block-uagb-image uagb-block-69448d8e wp-block-uagb-image--layout-default wp-block-uagb-image--effect-static wp-block-uagb-image--align-none\"><figure class=\"wp-block-uagb-image__figure\"><img decoding=\"async\" srcset=\"https:\/\/www.koncevisiontv.cl\/web\/wp-content\/uploads\/2024\/10\/MILAD.jpeg ,https:\/\/www.koncevisiontv.cl\/web\/wp-content\/uploads\/2024\/10\/MILAD.jpeg 780w, https:\/\/www.koncevisiontv.cl\/web\/wp-content\/uploads\/2024\/10\/MILAD.jpeg 360w\" sizes=\"auto, (max-width: 480px) 150px\" src=\"https:\/\/www.koncevisiontv.cl\/web\/wp-content\/uploads\/2024\/10\/MILAD.jpeg\" alt=\"Pablo Milad\" class=\"uag-image-2729\" width=\"1023\" height=\"682\" title=\"MILAD\" loading=\"lazy\" role=\"img\"\/><figcaption class=\"uagb-image-caption\">Pablo Milad sobre Ricardo Gareca: Posible Salida y el Dif\u00edcil Momento de La Roja<\/figcaption><\/figure><\/div>\n\n\n\n<p class=\"wp-block-paragraph\">Pablo Milad, presidente de la <a href=\"http:\/\/www.anfp.cl\" target=\"_blank\" rel=\"noreferrer noopener\">ANFP<\/a>, se pronunci\u00f3 sobre el incierto futuro de Ricardo Gareca al mando de la selecci\u00f3n chilena, tras una dura derrota por 4-0 contra Colombia en las Eliminatorias. Aunque no se ha tomado una decisi\u00f3n inmediata, Milad coment\u00f3 que cualquier resoluci\u00f3n ser\u00e1 adoptada luego de conversaciones en fr\u00edo con el entrenador. Adem\u00e1s, defendi\u00f3 la gesti\u00f3n de la <a href=\"http:\/\/www.anfp.cl\" target=\"_blank\" rel=\"noreferrer noopener\">ANFP<\/a>, asegurando que se han cumplido las demandas del cuerpo t\u00e9cnico, pero reconoci\u00f3 que los problemas futbol\u00edsticos y los errores defensivos han afectado seriamente el rendimiento del equipo, debilitando sus expectativas iniciales.<\/p>\n\n\n\n<p class=\"wp-block-paragraph\">Milad destac\u00f3 que la eliminaci\u00f3n de La Roja en la Copa Am\u00e9rica fue un golpe duro que puso en duda la continuidad del proyecto de Gareca. Inicialmente, hab\u00eda esperanzas en el proceso liderado por el t\u00e9cnico argentino, pero los malos resultados tanto en ese torneo como en las clasificatorias han generado una situaci\u00f3n cr\u00edtica para la selecci\u00f3n chilena. El presidente reconoci\u00f3 que el equipo est\u00e1 en una posici\u00f3n dif\u00edcil, preocupada por la falta de estabilidad y consistencia en su propuesta futbol\u00edstica.<\/p>\n\n\n\n<p class=\"wp-block-paragraph\">Milad insisti\u00f3 en que la ANFP ha brindado el respaldo necesario al entrenador y que su objetivo es seguir apoyando al cuerpo t\u00e9cnico para tomar la mejor decisi\u00f3n de cara al futuro de <a href=\"https:\/\/laroja.cl\/\" target=\"_blank\" rel=\"noreferrer noopener\">La Roja.<\/a> Sin embargo, la realidad futbol\u00edstica muestra a una selecci\u00f3n que ha ido cayendo en su rendimiento, lo que ha provocado frustraci\u00f3n en los hinchas y dudas sobre si Gareca es el adecuado para revertir la situaci\u00f3n.<\/p>\n\n\n\n<p class=\"wp-block-paragraph\">La incertidumbre contin\u00faa mientras Chile se mantiene en el fondo de la tabla en las Eliminatorias para el Mundial, y las decisiones que se tomen en los pr\u00f3ximos d\u00edas ser\u00e1n cruciales para el futuro del equipo y del cuerpo t\u00e9cnico.<\/p>\n","protected":false},"excerpt":{"rendered":"<p>Pablo Milad, presidente de la ANFP, se pronunci\u00f3 sobre el incierto futuro de Ricardo Gareca al mando de<\/p>\n","protected":false},"author":5,"featured_media":2729,"comment_status":"open","ping_status":"open","sticky":false,"template":"","format":"standard","meta":{"_crdt_document":"","_uag_custom_page_level_css":"","_sitemap_exclude":false,"_sitemap_priority":"","_sitemap_frequency":"","_joinchat":[],"footnotes":""},"categories":[14,411],"tags":[],"class_list":["post-2728","post","type-post","status-publish","format-standard","has-post-thumbnail","hentry","category-nacional","category-clasificatorias2026"],"featured_image_urls":{"full":["https:\/\/www.koncevisiontv.cl\/web\/wp-content\/uploads\/2024\/10\/MILAD.jpeg",1023,682,false],"thumbnail":["https:\/\/www.koncevisiontv.cl\/web\/wp-content\/uploads\/2024\/10\/MILAD-150x150.jpeg",150,150,true],"medium":["https:\/\/www.koncevisiontv.cl\/web\/wp-content\/uploads\/2024\/10\/MILAD-300x200.jpeg",300,200,true],"medium_large":["https:\/\/www.koncevisiontv.cl\/web\/wp-content\/uploads\/2024\/10\/MILAD-768x512.jpeg",640,427,true],"large":["https:\/\/www.koncevisiontv.cl\/web\/wp-content\/uploads\/2024\/10\/MILAD.jpeg",640,427,false],"1536x1536":["https:\/\/www.koncevisiontv.cl\/web\/wp-content\/uploads\/2024\/10\/MILAD.jpeg",1023,682,false],"2048x2048":["https:\/\/www.koncevisiontv.cl\/web\/wp-content\/uploads\/2024\/10\/MILAD.jpeg",1023,682,false],"darknews-featured":["https:\/\/www.koncevisiontv.cl\/web\/wp-content\/uploads\/2024\/10\/MILAD.jpeg",1023,682,false],"darknews-large":["https:\/\/www.koncevisiontv.cl\/web\/wp-content\/uploads\/2024\/10\/MILAD-825x575.jpeg",825,575,true],"darknews-medium":["https:\/\/www.koncevisiontv.cl\/web\/wp-content\/uploads\/2024\/10\/MILAD-590x410.jpeg",590,410,true]},"author_info":{"info":["Web-Master"]},"category_info":"<a href=\"https:\/\/www.koncevisiontv.cl\/web\/category\/nacional\/\" rel=\"category tag\">Nacional<\/a> <a href=\"https:\/\/www.koncevisiontv.cl\/web\/category\/clasificatorias2026\/\" rel=\"category tag\">Clasificatorias2026<\/a>","tag_info":"Clasificatorias2026","comment_count":"0","uagb_featured_image_src":{"full":["https:\/\/www.koncevisiontv.cl\/web\/wp-content\/uploads\/2024\/10\/MILAD.jpeg",1023,682,false],"thumbnail":["https:\/\/www.koncevisiontv.cl\/web\/wp-content\/uploads\/2024\/10\/MILAD-150x150.jpeg",150,150,true],"medium":["https:\/\/www.koncevisiontv.cl\/web\/wp-content\/uploads\/2024\/10\/MILAD-300x200.jpeg",300,200,true],"medium_large":["https:\/\/www.koncevisiontv.cl\/web\/wp-content\/uploads\/2024\/10\/MILAD-768x512.jpeg",640,427,true],"large":["https:\/\/www.koncevisiontv.cl\/web\/wp-content\/uploads\/2024\/10\/MILAD.jpeg",640,427,false],"1536x1536":["https:\/\/www.koncevisiontv.cl\/web\/wp-content\/uploads\/2024\/10\/MILAD.jpeg",1023,682,false],"2048x2048":["https:\/\/www.koncevisiontv.cl\/web\/wp-content\/uploads\/2024\/10\/MILAD.jpeg",1023,682,false],"darknews-featured":["https:\/\/www.koncevisiontv.cl\/web\/wp-content\/uploads\/2024\/10\/MILAD.jpeg",1023,682,false],"darknews-large":["https:\/\/www.koncevisiontv.cl\/web\/wp-content\/uploads\/2024\/10\/MILAD-825x575.jpeg",825,575,true],"darknews-medium":["https:\/\/www.koncevisiontv.cl\/web\/wp-content\/uploads\/2024\/10\/MILAD-590x410.jpeg",590,410,true]},"uagb_author_info":{"display_name":"Web-Master","author_link":"https:\/\/www.koncevisiontv.cl\/web\/author\/koncevision\/"},"uagb_comment_info":0,"uagb_excerpt":"Pablo Milad, presidente de la ANFP, se pronunci\u00f3 sobre el incierto futuro de Ricardo Gareca al mando de","_links":{"self":[{"href":"https:\/\/www.koncevisiontv.cl\/web\/wp-json\/wp\/v2\/posts\/2728","targetHints":{"allow":["GET"]}}],"collection":[{"href":"https:\/\/www.koncevisiontv.cl\/web\/wp-json\/wp\/v2\/posts"}],"about":[{"href":"https:\/\/www.koncevisiontv.cl\/web\/wp-json\/wp\/v2\/types\/post"}],"author":[{"embeddable":true,"href":"https:\/\/www.koncevisiontv.cl\/web\/wp-json\/wp\/v2\/users\/5"}],"replies":[{"embeddable":true,"href":"https:\/\/www.koncevisiontv.cl\/web\/wp-json\/wp\/v2\/comments?post=2728"}],"version-history":[{"count":3,"href":"https:\/\/www.koncevisiontv.cl\/web\/wp-json\/wp\/v2\/posts\/2728\/revisions"}],"predecessor-version":[{"id":2734,"href":"https:\/\/www.koncevisiontv.cl\/web\/wp-json\/wp\/v2\/posts\/2728\/revisions\/2734"}],"wp:featuredmedia":[{"embeddable":true,"href":"https:\/\/www.koncevisiontv.cl\/web\/wp-json\/wp\/v2\/media\/2729"}],"wp:attachment":[{"href":"https:\/\/www.koncevisiontv.cl\/web\/wp-json\/wp\/v2\/media?parent=2728"}],"wp:term":[{"taxonomy":"category","embeddable":true,"href":"https:\/\/www.koncevisiontv.cl\/web\/wp-json\/wp\/v2\/categories?post=2728"},{"taxonomy":"post_tag","embeddable":true,"href":"https:\/\/www.koncevisiontv.cl\/web\/wp-json\/wp\/v2\/tags?post=2728"}],"curies":[{"name":"wp","href":"https:\/\/api.w.org\/{rel}","templated":true}]}}