{"id":2766,"date":"2024-10-17T14:26:45","date_gmt":"2024-10-17T17:26:45","guid":{"rendered":"https:\/\/www.koncevisiontv.cl\/web\/?p=2766"},"modified":"2024-10-17T14:26:46","modified_gmt":"2024-10-17T17:26:46","slug":"denuncian-por-abuso-sexual-al-subsecretario-manuel-monsalve-funcionaria-del-gobierno-seria-la-victima","status":"publish","type":"post","link":"https:\/\/www.koncevisiontv.cl\/web\/denuncian-por-abuso-sexual-al-subsecretario-manuel-monsalve-funcionaria-del-gobierno-seria-la-victima\/","title":{"rendered":"Denuncian por abuso sexual al subsecretario Manuel Monsalve: funcionaria del gobierno ser\u00eda la v\u00edctima"},"content":{"rendered":"\n<div class=\"wp-block-uagb-image uagb-block-b6742f34 wp-block-uagb-image--layout-default wp-block-uagb-image--effect-static wp-block-uagb-image--align-none\"><figure class=\"wp-block-uagb-image__figure\"><img decoding=\"async\" srcset=\"https:\/\/www.koncevisiontv.cl\/web\/wp-content\/uploads\/2024\/10\/monsalve-acusado.jpg ,https:\/\/www.koncevisiontv.cl\/web\/wp-content\/uploads\/2024\/10\/monsalve-acusado.jpg 780w, https:\/\/www.koncevisiontv.cl\/web\/wp-content\/uploads\/2024\/10\/monsalve-acusado.jpg 360w\" sizes=\"auto, (max-width: 480px) 150px\" src=\"https:\/\/www.koncevisiontv.cl\/web\/wp-content\/uploads\/2024\/10\/monsalve-acusado.jpg\" alt=\"\" class=\"uag-image-2767\" width=\"750\" height=\"499\" title=\"Gobierno se reune con locatarios y carabineros en la previa de un nuevo 18 octubre\" loading=\"lazy\" role=\"img\"><figcaption class=\"uagb-image-caption\">Manuel Monsalve, subsecretario del Interior, es denunciado por abuso sexual, y la v\u00edctima ser\u00eda una funcionaria de gobierno. El caso est\u00e1 bajo investigaci\u00f3n<\/figcaption><\/figure><\/div>\n\n\n\n<p class=\"wp-block-paragraph\">El subsecretario del Interior, Manuel Monsalve, ha sido denunciado por abuso sexual, y la presunta v\u00edctima ser\u00eda una funcionaria del gobierno. Esta acusaci\u00f3n ha causado un fuerte revuelo en el \u00e1mbito pol\u00edtico, debido a la alta relevancia del cargo que ocupa Monsalve y la seriedad de los hechos denunciados. Seg\u00fan las primeras informaciones, la denuncia se habr\u00eda presentado recientemente, y las autoridades competentes ya han iniciado las investigaciones para esclarecer los hechos.<\/p>\n\n\n\n<p class=\"wp-block-paragraph\">El gobierno no ha emitido una declaraci\u00f3n oficial sobre la denuncia hasta ahora, pero se espera que en los pr\u00f3ximos d\u00edas haya reacciones tanto del Ejecutivo como de las figuras clave del oficialismo. La acusaci\u00f3n contra Monsalve podr\u00eda tener un impacto significativo en el clima pol\u00edtico, sum\u00e1ndose a otras pol\u00e9micas dentro del gabinete. Hasta el momento, los detalles espec\u00edficos sobre el caso se mantienen bajo reserva debido a la naturaleza sensible de la denuncia y a la fase inicial del proceso.<\/p>\n\n\n\n<p class=\"wp-block-paragraph\">La gravedad de las acusaciones ha encendido nuevamente el debate sobre la conducta y transparencia de los altos funcionarios p\u00fablicos en Chile, y c\u00f3mo el gobierno manejar\u00e1 esta situaci\u00f3n ser\u00e1 un tema crucial en los pr\u00f3ximos d\u00edas.<\/p>\n","protected":false},"excerpt":{"rendered":"<p>El subsecretario del Interior, Manuel Monsalve, ha sido denunciado por abuso sexual, y la presunta v\u00edctima ser\u00eda una<\/p>\n","protected":false},"author":5,"featured_media":2767,"comment_status":"open","ping_status":"open","sticky":false,"template":"","format":"standard","meta":{"_crdt_document":"","_uag_custom_page_level_css":"","_sitemap_exclude":false,"_sitemap_priority":"","_sitemap_frequency":"","_joinchat":[],"footnotes":""},"categories":[16,205],"tags":[],"class_list":["post-2766","post","type-post","status-publish","format-standard","has-post-thumbnail","hentry","category-politica","category-impacto"],"featured_image_urls":{"full":["https:\/\/www.koncevisiontv.cl\/web\/wp-content\/uploads\/2024\/10\/monsalve-acusado.jpg",750,499,false],"thumbnail":["https:\/\/www.koncevisiontv.cl\/web\/wp-content\/uploads\/2024\/10\/monsalve-acusado-150x150.jpg",150,150,true],"medium":["https:\/\/www.koncevisiontv.cl\/web\/wp-content\/uploads\/2024\/10\/monsalve-acusado-300x200.jpg",300,200,true],"medium_large":["https:\/\/www.koncevisiontv.cl\/web\/wp-content\/uploads\/2024\/10\/monsalve-acusado.jpg",640,426,false],"large":["https:\/\/www.koncevisiontv.cl\/web\/wp-content\/uploads\/2024\/10\/monsalve-acusado.jpg",640,426,false],"1536x1536":["https:\/\/www.koncevisiontv.cl\/web\/wp-content\/uploads\/2024\/10\/monsalve-acusado.jpg",750,499,false],"2048x2048":["https:\/\/www.koncevisiontv.cl\/web\/wp-content\/uploads\/2024\/10\/monsalve-acusado.jpg",750,499,false],"darknews-featured":["https:\/\/www.koncevisiontv.cl\/web\/wp-content\/uploads\/2024\/10\/monsalve-acusado.jpg",750,499,false],"darknews-large":["https:\/\/www.koncevisiontv.cl\/web\/wp-content\/uploads\/2024\/10\/monsalve-acusado.jpg",750,499,false],"darknews-medium":["https:\/\/www.koncevisiontv.cl\/web\/wp-content\/uploads\/2024\/10\/monsalve-acusado-590x410.jpg",590,410,true]},"author_info":{"info":["Web-Master"]},"category_info":"<a href=\"https:\/\/www.koncevisiontv.cl\/web\/category\/politica\/\" rel=\"category tag\">Politica<\/a> <a href=\"https:\/\/www.koncevisiontv.cl\/web\/category\/impacto\/\" rel=\"category tag\">Impacto<\/a>","tag_info":"Impacto","comment_count":"0","uagb_featured_image_src":{"full":["https:\/\/www.koncevisiontv.cl\/web\/wp-content\/uploads\/2024\/10\/monsalve-acusado.jpg",750,499,false],"thumbnail":["https:\/\/www.koncevisiontv.cl\/web\/wp-content\/uploads\/2024\/10\/monsalve-acusado-150x150.jpg",150,150,true],"medium":["https:\/\/www.koncevisiontv.cl\/web\/wp-content\/uploads\/2024\/10\/monsalve-acusado-300x200.jpg",300,200,true],"medium_large":["https:\/\/www.koncevisiontv.cl\/web\/wp-content\/uploads\/2024\/10\/monsalve-acusado.jpg",640,426,false],"large":["https:\/\/www.koncevisiontv.cl\/web\/wp-content\/uploads\/2024\/10\/monsalve-acusado.jpg",640,426,false],"1536x1536":["https:\/\/www.koncevisiontv.cl\/web\/wp-content\/uploads\/2024\/10\/monsalve-acusado.jpg",750,499,false],"2048x2048":["https:\/\/www.koncevisiontv.cl\/web\/wp-content\/uploads\/2024\/10\/monsalve-acusado.jpg",750,499,false],"darknews-featured":["https:\/\/www.koncevisiontv.cl\/web\/wp-content\/uploads\/2024\/10\/monsalve-acusado.jpg",750,499,false],"darknews-large":["https:\/\/www.koncevisiontv.cl\/web\/wp-content\/uploads\/2024\/10\/monsalve-acusado.jpg",750,499,false],"darknews-medium":["https:\/\/www.koncevisiontv.cl\/web\/wp-content\/uploads\/2024\/10\/monsalve-acusado-590x410.jpg",590,410,true]},"uagb_author_info":{"display_name":"Web-Master","author_link":"https:\/\/www.koncevisiontv.cl\/web\/author\/koncevision\/"},"uagb_comment_info":0,"uagb_excerpt":"El subsecretario del Interior, Manuel Monsalve, ha sido denunciado por abuso sexual, y la presunta v\u00edctima ser\u00eda una","_links":{"self":[{"href":"https:\/\/www.koncevisiontv.cl\/web\/wp-json\/wp\/v2\/posts\/2766","targetHints":{"allow":["GET"]}}],"collection":[{"href":"https:\/\/www.koncevisiontv.cl\/web\/wp-json\/wp\/v2\/posts"}],"about":[{"href":"https:\/\/www.koncevisiontv.cl\/web\/wp-json\/wp\/v2\/types\/post"}],"author":[{"embeddable":true,"href":"https:\/\/www.koncevisiontv.cl\/web\/wp-json\/wp\/v2\/users\/5"}],"replies":[{"embeddable":true,"href":"https:\/\/www.koncevisiontv.cl\/web\/wp-json\/wp\/v2\/comments?post=2766"}],"version-history":[{"count":1,"href":"https:\/\/www.koncevisiontv.cl\/web\/wp-json\/wp\/v2\/posts\/2766\/revisions"}],"predecessor-version":[{"id":2768,"href":"https:\/\/www.koncevisiontv.cl\/web\/wp-json\/wp\/v2\/posts\/2766\/revisions\/2768"}],"wp:featuredmedia":[{"embeddable":true,"href":"https:\/\/www.koncevisiontv.cl\/web\/wp-json\/wp\/v2\/media\/2767"}],"wp:attachment":[{"href":"https:\/\/www.koncevisiontv.cl\/web\/wp-json\/wp\/v2\/media?parent=2766"}],"wp:term":[{"taxonomy":"category","embeddable":true,"href":"https:\/\/www.koncevisiontv.cl\/web\/wp-json\/wp\/v2\/categories?post=2766"},{"taxonomy":"post_tag","embeddable":true,"href":"https:\/\/www.koncevisiontv.cl\/web\/wp-json\/wp\/v2\/tags?post=2766"}],"curies":[{"name":"wp","href":"https:\/\/api.w.org\/{rel}","templated":true}]}}