{"id":3109,"date":"2024-10-30T16:04:20","date_gmt":"2024-10-30T19:04:20","guid":{"rendered":"https:\/\/www.koncevisiontv.cl\/web\/?p=3109"},"modified":"2024-10-30T16:13:01","modified_gmt":"2024-10-30T19:13:01","slug":"autoridades-del-biobio-contemplan-renuncias-para-optar-a-cargos-parlamentarios","status":"publish","type":"post","link":"https:\/\/www.koncevisiontv.cl\/web\/autoridades-del-biobio-contemplan-renuncias-para-optar-a-cargos-parlamentarios\/","title":{"rendered":"Autoridades del Biob\u00edo contemplan renuncias antes del t\u00e9rmino de sus per\u00edodos para optar a cargos parlamentarios"},"content":{"rendered":"\n<p class=\"wp-block-paragraph\"><\/p>\n\n\n\n<div class=\"wp-block-uagb-image uagb-block-102a0a40 wp-block-uagb-image--layout-default wp-block-uagb-image--effect-static wp-block-uagb-image--align-none\"><figure class=\"wp-block-uagb-image__figure\"><img decoding=\"async\" srcset=\"https:\/\/www.koncevisiontv.cl\/web\/wp-content\/uploads\/2024\/10\/Diseno-sin-titulo.png ,https:\/\/www.koncevisiontv.cl\/web\/wp-content\/uploads\/2024\/10\/Diseno-sin-titulo.png 780w, https:\/\/www.koncevisiontv.cl\/web\/wp-content\/uploads\/2024\/10\/Diseno-sin-titulo.png 360w\" sizes=\"auto, (max-width: 480px) 150px\" src=\"https:\/\/www.koncevisiontv.cl\/web\/wp-content\/uploads\/2024\/10\/Diseno-sin-titulo.png\" alt=\"\" class=\"uag-image-3111\" width=\"940\" height=\"788\" title=\"Dise\u00f1o sin t\u00edtulo\" loading=\"lazy\" role=\"img\"><\/figure><\/div>\n\n\n\n<p class=\"wp-block-paragraph\"><\/p>\n\n\n\n<p class=\"wp-block-paragraph\">La delegada presidencial Daniela Dresdner ha anunciado que la pr\u00f3xima semana comunicar\u00e1 su decisi\u00f3n sobre una posible renuncia para postularse a un cargo de elecci\u00f3n popular. Dresdner destac\u00f3 que considerar\u00e1 las decisiones de su partido y del presidente Gabriel Boric en este proceso. En tanto, el alcalde de Talcahuano, Henry Campos, confirm\u00f3 que renunciar\u00e1 a inicios de noviembre para postular al parlamento. Igualmente, los alcaldes de Concepci\u00f3n, \u00c1lvaro Ortiz, y de Chiguayante, Antonio Rivas, han indicado que tambi\u00e9n dejar\u00e1n sus cargos antes del t\u00e9rmino de sus periodos para competir en las pr\u00f3ximas elecciones legislativas.<\/p>\n\n\n\n<p class=\"wp-block-paragraph\"><\/p>\n","protected":false},"excerpt":{"rendered":"<p>La delegada presidencial Daniela Dresdner ha anunciado que la pr\u00f3xima semana comunicar\u00e1 su decisi\u00f3n sobre una posible renuncia<\/p>\n","protected":false},"author":5,"featured_media":3111,"comment_status":"open","ping_status":"open","sticky":false,"template":"","format":"standard","meta":{"_crdt_document":"","_uag_custom_page_level_css":"","_sitemap_exclude":false,"_sitemap_priority":"","_sitemap_frequency":"","_joinchat":[],"footnotes":""},"categories":[14],"tags":[],"class_list":["post-3109","post","type-post","status-publish","format-standard","has-post-thumbnail","hentry","category-nacional"],"featured_image_urls":{"full":["https:\/\/www.koncevisiontv.cl\/web\/wp-content\/uploads\/2024\/10\/Diseno-sin-titulo.png",940,788,false],"thumbnail":["https:\/\/www.koncevisiontv.cl\/web\/wp-content\/uploads\/2024\/10\/Diseno-sin-titulo-150x150.png",150,150,true],"medium":["https:\/\/www.koncevisiontv.cl\/web\/wp-content\/uploads\/2024\/10\/Diseno-sin-titulo-300x251.png",300,251,true],"medium_large":["https:\/\/www.koncevisiontv.cl\/web\/wp-content\/uploads\/2024\/10\/Diseno-sin-titulo-768x644.png",640,537,true],"large":["https:\/\/www.koncevisiontv.cl\/web\/wp-content\/uploads\/2024\/10\/Diseno-sin-titulo.png",640,537,false],"1536x1536":["https:\/\/www.koncevisiontv.cl\/web\/wp-content\/uploads\/2024\/10\/Diseno-sin-titulo.png",940,788,false],"2048x2048":["https:\/\/www.koncevisiontv.cl\/web\/wp-content\/uploads\/2024\/10\/Diseno-sin-titulo.png",940,788,false],"darknews-featured":["https:\/\/www.koncevisiontv.cl\/web\/wp-content\/uploads\/2024\/10\/Diseno-sin-titulo.png",940,788,false],"darknews-large":["https:\/\/www.koncevisiontv.cl\/web\/wp-content\/uploads\/2024\/10\/Diseno-sin-titulo-825x575.png",825,575,true],"darknews-medium":["https:\/\/www.koncevisiontv.cl\/web\/wp-content\/uploads\/2024\/10\/Diseno-sin-titulo-590x410.png",590,410,true]},"author_info":{"info":["Web-Master"]},"category_info":"<a href=\"https:\/\/www.koncevisiontv.cl\/web\/category\/nacional\/\" rel=\"category tag\">Nacional<\/a>","tag_info":"Nacional","comment_count":"0","uagb_featured_image_src":{"full":["https:\/\/www.koncevisiontv.cl\/web\/wp-content\/uploads\/2024\/10\/Diseno-sin-titulo.png",940,788,false],"thumbnail":["https:\/\/www.koncevisiontv.cl\/web\/wp-content\/uploads\/2024\/10\/Diseno-sin-titulo-150x150.png",150,150,true],"medium":["https:\/\/www.koncevisiontv.cl\/web\/wp-content\/uploads\/2024\/10\/Diseno-sin-titulo-300x251.png",300,251,true],"medium_large":["https:\/\/www.koncevisiontv.cl\/web\/wp-content\/uploads\/2024\/10\/Diseno-sin-titulo-768x644.png",640,537,true],"large":["https:\/\/www.koncevisiontv.cl\/web\/wp-content\/uploads\/2024\/10\/Diseno-sin-titulo.png",640,537,false],"1536x1536":["https:\/\/www.koncevisiontv.cl\/web\/wp-content\/uploads\/2024\/10\/Diseno-sin-titulo.png",940,788,false],"2048x2048":["https:\/\/www.koncevisiontv.cl\/web\/wp-content\/uploads\/2024\/10\/Diseno-sin-titulo.png",940,788,false],"darknews-featured":["https:\/\/www.koncevisiontv.cl\/web\/wp-content\/uploads\/2024\/10\/Diseno-sin-titulo.png",940,788,false],"darknews-large":["https:\/\/www.koncevisiontv.cl\/web\/wp-content\/uploads\/2024\/10\/Diseno-sin-titulo-825x575.png",825,575,true],"darknews-medium":["https:\/\/www.koncevisiontv.cl\/web\/wp-content\/uploads\/2024\/10\/Diseno-sin-titulo-590x410.png",590,410,true]},"uagb_author_info":{"display_name":"Web-Master","author_link":"https:\/\/www.koncevisiontv.cl\/web\/author\/koncevision\/"},"uagb_comment_info":0,"uagb_excerpt":"La delegada presidencial Daniela Dresdner ha anunciado que la pr\u00f3xima semana comunicar\u00e1 su decisi\u00f3n sobre una posible renuncia","_links":{"self":[{"href":"https:\/\/www.koncevisiontv.cl\/web\/wp-json\/wp\/v2\/posts\/3109","targetHints":{"allow":["GET"]}}],"collection":[{"href":"https:\/\/www.koncevisiontv.cl\/web\/wp-json\/wp\/v2\/posts"}],"about":[{"href":"https:\/\/www.koncevisiontv.cl\/web\/wp-json\/wp\/v2\/types\/post"}],"author":[{"embeddable":true,"href":"https:\/\/www.koncevisiontv.cl\/web\/wp-json\/wp\/v2\/users\/5"}],"replies":[{"embeddable":true,"href":"https:\/\/www.koncevisiontv.cl\/web\/wp-json\/wp\/v2\/comments?post=3109"}],"version-history":[{"count":4,"href":"https:\/\/www.koncevisiontv.cl\/web\/wp-json\/wp\/v2\/posts\/3109\/revisions"}],"predecessor-version":[{"id":3114,"href":"https:\/\/www.koncevisiontv.cl\/web\/wp-json\/wp\/v2\/posts\/3109\/revisions\/3114"}],"wp:featuredmedia":[{"embeddable":true,"href":"https:\/\/www.koncevisiontv.cl\/web\/wp-json\/wp\/v2\/media\/3111"}],"wp:attachment":[{"href":"https:\/\/www.koncevisiontv.cl\/web\/wp-json\/wp\/v2\/media?parent=3109"}],"wp:term":[{"taxonomy":"category","embeddable":true,"href":"https:\/\/www.koncevisiontv.cl\/web\/wp-json\/wp\/v2\/categories?post=3109"},{"taxonomy":"post_tag","embeddable":true,"href":"https:\/\/www.koncevisiontv.cl\/web\/wp-json\/wp\/v2\/tags?post=3109"}],"curies":[{"name":"wp","href":"https:\/\/api.w.org\/{rel}","templated":true}]}}