{"id":3115,"date":"2024-10-30T17:19:08","date_gmt":"2024-10-30T20:19:08","guid":{"rendered":"https:\/\/www.koncevisiontv.cl\/web\/?p=3115"},"modified":"2024-10-30T20:23:49","modified_gmt":"2024-10-30T23:23:49","slug":"nuevas-revelaciones-en-el-caso-monsalve-crean-tensiones-en-el-oficialismo-antes-del-conclave-en-cerro-castillo","status":"publish","type":"post","link":"https:\/\/www.koncevisiontv.cl\/web\/nuevas-revelaciones-en-el-caso-monsalve-crean-tensiones-en-el-oficialismo-antes-del-conclave-en-cerro-castillo\/","title":{"rendered":"Nuevas revelaciones en el caso Monsalve crean tensiones en el oficialismo antes del c\u00f3nclave en Cerro Castillo"},"content":{"rendered":"\n<p class=\"wp-block-paragraph\"><\/p>\n\n\n\n<div class=\"wp-block-uagb-image uagb-block-dea1fe1c wp-block-uagb-image--layout-default wp-block-uagb-image--effect-static wp-block-uagb-image--align-none\"><figure class=\"wp-block-uagb-image__figure\"><img decoding=\"async\" srcset=\"https:\/\/www.koncevisiontv.cl\/web\/wp-content\/uploads\/2024\/10\/file_20230927152426.jpg ,https:\/\/www.koncevisiontv.cl\/web\/wp-content\/uploads\/2024\/10\/file_20230927152426.jpg 780w, https:\/\/www.koncevisiontv.cl\/web\/wp-content\/uploads\/2024\/10\/file_20230927152426.jpg 360w\" sizes=\"auto, (max-width: 480px) 150px\" src=\"https:\/\/www.koncevisiontv.cl\/web\/wp-content\/uploads\/2024\/10\/file_20230927152426.jpg\" alt=\"Cerro Castillo Conclave POlitico\" class=\"uag-image-3116\" width=\"820\" height=\"460\" title=\"Caso Monsalve: Nuevas revelaciones antes del c\u00f3nclave oficialista en Cerro Castillo generan tensiones en el oficialismo\" loading=\"lazy\" role=\"img\"\/><figcaption class=\"uagb-image-caption\">Caso Monsalve: Nuevas revelaciones antes del c\u00f3nclave oficialista en Cerro Castillo generan tensiones en el oficialismo<\/figcaption><\/figure><\/div>\n\n\n\n<p class=\"wp-block-paragraph\"><\/p>\n\n\n\n<p class=\"wp-block-paragraph\"><\/p>\n\n\n\n<p class=\"wp-block-paragraph\">El caso Monsalve se agrava con nuevos antecedentes que revelan que la ministra del Interior, Carolina Toh\u00e1, llam\u00f3 a Monsalve el 15 de octubre. Esta llamada, despu\u00e9s de que el director de la PDI, Eduardo Cerna, le haya informado a Toh\u00e1 que Monsalve deb\u00eda presentarse en el Hotel Panamericano, gener\u00f3 cr\u00edticas por trato preferencial. Toh\u00e1 hab\u00eda dicho antes que no hab\u00eda tenido contacto con \u00e9l hasta el 17 de octubre, lo que genera preocupaci\u00f3n en el oficialismo sobre transparencia y contradicciones.<\/p>\n\n\n\n<p class=\"wp-block-paragraph\">Se vive un clima de tensi\u00f3n antes del c\u00f3nclave en Cerro Castillo donde el oficialismo evaluar\u00e1 la cohesi\u00f3n del bloque de gobierno al final del a\u00f1o. En pol\u00edtica, la situaci\u00f3n gener\u00f3 reacciones mixtas: el presidente del Partido Comunista, Lautaro Carmona, critic\u00f3 los efectos \u00e9ticos y de transparencia del caso. Por su parte Jaime Quintana del PPD defendi\u00f3 a Toh\u00e1, dijo que la llamada fue un acto de colaboraci\u00f3n en respuesta a una solicitud de la PDI.<\/p>\n\n\n\n<p class=\"wp-block-paragraph\">Respuestas de pol\u00edticos El presidente del PC,<strong> Lautaro Carmona<\/strong>, se quej\u00f3, dijo que los nuevos datos desaf\u00edan los valores de \u00e9tica y transparencia en el sector. El presidente del PR, <strong>Leonardo Cubillos<\/strong>, dijo que la forma en que se ha manejado la informaci\u00f3n ha generado confusion en la opini\u00f3n p\u00fablica y cuestion\u00f3 si hay privilegios en el manejo del caso.<\/p>\n\n\n\n<p class=\"wp-block-paragraph\">Por el contrario, el presidente del PPD, <strong>Jaime Quintana<\/strong>, defendi\u00f3 a Toh\u00e1, dijo que la llamada fue una muestra de colaboraci\u00f3n y transparencia y neg\u00f3 que haya contradicci\u00f3n en la actuaci\u00f3n de la ministra. Dijo que la instrucci\u00f3n fue una respuesta a la solicitud de la PDI, para colaborar con la investigaci\u00f3n.<\/p>\n","protected":false},"excerpt":{"rendered":"<p>El caso Monsalve se agrava con nuevos antecedentes que revelan que la ministra del Interior, Carolina Toh\u00e1, llam\u00f3<\/p>\n","protected":false},"author":5,"featured_media":3116,"comment_status":"open","ping_status":"open","sticky":false,"template":"","format":"standard","meta":{"_crdt_document":"","_uag_custom_page_level_css":"","_sitemap_exclude":false,"_sitemap_priority":"","_sitemap_frequency":"","_joinchat":[],"footnotes":""},"categories":[14,409],"tags":[],"class_list":["post-3115","post","type-post","status-publish","format-standard","has-post-thumbnail","hentry","category-nacional","category-ultimo-minuto"],"featured_image_urls":{"full":["https:\/\/www.koncevisiontv.cl\/web\/wp-content\/uploads\/2024\/10\/file_20230927152426.jpg",820,460,false],"thumbnail":["https:\/\/www.koncevisiontv.cl\/web\/wp-content\/uploads\/2024\/10\/file_20230927152426-150x150.jpg",150,150,true],"medium":["https:\/\/www.koncevisiontv.cl\/web\/wp-content\/uploads\/2024\/10\/file_20230927152426-300x168.jpg",300,168,true],"medium_large":["https:\/\/www.koncevisiontv.cl\/web\/wp-content\/uploads\/2024\/10\/file_20230927152426-768x431.jpg",640,359,true],"large":["https:\/\/www.koncevisiontv.cl\/web\/wp-content\/uploads\/2024\/10\/file_20230927152426.jpg",640,359,false],"1536x1536":["https:\/\/www.koncevisiontv.cl\/web\/wp-content\/uploads\/2024\/10\/file_20230927152426.jpg",820,460,false],"2048x2048":["https:\/\/www.koncevisiontv.cl\/web\/wp-content\/uploads\/2024\/10\/file_20230927152426.jpg",820,460,false],"darknews-featured":["https:\/\/www.koncevisiontv.cl\/web\/wp-content\/uploads\/2024\/10\/file_20230927152426.jpg",820,460,false],"darknews-large":["https:\/\/www.koncevisiontv.cl\/web\/wp-content\/uploads\/2024\/10\/file_20230927152426.jpg",820,460,false],"darknews-medium":["https:\/\/www.koncevisiontv.cl\/web\/wp-content\/uploads\/2024\/10\/file_20230927152426-590x410.jpg",590,410,true]},"author_info":{"info":["Web-Master"]},"category_info":"<a href=\"https:\/\/www.koncevisiontv.cl\/web\/category\/nacional\/\" rel=\"category tag\">Nacional<\/a> <a href=\"https:\/\/www.koncevisiontv.cl\/web\/category\/ultimo-minuto\/\" rel=\"category tag\">Ultimo MInuto<\/a>","tag_info":"Ultimo MInuto","comment_count":"0","uagb_featured_image_src":{"full":["https:\/\/www.koncevisiontv.cl\/web\/wp-content\/uploads\/2024\/10\/file_20230927152426.jpg",820,460,false],"thumbnail":["https:\/\/www.koncevisiontv.cl\/web\/wp-content\/uploads\/2024\/10\/file_20230927152426-150x150.jpg",150,150,true],"medium":["https:\/\/www.koncevisiontv.cl\/web\/wp-content\/uploads\/2024\/10\/file_20230927152426-300x168.jpg",300,168,true],"medium_large":["https:\/\/www.koncevisiontv.cl\/web\/wp-content\/uploads\/2024\/10\/file_20230927152426-768x431.jpg",640,359,true],"large":["https:\/\/www.koncevisiontv.cl\/web\/wp-content\/uploads\/2024\/10\/file_20230927152426.jpg",640,359,false],"1536x1536":["https:\/\/www.koncevisiontv.cl\/web\/wp-content\/uploads\/2024\/10\/file_20230927152426.jpg",820,460,false],"2048x2048":["https:\/\/www.koncevisiontv.cl\/web\/wp-content\/uploads\/2024\/10\/file_20230927152426.jpg",820,460,false],"darknews-featured":["https:\/\/www.koncevisiontv.cl\/web\/wp-content\/uploads\/2024\/10\/file_20230927152426.jpg",820,460,false],"darknews-large":["https:\/\/www.koncevisiontv.cl\/web\/wp-content\/uploads\/2024\/10\/file_20230927152426.jpg",820,460,false],"darknews-medium":["https:\/\/www.koncevisiontv.cl\/web\/wp-content\/uploads\/2024\/10\/file_20230927152426-590x410.jpg",590,410,true]},"uagb_author_info":{"display_name":"Web-Master","author_link":"https:\/\/www.koncevisiontv.cl\/web\/author\/koncevision\/"},"uagb_comment_info":0,"uagb_excerpt":"El caso Monsalve se agrava con nuevos antecedentes que revelan que la ministra del Interior, Carolina Toh\u00e1, llam\u00f3","_links":{"self":[{"href":"https:\/\/www.koncevisiontv.cl\/web\/wp-json\/wp\/v2\/posts\/3115","targetHints":{"allow":["GET"]}}],"collection":[{"href":"https:\/\/www.koncevisiontv.cl\/web\/wp-json\/wp\/v2\/posts"}],"about":[{"href":"https:\/\/www.koncevisiontv.cl\/web\/wp-json\/wp\/v2\/types\/post"}],"author":[{"embeddable":true,"href":"https:\/\/www.koncevisiontv.cl\/web\/wp-json\/wp\/v2\/users\/5"}],"replies":[{"embeddable":true,"href":"https:\/\/www.koncevisiontv.cl\/web\/wp-json\/wp\/v2\/comments?post=3115"}],"version-history":[{"count":1,"href":"https:\/\/www.koncevisiontv.cl\/web\/wp-json\/wp\/v2\/posts\/3115\/revisions"}],"predecessor-version":[{"id":3117,"href":"https:\/\/www.koncevisiontv.cl\/web\/wp-json\/wp\/v2\/posts\/3115\/revisions\/3117"}],"wp:featuredmedia":[{"embeddable":true,"href":"https:\/\/www.koncevisiontv.cl\/web\/wp-json\/wp\/v2\/media\/3116"}],"wp:attachment":[{"href":"https:\/\/www.koncevisiontv.cl\/web\/wp-json\/wp\/v2\/media?parent=3115"}],"wp:term":[{"taxonomy":"category","embeddable":true,"href":"https:\/\/www.koncevisiontv.cl\/web\/wp-json\/wp\/v2\/categories?post=3115"},{"taxonomy":"post_tag","embeddable":true,"href":"https:\/\/www.koncevisiontv.cl\/web\/wp-json\/wp\/v2\/tags?post=3115"}],"curies":[{"name":"wp","href":"https:\/\/api.w.org\/{rel}","templated":true}]}}