{"id":3118,"date":"2024-10-30T18:42:48","date_gmt":"2024-10-30T21:42:48","guid":{"rendered":"https:\/\/www.koncevisiontv.cl\/web\/?p=3118"},"modified":"2024-10-30T18:42:49","modified_gmt":"2024-10-30T21:42:49","slug":"boric-expresa-preocupacion-por-el-deterioro-de-la-confianza-en-instituciones-en-chile","status":"publish","type":"post","link":"https:\/\/www.koncevisiontv.cl\/web\/boric-expresa-preocupacion-por-el-deterioro-de-la-confianza-en-instituciones-en-chile\/","title":{"rendered":"Boric expresa preocupaci\u00f3n por el deterioro de la confianza en instituciones en Chile"},"content":{"rendered":"\n<p class=\"wp-block-paragraph\"><\/p>\n\n\n\n<div class=\"wp-block-uagb-image uagb-block-62401475 wp-block-uagb-image--layout-default wp-block-uagb-image--effect-static wp-block-uagb-image--align-none\"><figure class=\"wp-block-uagb-image__figure\"><img decoding=\"async\" srcset=\"https:\/\/www.koncevisiontv.cl\/web\/wp-content\/uploads\/2024\/10\/analysis-chile-miners-brace-as-president-elect-signals-envi_28cbbBF-1024x701.jpg ,https:\/\/www.koncevisiontv.cl\/web\/wp-content\/uploads\/2024\/10\/analysis-chile-miners-brace-as-president-elect-signals-envi_28cbbBF-scaled.jpg 780w, https:\/\/www.koncevisiontv.cl\/web\/wp-content\/uploads\/2024\/10\/analysis-chile-miners-brace-as-president-elect-signals-envi_28cbbBF-scaled.jpg 360w\" sizes=\"auto, (max-width: 480px) 150px\" src=\"https:\/\/www.koncevisiontv.cl\/web\/wp-content\/uploads\/2024\/10\/analysis-chile-miners-brace-as-president-elect-signals-envi_28cbbBF-1024x701.jpg\" alt=\"Gabriel Boric\" class=\"uag-image-2802\" width=\"1024\" height=\"701\" title=\"oric expresa preocupaci\u00f3n por el deterioro de la confianza en instituciones en Chile\" loading=\"lazy\" role=\"img\"\/><figcaption class=\"uagb-image-caption\">Boric expresa preocupaci\u00f3n por el deterioro de la confianza en instituciones en Chile<\/figcaption><\/figure><\/div>\n\n\n\n<p class=\"wp-block-paragraph\"><\/p>\n\n\n\n<blockquote class=\"wp-block-quote is-layout-flow wp-block-quote-is-layout-flow\">\n<p class=\"wp-block-paragraph\">En una declaraci\u00f3n reciente, el Presidente Gabriel Boric expres\u00f3 su profunda preocupaci\u00f3n ante la p\u00e9rdida de confianza en las instituciones p\u00fablicas y llam\u00f3 a una reflexi\u00f3n nacional. La confianza, seg\u00fan el mandatario, es un pilar esencial de la democracia, y su deterioro en Chile representa un desaf\u00edo que debe abordarse con urgencia para asegurar la estabilidad y el bienestar social del pa\u00eds.<\/p>\n<\/blockquote>\n\n\n\n<h3 class=\"wp-block-heading\">Diagn\u00f3stico de la Situaci\u00f3n: Un Momento Cr\u00edtico para la Confianza Ciudadana<\/h3>\n\n\n\n<p class=\"wp-block-paragraph\">El Presidente destac\u00f3 que los ciudadanos enfrentan una crisis de confianza que no se limita a una sola instituci\u00f3n, sino que abarca a m\u00faltiples organismos p\u00fablicos y privados. Seg\u00fan Boric, esta falta de credibilidad tiene un impacto directo en el funcionamiento democr\u00e1tico y en la percepci\u00f3n que los chilenos tienen de sus representantes y autoridades.<\/p>\n\n\n\n<h3 class=\"wp-block-heading\">Llamado a la Unidad y el Compromiso P\u00fablico<\/h3>\n\n\n\n<p class=\"wp-block-paragraph\">En sus palabras, Boric invit\u00f3 a las instituciones y a los l\u00edderes pol\u00edticos a trabajar juntos para restaurar la confianza ciudadana. Se\u00f1al\u00f3 la importancia de que todas las ramas del gobierno colaboren y asuman la responsabilidad de sus acciones, priorizando siempre el inter\u00e9s p\u00fablico y la transparencia. Esta recuperaci\u00f3n de la credibilidad requiere, adem\u00e1s, que se trabaje de manera colectiva y coordinada, dejando de lado las divisiones pol\u00edticas que pueden profundizar a\u00fan m\u00e1s la desconfianza.<\/p>\n\n\n\n<h3 class=\"wp-block-heading\">Medidas Concretas y Propuestas<\/h3>\n\n\n\n<p class=\"wp-block-paragraph\">Boric plante\u00f3 la necesidad de reformas que fortalezcan la transparencia y la responsabilidad en la administraci\u00f3n p\u00fablica. Estas reformas deben ir acompa\u00f1adas de una mayor rendici\u00f3n de cuentas y sanciones claras para quienes incumplan con su rol como servidores p\u00fablicos. En su intervenci\u00f3n, se\u00f1al\u00f3 la importancia de una evaluaci\u00f3n exhaustiva de las pr\u00e1cticas actuales, y subray\u00f3 que la ciudadan\u00eda espera ver resultados tangibles que demuestren un verdadero compromiso con la \u00e9tica y la responsabilidad institucional.<\/p>\n\n\n\n<h3 class=\"wp-block-heading\">Compromiso con la Reconciliaci\u00f3n Nacional<\/h3>\n\n\n\n<p class=\"wp-block-paragraph\">Boric finaliz\u00f3 su mensaje enfatizando la importancia de una reconciliaci\u00f3n nacional, donde cada ciudadano se sienta representado y apoyado por sus instituciones. Solo mediante un esfuerzo conjunto se podr\u00e1 lograr un Chile m\u00e1s justo, transparente y solidario. La meta, seg\u00fan el mandatario, es construir un pa\u00eds donde la confianza sea restaurada, asegurando as\u00ed la fortaleza democr\u00e1tica y el bienestar de todos los chilenos.<\/p>\n","protected":false},"excerpt":{"rendered":"<p>En una declaraci\u00f3n reciente, el Presidente Gabriel Boric expres\u00f3 su profunda preocupaci\u00f3n ante la p\u00e9rdida de confianza en<\/p>\n","protected":false},"author":5,"featured_media":2802,"comment_status":"open","ping_status":"open","sticky":false,"template":"","format":"standard","meta":{"_crdt_document":"","_uag_custom_page_level_css":"","_sitemap_exclude":false,"_sitemap_priority":"","_sitemap_frequency":"","_joinchat":[],"footnotes":""},"categories":[14],"tags":[],"class_list":["post-3118","post","type-post","status-publish","format-standard","has-post-thumbnail","hentry","category-nacional"],"featured_image_urls":{"full":["https:\/\/www.koncevisiontv.cl\/web\/wp-content\/uploads\/2024\/10\/analysis-chile-miners-brace-as-president-elect-signals-envi_28cbbBF-scaled.jpg",2560,1753,false],"thumbnail":["https:\/\/www.koncevisiontv.cl\/web\/wp-content\/uploads\/2024\/10\/analysis-chile-miners-brace-as-president-elect-signals-envi_28cbbBF-150x150.jpg",150,150,true],"medium":["https:\/\/www.koncevisiontv.cl\/web\/wp-content\/uploads\/2024\/10\/analysis-chile-miners-brace-as-president-elect-signals-envi_28cbbBF-300x205.jpg",300,205,true],"medium_large":["https:\/\/www.koncevisiontv.cl\/web\/wp-content\/uploads\/2024\/10\/analysis-chile-miners-brace-as-president-elect-signals-envi_28cbbBF-768x526.jpg",640,438,true],"large":["https:\/\/www.koncevisiontv.cl\/web\/wp-content\/uploads\/2024\/10\/analysis-chile-miners-brace-as-president-elect-signals-envi_28cbbBF-1024x701.jpg",640,438,true],"1536x1536":["https:\/\/www.koncevisiontv.cl\/web\/wp-content\/uploads\/2024\/10\/analysis-chile-miners-brace-as-president-elect-signals-envi_28cbbBF-1536x1052.jpg",1536,1052,true],"2048x2048":["https:\/\/www.koncevisiontv.cl\/web\/wp-content\/uploads\/2024\/10\/analysis-chile-miners-brace-as-president-elect-signals-envi_28cbbBF-2048x1403.jpg",2048,1403,true],"darknews-featured":["https:\/\/www.koncevisiontv.cl\/web\/wp-content\/uploads\/2024\/10\/analysis-chile-miners-brace-as-president-elect-signals-envi_28cbbBF-1024x701.jpg",1024,701,true],"darknews-large":["https:\/\/www.koncevisiontv.cl\/web\/wp-content\/uploads\/2024\/10\/analysis-chile-miners-brace-as-president-elect-signals-envi_28cbbBF-825x575.jpg",825,575,true],"darknews-medium":["https:\/\/www.koncevisiontv.cl\/web\/wp-content\/uploads\/2024\/10\/analysis-chile-miners-brace-as-president-elect-signals-envi_28cbbBF-590x410.jpg",590,410,true]},"author_info":{"info":["Web-Master"]},"category_info":"<a href=\"https:\/\/www.koncevisiontv.cl\/web\/category\/nacional\/\" rel=\"category tag\">Nacional<\/a>","tag_info":"Nacional","comment_count":"0","uagb_featured_image_src":{"full":["https:\/\/www.koncevisiontv.cl\/web\/wp-content\/uploads\/2024\/10\/analysis-chile-miners-brace-as-president-elect-signals-envi_28cbbBF-scaled.jpg",2560,1753,false],"thumbnail":["https:\/\/www.koncevisiontv.cl\/web\/wp-content\/uploads\/2024\/10\/analysis-chile-miners-brace-as-president-elect-signals-envi_28cbbBF-150x150.jpg",150,150,true],"medium":["https:\/\/www.koncevisiontv.cl\/web\/wp-content\/uploads\/2024\/10\/analysis-chile-miners-brace-as-president-elect-signals-envi_28cbbBF-300x205.jpg",300,205,true],"medium_large":["https:\/\/www.koncevisiontv.cl\/web\/wp-content\/uploads\/2024\/10\/analysis-chile-miners-brace-as-president-elect-signals-envi_28cbbBF-768x526.jpg",640,438,true],"large":["https:\/\/www.koncevisiontv.cl\/web\/wp-content\/uploads\/2024\/10\/analysis-chile-miners-brace-as-president-elect-signals-envi_28cbbBF-1024x701.jpg",640,438,true],"1536x1536":["https:\/\/www.koncevisiontv.cl\/web\/wp-content\/uploads\/2024\/10\/analysis-chile-miners-brace-as-president-elect-signals-envi_28cbbBF-1536x1052.jpg",1536,1052,true],"2048x2048":["https:\/\/www.koncevisiontv.cl\/web\/wp-content\/uploads\/2024\/10\/analysis-chile-miners-brace-as-president-elect-signals-envi_28cbbBF-2048x1403.jpg",2048,1403,true],"darknews-featured":["https:\/\/www.koncevisiontv.cl\/web\/wp-content\/uploads\/2024\/10\/analysis-chile-miners-brace-as-president-elect-signals-envi_28cbbBF-1024x701.jpg",1024,701,true],"darknews-large":["https:\/\/www.koncevisiontv.cl\/web\/wp-content\/uploads\/2024\/10\/analysis-chile-miners-brace-as-president-elect-signals-envi_28cbbBF-825x575.jpg",825,575,true],"darknews-medium":["https:\/\/www.koncevisiontv.cl\/web\/wp-content\/uploads\/2024\/10\/analysis-chile-miners-brace-as-president-elect-signals-envi_28cbbBF-590x410.jpg",590,410,true]},"uagb_author_info":{"display_name":"Web-Master","author_link":"https:\/\/www.koncevisiontv.cl\/web\/author\/koncevision\/"},"uagb_comment_info":0,"uagb_excerpt":"En una declaraci\u00f3n reciente, el Presidente Gabriel Boric expres\u00f3 su profunda preocupaci\u00f3n ante la p\u00e9rdida de confianza en","_links":{"self":[{"href":"https:\/\/www.koncevisiontv.cl\/web\/wp-json\/wp\/v2\/posts\/3118","targetHints":{"allow":["GET"]}}],"collection":[{"href":"https:\/\/www.koncevisiontv.cl\/web\/wp-json\/wp\/v2\/posts"}],"about":[{"href":"https:\/\/www.koncevisiontv.cl\/web\/wp-json\/wp\/v2\/types\/post"}],"author":[{"embeddable":true,"href":"https:\/\/www.koncevisiontv.cl\/web\/wp-json\/wp\/v2\/users\/5"}],"replies":[{"embeddable":true,"href":"https:\/\/www.koncevisiontv.cl\/web\/wp-json\/wp\/v2\/comments?post=3118"}],"version-history":[{"count":1,"href":"https:\/\/www.koncevisiontv.cl\/web\/wp-json\/wp\/v2\/posts\/3118\/revisions"}],"predecessor-version":[{"id":3119,"href":"https:\/\/www.koncevisiontv.cl\/web\/wp-json\/wp\/v2\/posts\/3118\/revisions\/3119"}],"wp:featuredmedia":[{"embeddable":true,"href":"https:\/\/www.koncevisiontv.cl\/web\/wp-json\/wp\/v2\/media\/2802"}],"wp:attachment":[{"href":"https:\/\/www.koncevisiontv.cl\/web\/wp-json\/wp\/v2\/media?parent=3118"}],"wp:term":[{"taxonomy":"category","embeddable":true,"href":"https:\/\/www.koncevisiontv.cl\/web\/wp-json\/wp\/v2\/categories?post=3118"},{"taxonomy":"post_tag","embeddable":true,"href":"https:\/\/www.koncevisiontv.cl\/web\/wp-json\/wp\/v2\/tags?post=3118"}],"curies":[{"name":"wp","href":"https:\/\/api.w.org\/{rel}","templated":true}]}}