{"id":3120,"date":"2024-10-30T19:01:53","date_gmt":"2024-10-30T22:01:53","guid":{"rendered":"https:\/\/www.koncevisiontv.cl\/web\/?p=3120"},"modified":"2024-10-30T19:01:54","modified_gmt":"2024-10-30T22:01:54","slug":"cerna-apoya-el-llamado-de-toha-a-monsalve-el-dia-de-la-operacion-policial-fue-adecuado-y-efectivo","status":"publish","type":"post","link":"https:\/\/www.koncevisiontv.cl\/web\/cerna-apoya-el-llamado-de-toha-a-monsalve-el-dia-de-la-operacion-policial-fue-adecuado-y-efectivo\/","title":{"rendered":"Cerna apoya el llamado de Toh\u00e1 a Monsalve el d\u00eda de la operaci\u00f3n policial: &#8220;Fue adecuado y efectivo&#8221;"},"content":{"rendered":"\n<p class=\"wp-block-paragraph\"><\/p>\n\n\n\n<div class=\"wp-block-uagb-image uagb-block-26f781b0 wp-block-uagb-image--layout-default wp-block-uagb-image--effect-static wp-block-uagb-image--align-none\"><figure class=\"wp-block-uagb-image__figure\"><img decoding=\"async\" srcset=\"https:\/\/www.koncevisiontv.cl\/web\/wp-content\/uploads\/2024\/10\/unnamed-1-1.jpg ,https:\/\/www.koncevisiontv.cl\/web\/wp-content\/uploads\/2024\/10\/unnamed-1-1.jpg 780w, https:\/\/www.koncevisiontv.cl\/web\/wp-content\/uploads\/2024\/10\/unnamed-1-1.jpg 360w\" sizes=\"auto, (max-width: 480px) 150px\" src=\"https:\/\/www.koncevisiontv.cl\/web\/wp-content\/uploads\/2024\/10\/unnamed-1-1.jpg\" alt=\"\" class=\"uag-image-3121\" width=\"840\" height=\"559\" title=\"unnamed (1)\" loading=\"lazy\" role=\"img\"><figcaption class=\"uagb-image-caption\">Cerna apoya el llamado de Toh\u00e1 a Monsalve<\/figcaption><\/figure><\/div>\n\n\n\n<p class=\"wp-block-paragraph\">El director general de la PDI indic\u00f3 que la comunicaci\u00f3n fue &#8220;pertinente&#8221; ya que permiti\u00f3 realizar varias diligencias, como la inspecci\u00f3n del lugar, la incautaci\u00f3n de ciertas pertenencias y la toma de muestra bucal, en una sola noche.<\/p>\n\n\n\n<p class=\"wp-block-paragraph\">Ayer, la ministra del Interior, Carolina Toh\u00e1, reconoci\u00f3 que el martes 15 de octubre hab\u00eda contactado al exsubsecretario Manuel Monsalve para pedirle que acudiera al Hotel Panamericano, donde se hospedaba la autoridad, a fin de someterse a diversas diligencias policiales. Este dato contrasta con la primera versi\u00f3n de la ministra, quien inicialmente afirm\u00f3 que el primer contacto con el denunciado fue el jueves 17.<\/p>\n\n\n\n<p class=\"wp-block-paragraph\">El director general de la PDI, Eduardo Cerna, compareci\u00f3 ante la comisi\u00f3n de Seguridad de la C\u00e1mara de Diputados para responder a las \u00faltimas inquietudes y a otras que surgieron desde la denuncia de violaci\u00f3n hecha por una funcionaria de la subsecretar\u00eda del Interior contra Monsalve. Cerna explic\u00f3 que &#8220;la noche del 15, el oficial a cargo del procedimiento, con 30 a\u00f1os de experiencia, que estaba en el lugar de hospedaje del exsubsecretario, me solicit\u00f3 si pod\u00eda contactar al exsubsecretario, ya que la Fiscal\u00eda y el equipo de investigaci\u00f3n necesitaban realizar actuaciones en el lugar. Esa fue la raz\u00f3n del pedido&#8221;.<\/p>\n\n\n\n<p class=\"wp-block-paragraph\">En este sentido, Cerna continu\u00f3: &#8220;Siguiendo la misma l\u00ednea de comunicaci\u00f3n que hab\u00eda mantenido previamente, le solicit\u00e9 a la ministra que lo contactara, ya que se requer\u00eda su presencia para realizar diligencias en su lugar de hospedaje, con la Fiscal\u00eda y los detectives ya presentes. Esa fue mi gesti\u00f3n&#8221;. Cerna destac\u00f3 que este procedimiento fue &#8220;adecuado y efectivo&#8221;, mencionando que en la audiencia de garant\u00edas se inform\u00f3 que durante la diligencia se obtuvo el tel\u00e9fono, se incautaron prendas de ropa, se inspeccion\u00f3 la habitaci\u00f3n, se levantaron muebles y se realiz\u00f3 la prueba de hisopado bucal; prueba que, como explic\u00f3, debe realizarse de manera presencial.<\/p>\n\n\n\n<p class=\"wp-block-paragraph\">Agreg\u00f3 que, al facilitar la presencia de Monsalve, &#8220;no me informaron espec\u00edficamente qu\u00e9 diligencias se iban a realizar&#8221;. Sin embargo, tras conocer las actuaciones, indic\u00f3: &#8220;Entiendo que el llamado fue totalmente pertinente, ya que permiti\u00f3 realizar todas las actuaciones en una sola intervenci\u00f3n: la revisi\u00f3n del lugar, la incautaci\u00f3n de algunas pertenencias y el hisopado bucal, todo en la misma noche&#8221;.<\/p>\n\n\n\n<p class=\"wp-block-paragraph\">Cerna precis\u00f3 que el llamado &#8220;fue exclusivamente para gestionar la presencia de Manuel Monsalve en el lugar, donde la Fiscal\u00eda y los detectives lo esperaban en el hotel&#8221;. A\u00f1adi\u00f3 que &#8220;el proceso fue efectivo, ya que se obtuvieron las pruebas&#8221;. Adem\u00e1s, se\u00f1al\u00f3 que esta estrategia refleja la manera en que el equipo investigador colabor\u00f3 con el Ministerio P\u00fablico y resalt\u00f3 que la intervenci\u00f3n fue exitosa.<\/p>\n","protected":false},"excerpt":{"rendered":"<p>El director general de la PDI indic\u00f3 que la comunicaci\u00f3n fue &#8220;pertinente&#8221; ya que permiti\u00f3 realizar varias diligencias,<\/p>\n","protected":false},"author":5,"featured_media":3121,"comment_status":"open","ping_status":"open","sticky":false,"template":"","format":"standard","meta":{"_crdt_document":"","_uag_custom_page_level_css":"","_sitemap_exclude":false,"_sitemap_priority":"","_sitemap_frequency":"","_joinchat":[],"footnotes":""},"categories":[14],"tags":[],"class_list":["post-3120","post","type-post","status-publish","format-standard","has-post-thumbnail","hentry","category-nacional"],"featured_image_urls":{"full":["https:\/\/www.koncevisiontv.cl\/web\/wp-content\/uploads\/2024\/10\/unnamed-1-1.jpg",512,341,false],"thumbnail":["https:\/\/www.koncevisiontv.cl\/web\/wp-content\/uploads\/2024\/10\/unnamed-1-1-150x150.jpg",150,150,true],"medium":["https:\/\/www.koncevisiontv.cl\/web\/wp-content\/uploads\/2024\/10\/unnamed-1-1-300x200.jpg",300,200,true],"medium_large":["https:\/\/www.koncevisiontv.cl\/web\/wp-content\/uploads\/2024\/10\/unnamed-1-1.jpg",512,341,false],"large":["https:\/\/www.koncevisiontv.cl\/web\/wp-content\/uploads\/2024\/10\/unnamed-1-1.jpg",512,341,false],"1536x1536":["https:\/\/www.koncevisiontv.cl\/web\/wp-content\/uploads\/2024\/10\/unnamed-1-1.jpg",512,341,false],"2048x2048":["https:\/\/www.koncevisiontv.cl\/web\/wp-content\/uploads\/2024\/10\/unnamed-1-1.jpg",512,341,false],"darknews-featured":["https:\/\/www.koncevisiontv.cl\/web\/wp-content\/uploads\/2024\/10\/unnamed-1-1.jpg",512,341,false],"darknews-large":["https:\/\/www.koncevisiontv.cl\/web\/wp-content\/uploads\/2024\/10\/unnamed-1-1.jpg",512,341,false],"darknews-medium":["https:\/\/www.koncevisiontv.cl\/web\/wp-content\/uploads\/2024\/10\/unnamed-1-1.jpg",512,341,false]},"author_info":{"info":["Web-Master"]},"category_info":"<a href=\"https:\/\/www.koncevisiontv.cl\/web\/category\/nacional\/\" rel=\"category tag\">Nacional<\/a>","tag_info":"Nacional","comment_count":"0","uagb_featured_image_src":{"full":["https:\/\/www.koncevisiontv.cl\/web\/wp-content\/uploads\/2024\/10\/unnamed-1-1.jpg",512,341,false],"thumbnail":["https:\/\/www.koncevisiontv.cl\/web\/wp-content\/uploads\/2024\/10\/unnamed-1-1-150x150.jpg",150,150,true],"medium":["https:\/\/www.koncevisiontv.cl\/web\/wp-content\/uploads\/2024\/10\/unnamed-1-1-300x200.jpg",300,200,true],"medium_large":["https:\/\/www.koncevisiontv.cl\/web\/wp-content\/uploads\/2024\/10\/unnamed-1-1.jpg",512,341,false],"large":["https:\/\/www.koncevisiontv.cl\/web\/wp-content\/uploads\/2024\/10\/unnamed-1-1.jpg",512,341,false],"1536x1536":["https:\/\/www.koncevisiontv.cl\/web\/wp-content\/uploads\/2024\/10\/unnamed-1-1.jpg",512,341,false],"2048x2048":["https:\/\/www.koncevisiontv.cl\/web\/wp-content\/uploads\/2024\/10\/unnamed-1-1.jpg",512,341,false],"darknews-featured":["https:\/\/www.koncevisiontv.cl\/web\/wp-content\/uploads\/2024\/10\/unnamed-1-1.jpg",512,341,false],"darknews-large":["https:\/\/www.koncevisiontv.cl\/web\/wp-content\/uploads\/2024\/10\/unnamed-1-1.jpg",512,341,false],"darknews-medium":["https:\/\/www.koncevisiontv.cl\/web\/wp-content\/uploads\/2024\/10\/unnamed-1-1.jpg",512,341,false]},"uagb_author_info":{"display_name":"Web-Master","author_link":"https:\/\/www.koncevisiontv.cl\/web\/author\/koncevision\/"},"uagb_comment_info":0,"uagb_excerpt":"El director general de la PDI indic\u00f3 que la comunicaci\u00f3n fue &#8220;pertinente&#8221; ya que permiti\u00f3 realizar varias diligencias,","_links":{"self":[{"href":"https:\/\/www.koncevisiontv.cl\/web\/wp-json\/wp\/v2\/posts\/3120","targetHints":{"allow":["GET"]}}],"collection":[{"href":"https:\/\/www.koncevisiontv.cl\/web\/wp-json\/wp\/v2\/posts"}],"about":[{"href":"https:\/\/www.koncevisiontv.cl\/web\/wp-json\/wp\/v2\/types\/post"}],"author":[{"embeddable":true,"href":"https:\/\/www.koncevisiontv.cl\/web\/wp-json\/wp\/v2\/users\/5"}],"replies":[{"embeddable":true,"href":"https:\/\/www.koncevisiontv.cl\/web\/wp-json\/wp\/v2\/comments?post=3120"}],"version-history":[{"count":1,"href":"https:\/\/www.koncevisiontv.cl\/web\/wp-json\/wp\/v2\/posts\/3120\/revisions"}],"predecessor-version":[{"id":3122,"href":"https:\/\/www.koncevisiontv.cl\/web\/wp-json\/wp\/v2\/posts\/3120\/revisions\/3122"}],"wp:featuredmedia":[{"embeddable":true,"href":"https:\/\/www.koncevisiontv.cl\/web\/wp-json\/wp\/v2\/media\/3121"}],"wp:attachment":[{"href":"https:\/\/www.koncevisiontv.cl\/web\/wp-json\/wp\/v2\/media?parent=3120"}],"wp:term":[{"taxonomy":"category","embeddable":true,"href":"https:\/\/www.koncevisiontv.cl\/web\/wp-json\/wp\/v2\/categories?post=3120"},{"taxonomy":"post_tag","embeddable":true,"href":"https:\/\/www.koncevisiontv.cl\/web\/wp-json\/wp\/v2\/tags?post=3120"}],"curies":[{"name":"wp","href":"https:\/\/api.w.org\/{rel}","templated":true}]}}