{"id":3124,"date":"2024-10-30T19:16:51","date_gmt":"2024-10-30T22:16:51","guid":{"rendered":"https:\/\/www.koncevisiontv.cl\/web\/?p=3124"},"modified":"2024-10-30T20:23:24","modified_gmt":"2024-10-30T23:23:24","slug":"caso-monsalve-ministra-toha-rinde-declaracion-voluntaria-como-testigo-ante-la-fiscalia","status":"publish","type":"post","link":"https:\/\/www.koncevisiontv.cl\/web\/caso-monsalve-ministra-toha-rinde-declaracion-voluntaria-como-testigo-ante-la-fiscalia\/","title":{"rendered":"Caso Monsalve: Ministra Toh\u00e1 rinde declaraci\u00f3n voluntaria como testigo ante la Fiscal\u00eda"},"content":{"rendered":"\n<p class=\"wp-block-paragraph\"><\/p>\n\n\n\n<div class=\"wp-block-uagb-image uagb-block-0a969b4e wp-block-uagb-image--layout-default wp-block-uagb-image--effect-static wp-block-uagb-image--align-none\"><figure class=\"wp-block-uagb-image__figure\"><img decoding=\"async\" srcset=\"https:\/\/www.koncevisiontv.cl\/web\/wp-content\/uploads\/2024\/09\/WhatsApp-Image-2024-08-13-at-08.45.24-1.jpeg ,https:\/\/www.koncevisiontv.cl\/web\/wp-content\/uploads\/2024\/09\/WhatsApp-Image-2024-08-13-at-08.45.24-1.jpeg 780w, https:\/\/www.koncevisiontv.cl\/web\/wp-content\/uploads\/2024\/09\/WhatsApp-Image-2024-08-13-at-08.45.24-1.jpeg 360w\" sizes=\"auto, (max-width: 480px) 150px\" src=\"https:\/\/www.koncevisiontv.cl\/web\/wp-content\/uploads\/2024\/09\/WhatsApp-Image-2024-08-13-at-08.45.24-1.jpeg\" alt=\"Encuentran cadaver en ruta 68\" class=\"uag-image-2178\" width=\"960\" height=\"502\" title=\"WhatsApp Image 2024-08-13 at 08.45.24 (1)\" loading=\"lazy\" role=\"img\"\/><\/figure><\/div>\n\n\n\n<p class=\"wp-block-paragraph\"><\/p>\n\n\n\n<p class=\"wp-block-paragraph\">En el contexto de la investigaci\u00f3n que involucra a Manuel Monsalve, exsubsecretario del Interior, la ministra del Interior, Carolina Toh\u00e1, compareci\u00f3 voluntariamente ante el fiscal Armend\u00e1riz en calidad de testigo. La ministra decidi\u00f3 prestar declaraci\u00f3n para aclarar su papel en la serie de eventos que rodean el caso y responder a los requerimientos del Ministerio P\u00fablico, que han generado controversia en los \u00faltimos d\u00edas. La declaraci\u00f3n de Toh\u00e1 se dio luego de la revelaci\u00f3n de un llamado que realiz\u00f3 a Monsalve el pasado 15 de octubre, instruy\u00e9ndole que acudiera al Hotel Panamericano para someterse a diligencias policiales.<\/p>\n\n\n\n<p class=\"wp-block-paragraph\">La ministra del Interior explic\u00f3 que este contacto telef\u00f3nico fue una acci\u00f3n necesaria y relevante, asegurando as\u00ed la presencia de Monsalve en el lugar indicado, donde se necesitaba realizar procedimientos espec\u00edficos. Ante la comisi\u00f3n de Seguridad de la C\u00e1mara de Diputados, el director de la PDI, Eduardo Cerna, respald\u00f3 la decisi\u00f3n de la ministra Toh\u00e1, indicando que el llamado fue \u201ccoherente y \u00fatil\u201d para facilitar la realizaci\u00f3n de las diligencias. Cerna detall\u00f3 que, gracias a esta coordinaci\u00f3n, se logr\u00f3 concretar varias actuaciones, incluyendo la revisi\u00f3n del lugar, la incautaci\u00f3n de algunas pertenencias y el hisopado bucal del exsubsecretario, todo en una misma noche.<\/p>\n\n\n\n<p class=\"wp-block-paragraph\">En su declaraci\u00f3n, Toh\u00e1 enfatiz\u00f3 que su intervenci\u00f3n fue en l\u00ednea con las solicitudes de los detectives y fiscales que se encontraban en el lugar. Destac\u00f3 tambi\u00e9n la importancia de la transparencia en el proceso judicial, subrayando que actu\u00f3 de manera correcta y oportuna. La Fiscal\u00eda ha resaltado que el avance en este tipo de diligencias es vital para esclarecer los hechos y garantizar una investigaci\u00f3n exhaustiva.<\/p>\n\n\n\n<p class=\"wp-block-paragraph\">El procedimiento ha causado gran repercusi\u00f3n en el \u00e1mbito pol\u00edtico, con distintas reacciones de parlamentarios y figuras del oficialismo, quienes han solicitado mayor claridad en torno al desarrollo de los eventos. La ministra Toh\u00e1 ha reafirmado su compromiso con la justicia y se ha mostrado dispuesta a seguir colaborando con la Fiscal\u00eda en todo lo que sea necesario para el avance de la causa.<\/p>\n","protected":false},"excerpt":{"rendered":"<p>En el contexto de la investigaci\u00f3n que involucra a Manuel Monsalve, exsubsecretario del Interior, la ministra del Interior,<\/p>\n","protected":false},"author":5,"featured_media":2797,"comment_status":"open","ping_status":"open","sticky":false,"template":"","format":"standard","meta":{"_crdt_document":"","_uag_custom_page_level_css":"","_sitemap_exclude":false,"_sitemap_priority":"","_sitemap_frequency":"","_joinchat":[],"footnotes":""},"categories":[14,409],"tags":[],"class_list":["post-3124","post","type-post","status-publish","format-standard","has-post-thumbnail","hentry","category-nacional","category-ultimo-minuto"],"featured_image_urls":{"full":["https:\/\/www.koncevisiontv.cl\/web\/wp-content\/uploads\/2024\/10\/toha.jpg",1024,576,false],"thumbnail":["https:\/\/www.koncevisiontv.cl\/web\/wp-content\/uploads\/2024\/10\/toha-150x150.jpg",150,150,true],"medium":["https:\/\/www.koncevisiontv.cl\/web\/wp-content\/uploads\/2024\/10\/toha-300x169.jpg",300,169,true],"medium_large":["https:\/\/www.koncevisiontv.cl\/web\/wp-content\/uploads\/2024\/10\/toha-768x432.jpg",640,360,true],"large":["https:\/\/www.koncevisiontv.cl\/web\/wp-content\/uploads\/2024\/10\/toha.jpg",640,360,false],"1536x1536":["https:\/\/www.koncevisiontv.cl\/web\/wp-content\/uploads\/2024\/10\/toha.jpg",1024,576,false],"2048x2048":["https:\/\/www.koncevisiontv.cl\/web\/wp-content\/uploads\/2024\/10\/toha.jpg",1024,576,false],"darknews-featured":["https:\/\/www.koncevisiontv.cl\/web\/wp-content\/uploads\/2024\/10\/toha.jpg",1024,576,false],"darknews-large":["https:\/\/www.koncevisiontv.cl\/web\/wp-content\/uploads\/2024\/10\/toha-825x575.jpg",825,575,true],"darknews-medium":["https:\/\/www.koncevisiontv.cl\/web\/wp-content\/uploads\/2024\/10\/toha-590x410.jpg",590,410,true]},"author_info":{"info":["Web-Master"]},"category_info":"<a href=\"https:\/\/www.koncevisiontv.cl\/web\/category\/nacional\/\" rel=\"category tag\">Nacional<\/a> <a href=\"https:\/\/www.koncevisiontv.cl\/web\/category\/ultimo-minuto\/\" rel=\"category tag\">Ultimo MInuto<\/a>","tag_info":"Ultimo MInuto","comment_count":"0","uagb_featured_image_src":{"full":["https:\/\/www.koncevisiontv.cl\/web\/wp-content\/uploads\/2024\/10\/toha.jpg",1024,576,false],"thumbnail":["https:\/\/www.koncevisiontv.cl\/web\/wp-content\/uploads\/2024\/10\/toha-150x150.jpg",150,150,true],"medium":["https:\/\/www.koncevisiontv.cl\/web\/wp-content\/uploads\/2024\/10\/toha-300x169.jpg",300,169,true],"medium_large":["https:\/\/www.koncevisiontv.cl\/web\/wp-content\/uploads\/2024\/10\/toha-768x432.jpg",640,360,true],"large":["https:\/\/www.koncevisiontv.cl\/web\/wp-content\/uploads\/2024\/10\/toha.jpg",640,360,false],"1536x1536":["https:\/\/www.koncevisiontv.cl\/web\/wp-content\/uploads\/2024\/10\/toha.jpg",1024,576,false],"2048x2048":["https:\/\/www.koncevisiontv.cl\/web\/wp-content\/uploads\/2024\/10\/toha.jpg",1024,576,false],"darknews-featured":["https:\/\/www.koncevisiontv.cl\/web\/wp-content\/uploads\/2024\/10\/toha.jpg",1024,576,false],"darknews-large":["https:\/\/www.koncevisiontv.cl\/web\/wp-content\/uploads\/2024\/10\/toha-825x575.jpg",825,575,true],"darknews-medium":["https:\/\/www.koncevisiontv.cl\/web\/wp-content\/uploads\/2024\/10\/toha-590x410.jpg",590,410,true]},"uagb_author_info":{"display_name":"Web-Master","author_link":"https:\/\/www.koncevisiontv.cl\/web\/author\/koncevision\/"},"uagb_comment_info":0,"uagb_excerpt":"En el contexto de la investigaci\u00f3n que involucra a Manuel Monsalve, exsubsecretario del Interior, la ministra del Interior,","_links":{"self":[{"href":"https:\/\/www.koncevisiontv.cl\/web\/wp-json\/wp\/v2\/posts\/3124","targetHints":{"allow":["GET"]}}],"collection":[{"href":"https:\/\/www.koncevisiontv.cl\/web\/wp-json\/wp\/v2\/posts"}],"about":[{"href":"https:\/\/www.koncevisiontv.cl\/web\/wp-json\/wp\/v2\/types\/post"}],"author":[{"embeddable":true,"href":"https:\/\/www.koncevisiontv.cl\/web\/wp-json\/wp\/v2\/users\/5"}],"replies":[{"embeddable":true,"href":"https:\/\/www.koncevisiontv.cl\/web\/wp-json\/wp\/v2\/comments?post=3124"}],"version-history":[{"count":1,"href":"https:\/\/www.koncevisiontv.cl\/web\/wp-json\/wp\/v2\/posts\/3124\/revisions"}],"predecessor-version":[{"id":3125,"href":"https:\/\/www.koncevisiontv.cl\/web\/wp-json\/wp\/v2\/posts\/3124\/revisions\/3125"}],"wp:featuredmedia":[{"embeddable":true,"href":"https:\/\/www.koncevisiontv.cl\/web\/wp-json\/wp\/v2\/media\/2797"}],"wp:attachment":[{"href":"https:\/\/www.koncevisiontv.cl\/web\/wp-json\/wp\/v2\/media?parent=3124"}],"wp:term":[{"taxonomy":"category","embeddable":true,"href":"https:\/\/www.koncevisiontv.cl\/web\/wp-json\/wp\/v2\/categories?post=3124"},{"taxonomy":"post_tag","embeddable":true,"href":"https:\/\/www.koncevisiontv.cl\/web\/wp-json\/wp\/v2\/tags?post=3124"}],"curies":[{"name":"wp","href":"https:\/\/api.w.org\/{rel}","templated":true}]}}