{"id":3126,"date":"2024-10-30T19:40:19","date_gmt":"2024-10-30T22:40:19","guid":{"rendered":"https:\/\/www.koncevisiontv.cl\/web\/?p=3126"},"modified":"2024-10-30T19:40:20","modified_gmt":"2024-10-30T22:40:20","slug":"comision-aprueba-en-general-la-ampliacion-del-subsidio-electrico-que-llegaria-al-40-mas-vulnerable-del-rsh","status":"publish","type":"post","link":"https:\/\/www.koncevisiontv.cl\/web\/comision-aprueba-en-general-la-ampliacion-del-subsidio-electrico-que-llegaria-al-40-mas-vulnerable-del-rsh\/","title":{"rendered":"Comisi\u00f3n aprueba en general la ampliaci\u00f3n del subsidio el\u00e9ctrico, que llegar\u00eda al 40% m\u00e1s vulnerable del RSH"},"content":{"rendered":"\n<p class=\"wp-block-paragraph\"><\/p>\n\n\n\n<div class=\"wp-block-uagb-image uagb-block-251110f5 wp-block-uagb-image--layout-default wp-block-uagb-image--effect-static wp-block-uagb-image--align-none\"><figure class=\"wp-block-uagb-image__figure\"><img decoding=\"async\" srcset=\"https:\/\/www.koncevisiontv.cl\/web\/wp-content\/uploads\/2024\/10\/Comision-de-Mineria-y-Energia.jpg ,https:\/\/www.koncevisiontv.cl\/web\/wp-content\/uploads\/2024\/10\/Comision-de-Mineria-y-Energia.jpg 780w, https:\/\/www.koncevisiontv.cl\/web\/wp-content\/uploads\/2024\/10\/Comision-de-Mineria-y-Energia.jpg 360w\" sizes=\"(max-width: 480px) 150px\" src=\"https:\/\/www.koncevisiontv.cl\/web\/wp-content\/uploads\/2024\/10\/Comision-de-Mineria-y-Energia.jpg\" alt=\"Comisi\u00f3n aprueba en general la ampliaci\u00f3n del subsidio el\u00e9ctrico que beneficiar\u00eda al 40% m\u00e1s vulnerable del RSH\" class=\"uag-image-3127\" width=\"\" height=\"\" title=\"Comision-de-Mineria-y-Energia\" loading=\"lazy\" role=\"img\"\/><\/figure><\/div>\n\n\n\n<p class=\"wp-block-paragraph\">Este martes, la Comisi\u00f3n de Miner\u00eda y Energ\u00eda de la C\u00e1mara de Diputados dio luz verde en su primera instancia a un proyecto de ley que ampliar\u00eda el subsidio el\u00e9ctrico, destinado a beneficiar al 40% de los hogares m\u00e1s vulnerables registrados en el Registro Social de Hogares (RSH). Esta medida, impulsada con el objetivo de aliviar la carga econ\u00f3mica de las familias con menores ingresos, representa un avance importante en el acceso equitativo a los servicios b\u00e1sicos en Chile.<\/p>\n\n\n\n<p class=\"wp-block-paragraph\">Con esta iniciativa, se busca aumentar el acceso al subsidio, extendi\u00e9ndolo desde los hogares m\u00e1s necesitados hacia un rango m\u00e1s amplio de familias de clase media vulnerable. Seg\u00fan el Ministerio de Energ\u00eda, esta expansi\u00f3n se realizar\u00e1 de forma gradual y con criterios de focalizaci\u00f3n para garantizar que los recursos lleguen a quienes m\u00e1s lo necesitan.<\/p>\n\n\n\n<p class=\"wp-block-paragraph\">Durante la sesi\u00f3n, el ministro de Energ\u00eda, Diego Pardow, destac\u00f3 que la expansi\u00f3n del subsidio tambi\u00e9n contribuir\u00e1 a reducir el impacto del alza de los precios de la electricidad en el contexto de la inflaci\u00f3n y las demandas energ\u00e9ticas. Adem\u00e1s, la medida busca mejorar la calidad de vida de los beneficiarios, permiti\u00e9ndoles una mayor estabilidad econ\u00f3mica al cubrir una porci\u00f3n de los costos de consumo el\u00e9ctrico.<\/p>\n\n\n\n<h3 class=\"wp-block-heading\">Beneficios proyectados y pr\u00f3ximo debate en sala<\/h3>\n\n\n\n<p class=\"wp-block-paragraph\">La iniciativa se plantea como una herramienta clave para aliviar la vulnerabilidad energ\u00e9tica de las familias chilenas, lo cual ser\u00e1 especialmente significativo en tiempos de invierno, cuando el consumo el\u00e9ctrico tiende a aumentar. Se espera que esta ampliaci\u00f3n, de ser aprobada en sus pr\u00f3ximas etapas legislativas, entre en vigor progresivamente en el pr\u00f3ximo a\u00f1o.<\/p>\n\n\n\n<p class=\"wp-block-paragraph\">La propuesta de ley debe ser discutida en la sala de la C\u00e1mara de Diputados, donde se analizar\u00e1n los detalles espec\u00edficos de su implementaci\u00f3n, incluyendo los criterios para la entrega del beneficio y los montos a subsidiar.<\/p>\n\n\n\n<p class=\"wp-block-paragraph\"><\/p>\n\n\n\n<p class=\"wp-block-paragraph\"><\/p>\n","protected":false},"excerpt":{"rendered":"<p>Este martes, la Comisi\u00f3n de Miner\u00eda y Energ\u00eda de la C\u00e1mara de Diputados dio luz verde en su<\/p>\n","protected":false},"author":5,"featured_media":3127,"comment_status":"open","ping_status":"open","sticky":false,"template":"","format":"standard","meta":{"_crdt_document":"","_uag_custom_page_level_css":"","_sitemap_exclude":false,"_sitemap_priority":"","_sitemap_frequency":"","_joinchat":[],"footnotes":""},"categories":[14],"tags":[],"class_list":["post-3126","post","type-post","status-publish","format-standard","has-post-thumbnail","hentry","category-nacional"],"featured_image_urls":{"full":["https:\/\/www.koncevisiontv.cl\/web\/wp-content\/uploads\/2024\/10\/Comision-de-Mineria-y-Energia.jpg",800,534,false],"thumbnail":["https:\/\/www.koncevisiontv.cl\/web\/wp-content\/uploads\/2024\/10\/Comision-de-Mineria-y-Energia-150x150.jpg",150,150,true],"medium":["https:\/\/www.koncevisiontv.cl\/web\/wp-content\/uploads\/2024\/10\/Comision-de-Mineria-y-Energia-300x200.jpg",300,200,true],"medium_large":["https:\/\/www.koncevisiontv.cl\/web\/wp-content\/uploads\/2024\/10\/Comision-de-Mineria-y-Energia-768x513.jpg",640,428,true],"large":["https:\/\/www.koncevisiontv.cl\/web\/wp-content\/uploads\/2024\/10\/Comision-de-Mineria-y-Energia.jpg",640,427,false],"1536x1536":["https:\/\/www.koncevisiontv.cl\/web\/wp-content\/uploads\/2024\/10\/Comision-de-Mineria-y-Energia.jpg",800,534,false],"2048x2048":["https:\/\/www.koncevisiontv.cl\/web\/wp-content\/uploads\/2024\/10\/Comision-de-Mineria-y-Energia.jpg",800,534,false],"darknews-featured":["https:\/\/www.koncevisiontv.cl\/web\/wp-content\/uploads\/2024\/10\/Comision-de-Mineria-y-Energia.jpg",800,534,false],"darknews-large":["https:\/\/www.koncevisiontv.cl\/web\/wp-content\/uploads\/2024\/10\/Comision-de-Mineria-y-Energia.jpg",800,534,false],"darknews-medium":["https:\/\/www.koncevisiontv.cl\/web\/wp-content\/uploads\/2024\/10\/Comision-de-Mineria-y-Energia-590x410.jpg",590,410,true]},"author_info":{"info":["Web-Master"]},"category_info":"<a href=\"https:\/\/www.koncevisiontv.cl\/web\/category\/nacional\/\" rel=\"category tag\">Nacional<\/a>","tag_info":"Nacional","comment_count":"0","uagb_featured_image_src":{"full":["https:\/\/www.koncevisiontv.cl\/web\/wp-content\/uploads\/2024\/10\/Comision-de-Mineria-y-Energia.jpg",800,534,false],"thumbnail":["https:\/\/www.koncevisiontv.cl\/web\/wp-content\/uploads\/2024\/10\/Comision-de-Mineria-y-Energia-150x150.jpg",150,150,true],"medium":["https:\/\/www.koncevisiontv.cl\/web\/wp-content\/uploads\/2024\/10\/Comision-de-Mineria-y-Energia-300x200.jpg",300,200,true],"medium_large":["https:\/\/www.koncevisiontv.cl\/web\/wp-content\/uploads\/2024\/10\/Comision-de-Mineria-y-Energia-768x513.jpg",640,428,true],"large":["https:\/\/www.koncevisiontv.cl\/web\/wp-content\/uploads\/2024\/10\/Comision-de-Mineria-y-Energia.jpg",640,427,false],"1536x1536":["https:\/\/www.koncevisiontv.cl\/web\/wp-content\/uploads\/2024\/10\/Comision-de-Mineria-y-Energia.jpg",800,534,false],"2048x2048":["https:\/\/www.koncevisiontv.cl\/web\/wp-content\/uploads\/2024\/10\/Comision-de-Mineria-y-Energia.jpg",800,534,false],"darknews-featured":["https:\/\/www.koncevisiontv.cl\/web\/wp-content\/uploads\/2024\/10\/Comision-de-Mineria-y-Energia.jpg",800,534,false],"darknews-large":["https:\/\/www.koncevisiontv.cl\/web\/wp-content\/uploads\/2024\/10\/Comision-de-Mineria-y-Energia.jpg",800,534,false],"darknews-medium":["https:\/\/www.koncevisiontv.cl\/web\/wp-content\/uploads\/2024\/10\/Comision-de-Mineria-y-Energia-590x410.jpg",590,410,true]},"uagb_author_info":{"display_name":"Web-Master","author_link":"https:\/\/www.koncevisiontv.cl\/web\/author\/koncevision\/"},"uagb_comment_info":0,"uagb_excerpt":"Este martes, la Comisi\u00f3n de Miner\u00eda y Energ\u00eda de la C\u00e1mara de Diputados dio luz verde en su","_links":{"self":[{"href":"https:\/\/www.koncevisiontv.cl\/web\/wp-json\/wp\/v2\/posts\/3126","targetHints":{"allow":["GET"]}}],"collection":[{"href":"https:\/\/www.koncevisiontv.cl\/web\/wp-json\/wp\/v2\/posts"}],"about":[{"href":"https:\/\/www.koncevisiontv.cl\/web\/wp-json\/wp\/v2\/types\/post"}],"author":[{"embeddable":true,"href":"https:\/\/www.koncevisiontv.cl\/web\/wp-json\/wp\/v2\/users\/5"}],"replies":[{"embeddable":true,"href":"https:\/\/www.koncevisiontv.cl\/web\/wp-json\/wp\/v2\/comments?post=3126"}],"version-history":[{"count":1,"href":"https:\/\/www.koncevisiontv.cl\/web\/wp-json\/wp\/v2\/posts\/3126\/revisions"}],"predecessor-version":[{"id":3128,"href":"https:\/\/www.koncevisiontv.cl\/web\/wp-json\/wp\/v2\/posts\/3126\/revisions\/3128"}],"wp:featuredmedia":[{"embeddable":true,"href":"https:\/\/www.koncevisiontv.cl\/web\/wp-json\/wp\/v2\/media\/3127"}],"wp:attachment":[{"href":"https:\/\/www.koncevisiontv.cl\/web\/wp-json\/wp\/v2\/media?parent=3126"}],"wp:term":[{"taxonomy":"category","embeddable":true,"href":"https:\/\/www.koncevisiontv.cl\/web\/wp-json\/wp\/v2\/categories?post=3126"},{"taxonomy":"post_tag","embeddable":true,"href":"https:\/\/www.koncevisiontv.cl\/web\/wp-json\/wp\/v2\/tags?post=3126"}],"curies":[{"name":"wp","href":"https:\/\/api.w.org\/{rel}","templated":true}]}}