{"id":3129,"date":"2024-10-30T20:09:37","date_gmt":"2024-10-30T23:09:37","guid":{"rendered":"https:\/\/www.koncevisiontv.cl\/web\/?p=3129"},"modified":"2024-10-30T20:09:39","modified_gmt":"2024-10-30T23:09:39","slug":"bono-extra-para-vocales-de-mesa-amplio-respaldo-en-la-camara","status":"publish","type":"post","link":"https:\/\/www.koncevisiontv.cl\/web\/bono-extra-para-vocales-de-mesa-amplio-respaldo-en-la-camara\/","title":{"rendered":"Bono Extra para Vocales de Mesa: Amplio Respaldo en la C\u00e1mara"},"content":{"rendered":"\n<p class=\"wp-block-paragraph\"><\/p>\n\n\n\n<div class=\"wp-block-uagb-image uagb-block-4e0ac707 wp-block-uagb-image--layout-default wp-block-uagb-image--effect-static wp-block-uagb-image--align-none\"><figure class=\"wp-block-uagb-image__figure\"><img decoding=\"async\" srcset=\"https:\/\/www.koncevisiontv.cl\/web\/wp-content\/uploads\/2024\/10\/Servel-vocales-de-mesa-1-1024x683.jpg ,https:\/\/www.koncevisiontv.cl\/web\/wp-content\/uploads\/2024\/10\/Servel-vocales-de-mesa-1.jpg 780w, https:\/\/www.koncevisiontv.cl\/web\/wp-content\/uploads\/2024\/10\/Servel-vocales-de-mesa-1.jpg 360w\" sizes=\"auto, (max-width: 480px) 150px\" src=\"https:\/\/www.koncevisiontv.cl\/web\/wp-content\/uploads\/2024\/10\/Servel-vocales-de-mesa-1-1024x683.jpg\" alt=\"Vocales De Mesa\" class=\"uag-image-3130\" width=\"1024\" height=\"683\" title=\"Servel-vocales-de-mesa (1)\" loading=\"lazy\" role=\"img\"\/><\/figure><\/div>\n\n\n\n<p class=\"wp-block-paragraph\"><\/p>\n\n\n\n<p class=\"wp-block-paragraph\">Despu\u00e9s de la intensa jornada de trabajo de los vocales de mesa en las elecciones del fin de semana pasado, el Servicio Electoral de Chile (Servel) inst\u00f3 al Gobierno a presentar un proyecto de ley que contemple un bono extraordinario adicional de 1 UF, que equivale aproximadamente a $38.000. Esta propuesta busca reconocer el esfuerzo realizado por quienes trabajaron en el proceso electoral y se extender\u00eda tambi\u00e9n a aquellos que participar\u00e1n en la segunda vuelta de gobernadores, programada para el 24 de noviembre.<\/p>\n\n\n\n<p class=\"wp-block-paragraph\">La iniciativa del Servel fue bien recibida en el Congreso Nacional. Diego Ib\u00e1\u00f1ez, del Frente Amplio, expres\u00f3 su acuerdo con la idea de otorgar un bono extraordinario a quienes ejercieron y ejercer\u00e1n labores durante las elecciones, destacando que su rol es fundamental. Sin embargo, tambi\u00e9n enfatiz\u00f3 la necesidad de un d\u00eda compensatorio para estos trabajadores, debido al desgaste f\u00edsico y mental que enfrentan tras participar en extensas jornadas electorales.<\/p>\n\n\n\n<p class=\"wp-block-paragraph\">Miguel \u00c1ngel Becker, de Renovaci\u00f3n Nacional, resalt\u00f3 la dedicaci\u00f3n de los vocales, quienes debieron trabajar durante dos d\u00edas y enfrentar el conteo de votos hasta la madrugada del lunes. En su opini\u00f3n, el bono adicional debe ser pagado sin falta. Por su parte, Juan Manuel Fuenzalida, de la UDI, argument\u00f3 que ser\u00eda l\u00f3gico y justo que el Gobierno asuma este gasto adicional, dada la gran dedicaci\u00f3n de tiempo y esfuerzo que implic\u00f3 el proceso electoral.<\/p>\n\n\n\n<p class=\"wp-block-paragraph\">La diputada Camila Musante, independiente del PPD, tambi\u00e9n se sum\u00f3 al apoyo de este proyecto, subrayando la necesidad de compensaciones para quienes se vieron obligados a trabajar hasta altas horas de la madrugada y al d\u00eda siguiente regresar a sus empleos habituales sin haber podido descansar adecuadamente. Musante abog\u00f3 por un permiso laboral que reconozca el nivel de agotamiento generado por estas largas jornadas.<\/p>\n","protected":false},"excerpt":{"rendered":"<p>Despu\u00e9s de la intensa jornada de trabajo de los vocales de mesa en las elecciones del fin de<\/p>\n","protected":false},"author":5,"featured_media":3130,"comment_status":"open","ping_status":"open","sticky":false,"template":"","format":"standard","meta":{"_crdt_document":"","_uag_custom_page_level_css":"","_sitemap_exclude":false,"_sitemap_priority":"","_sitemap_frequency":"","_joinchat":[],"footnotes":""},"categories":[14],"tags":[],"class_list":["post-3129","post","type-post","status-publish","format-standard","has-post-thumbnail","hentry","category-nacional"],"featured_image_urls":{"full":["https:\/\/www.koncevisiontv.cl\/web\/wp-content\/uploads\/2024\/10\/Servel-vocales-de-mesa-1.jpg",1280,854,false],"thumbnail":["https:\/\/www.koncevisiontv.cl\/web\/wp-content\/uploads\/2024\/10\/Servel-vocales-de-mesa-1-150x150.jpg",150,150,true],"medium":["https:\/\/www.koncevisiontv.cl\/web\/wp-content\/uploads\/2024\/10\/Servel-vocales-de-mesa-1-300x200.jpg",300,200,true],"medium_large":["https:\/\/www.koncevisiontv.cl\/web\/wp-content\/uploads\/2024\/10\/Servel-vocales-de-mesa-1-768x512.jpg",640,427,true],"large":["https:\/\/www.koncevisiontv.cl\/web\/wp-content\/uploads\/2024\/10\/Servel-vocales-de-mesa-1-1024x683.jpg",640,427,true],"1536x1536":["https:\/\/www.koncevisiontv.cl\/web\/wp-content\/uploads\/2024\/10\/Servel-vocales-de-mesa-1.jpg",1280,854,false],"2048x2048":["https:\/\/www.koncevisiontv.cl\/web\/wp-content\/uploads\/2024\/10\/Servel-vocales-de-mesa-1.jpg",1280,854,false],"darknews-featured":["https:\/\/www.koncevisiontv.cl\/web\/wp-content\/uploads\/2024\/10\/Servel-vocales-de-mesa-1-1024x683.jpg",1024,683,true],"darknews-large":["https:\/\/www.koncevisiontv.cl\/web\/wp-content\/uploads\/2024\/10\/Servel-vocales-de-mesa-1-825x575.jpg",825,575,true],"darknews-medium":["https:\/\/www.koncevisiontv.cl\/web\/wp-content\/uploads\/2024\/10\/Servel-vocales-de-mesa-1-590x410.jpg",590,410,true]},"author_info":{"info":["Web-Master"]},"category_info":"<a href=\"https:\/\/www.koncevisiontv.cl\/web\/category\/nacional\/\" rel=\"category tag\">Nacional<\/a>","tag_info":"Nacional","comment_count":"0","uagb_featured_image_src":{"full":["https:\/\/www.koncevisiontv.cl\/web\/wp-content\/uploads\/2024\/10\/Servel-vocales-de-mesa-1.jpg",1280,854,false],"thumbnail":["https:\/\/www.koncevisiontv.cl\/web\/wp-content\/uploads\/2024\/10\/Servel-vocales-de-mesa-1-150x150.jpg",150,150,true],"medium":["https:\/\/www.koncevisiontv.cl\/web\/wp-content\/uploads\/2024\/10\/Servel-vocales-de-mesa-1-300x200.jpg",300,200,true],"medium_large":["https:\/\/www.koncevisiontv.cl\/web\/wp-content\/uploads\/2024\/10\/Servel-vocales-de-mesa-1-768x512.jpg",640,427,true],"large":["https:\/\/www.koncevisiontv.cl\/web\/wp-content\/uploads\/2024\/10\/Servel-vocales-de-mesa-1-1024x683.jpg",640,427,true],"1536x1536":["https:\/\/www.koncevisiontv.cl\/web\/wp-content\/uploads\/2024\/10\/Servel-vocales-de-mesa-1.jpg",1280,854,false],"2048x2048":["https:\/\/www.koncevisiontv.cl\/web\/wp-content\/uploads\/2024\/10\/Servel-vocales-de-mesa-1.jpg",1280,854,false],"darknews-featured":["https:\/\/www.koncevisiontv.cl\/web\/wp-content\/uploads\/2024\/10\/Servel-vocales-de-mesa-1-1024x683.jpg",1024,683,true],"darknews-large":["https:\/\/www.koncevisiontv.cl\/web\/wp-content\/uploads\/2024\/10\/Servel-vocales-de-mesa-1-825x575.jpg",825,575,true],"darknews-medium":["https:\/\/www.koncevisiontv.cl\/web\/wp-content\/uploads\/2024\/10\/Servel-vocales-de-mesa-1-590x410.jpg",590,410,true]},"uagb_author_info":{"display_name":"Web-Master","author_link":"https:\/\/www.koncevisiontv.cl\/web\/author\/koncevision\/"},"uagb_comment_info":0,"uagb_excerpt":"Despu\u00e9s de la intensa jornada de trabajo de los vocales de mesa en las elecciones del fin de","_links":{"self":[{"href":"https:\/\/www.koncevisiontv.cl\/web\/wp-json\/wp\/v2\/posts\/3129","targetHints":{"allow":["GET"]}}],"collection":[{"href":"https:\/\/www.koncevisiontv.cl\/web\/wp-json\/wp\/v2\/posts"}],"about":[{"href":"https:\/\/www.koncevisiontv.cl\/web\/wp-json\/wp\/v2\/types\/post"}],"author":[{"embeddable":true,"href":"https:\/\/www.koncevisiontv.cl\/web\/wp-json\/wp\/v2\/users\/5"}],"replies":[{"embeddable":true,"href":"https:\/\/www.koncevisiontv.cl\/web\/wp-json\/wp\/v2\/comments?post=3129"}],"version-history":[{"count":1,"href":"https:\/\/www.koncevisiontv.cl\/web\/wp-json\/wp\/v2\/posts\/3129\/revisions"}],"predecessor-version":[{"id":3131,"href":"https:\/\/www.koncevisiontv.cl\/web\/wp-json\/wp\/v2\/posts\/3129\/revisions\/3131"}],"wp:featuredmedia":[{"embeddable":true,"href":"https:\/\/www.koncevisiontv.cl\/web\/wp-json\/wp\/v2\/media\/3130"}],"wp:attachment":[{"href":"https:\/\/www.koncevisiontv.cl\/web\/wp-json\/wp\/v2\/media?parent=3129"}],"wp:term":[{"taxonomy":"category","embeddable":true,"href":"https:\/\/www.koncevisiontv.cl\/web\/wp-json\/wp\/v2\/categories?post=3129"},{"taxonomy":"post_tag","embeddable":true,"href":"https:\/\/www.koncevisiontv.cl\/web\/wp-json\/wp\/v2\/tags?post=3129"}],"curies":[{"name":"wp","href":"https:\/\/api.w.org\/{rel}","templated":true}]}}