{"id":3133,"date":"2024-10-30T20:49:17","date_gmt":"2024-10-30T23:49:17","guid":{"rendered":"https:\/\/www.koncevisiontv.cl\/web\/?p=3133"},"modified":"2024-10-30T20:49:19","modified_gmt":"2024-10-30T23:49:19","slug":"temuco-prision-preventiva-para-acusado-de-abusos-sexuales-contra-mas-de-300-menores","status":"publish","type":"post","link":"https:\/\/www.koncevisiontv.cl\/web\/temuco-prision-preventiva-para-acusado-de-abusos-sexuales-contra-mas-de-300-menores\/","title":{"rendered":"Temuco: Prisi\u00f3n preventiva para acusado de abusos sexuales contra m\u00e1s de 300 menores"},"content":{"rendered":"\n<p class=\"wp-block-paragraph\"><\/p>\n\n\n\n<div class=\"wp-block-uagb-image uagb-block-97de7256 wp-block-uagb-image--layout-default wp-block-uagb-image--effect-static wp-block-uagb-image--align-none\"><figure class=\"wp-block-uagb-image__figure\"><img decoding=\"async\" srcset=\"https:\/\/www.koncevisiontv.cl\/web\/wp-content\/uploads\/2024\/10\/A_UNO_208091.jpg_0.jpeg ,https:\/\/www.koncevisiontv.cl\/web\/wp-content\/uploads\/2024\/10\/A_UNO_208091.jpg_0.jpeg 780w, https:\/\/www.koncevisiontv.cl\/web\/wp-content\/uploads\/2024\/10\/A_UNO_208091.jpg_0.jpeg 360w\" sizes=\"auto, (max-width: 480px) 150px\" src=\"https:\/\/www.koncevisiontv.cl\/web\/wp-content\/uploads\/2024\/10\/A_UNO_208091.jpg_0.jpeg\" alt=\"\" class=\"uag-image-3134\" width=\"844\" height=\"475\" title=\"A_UNO_208091.jpg_0\" loading=\"lazy\" role=\"img\"><\/figure><\/div>\n\n\n\n<p class=\"wp-block-paragraph\"><\/p>\n\n\n\n<p class=\"wp-block-paragraph\">El Juzgado de Garant\u00eda de Temuco dict\u00f3 prisi\u00f3n preventiva para Erwin Cabrero Mu\u00f1oz, de 49 a\u00f1os, acusado de abusos sexuales reiterados a menores en la locomoci\u00f3n colectiva de la regi\u00f3n. Seg\u00fan la fiscal\u00eda, el acusado confes\u00f3 haber agredido a entre 300 y 400 v\u00edctimas, en su mayor\u00eda estudiantes, desde 2004. La investigaci\u00f3n de la PDI inici\u00f3 tras denuncias de un colegio local y continuar\u00e1 durante tres meses para identificar a otras posibles v\u00edctimas y recabar m\u00e1s pruebas.<\/p>\n","protected":false},"excerpt":{"rendered":"<p>El Juzgado de Garant\u00eda de Temuco dict\u00f3 prisi\u00f3n preventiva para Erwin Cabrero Mu\u00f1oz, de 49 a\u00f1os, acusado de<\/p>\n","protected":false},"author":5,"featured_media":3134,"comment_status":"open","ping_status":"open","sticky":false,"template":"","format":"standard","meta":{"_crdt_document":"","_uag_custom_page_level_css":"","_sitemap_exclude":false,"_sitemap_priority":"","_sitemap_frequency":"","_joinchat":[],"footnotes":""},"categories":[14],"tags":[],"class_list":["post-3133","post","type-post","status-publish","format-standard","has-post-thumbnail","hentry","category-nacional"],"featured_image_urls":{"full":["https:\/\/www.koncevisiontv.cl\/web\/wp-content\/uploads\/2024\/10\/A_UNO_208091.jpg_0.jpeg",844,475,false],"thumbnail":["https:\/\/www.koncevisiontv.cl\/web\/wp-content\/uploads\/2024\/10\/A_UNO_208091.jpg_0-150x150.jpeg",150,150,true],"medium":["https:\/\/www.koncevisiontv.cl\/web\/wp-content\/uploads\/2024\/10\/A_UNO_208091.jpg_0-300x169.jpeg",300,169,true],"medium_large":["https:\/\/www.koncevisiontv.cl\/web\/wp-content\/uploads\/2024\/10\/A_UNO_208091.jpg_0-768x432.jpeg",640,360,true],"large":["https:\/\/www.koncevisiontv.cl\/web\/wp-content\/uploads\/2024\/10\/A_UNO_208091.jpg_0.jpeg",640,360,false],"1536x1536":["https:\/\/www.koncevisiontv.cl\/web\/wp-content\/uploads\/2024\/10\/A_UNO_208091.jpg_0.jpeg",844,475,false],"2048x2048":["https:\/\/www.koncevisiontv.cl\/web\/wp-content\/uploads\/2024\/10\/A_UNO_208091.jpg_0.jpeg",844,475,false],"darknews-featured":["https:\/\/www.koncevisiontv.cl\/web\/wp-content\/uploads\/2024\/10\/A_UNO_208091.jpg_0.jpeg",844,475,false],"darknews-large":["https:\/\/www.koncevisiontv.cl\/web\/wp-content\/uploads\/2024\/10\/A_UNO_208091.jpg_0-825x475.jpeg",825,475,true],"darknews-medium":["https:\/\/www.koncevisiontv.cl\/web\/wp-content\/uploads\/2024\/10\/A_UNO_208091.jpg_0-590x410.jpeg",590,410,true]},"author_info":{"info":["Web-Master"]},"category_info":"<a href=\"https:\/\/www.koncevisiontv.cl\/web\/category\/nacional\/\" rel=\"category tag\">Nacional<\/a>","tag_info":"Nacional","comment_count":"0","uagb_featured_image_src":{"full":["https:\/\/www.koncevisiontv.cl\/web\/wp-content\/uploads\/2024\/10\/A_UNO_208091.jpg_0.jpeg",844,475,false],"thumbnail":["https:\/\/www.koncevisiontv.cl\/web\/wp-content\/uploads\/2024\/10\/A_UNO_208091.jpg_0-150x150.jpeg",150,150,true],"medium":["https:\/\/www.koncevisiontv.cl\/web\/wp-content\/uploads\/2024\/10\/A_UNO_208091.jpg_0-300x169.jpeg",300,169,true],"medium_large":["https:\/\/www.koncevisiontv.cl\/web\/wp-content\/uploads\/2024\/10\/A_UNO_208091.jpg_0-768x432.jpeg",640,360,true],"large":["https:\/\/www.koncevisiontv.cl\/web\/wp-content\/uploads\/2024\/10\/A_UNO_208091.jpg_0.jpeg",640,360,false],"1536x1536":["https:\/\/www.koncevisiontv.cl\/web\/wp-content\/uploads\/2024\/10\/A_UNO_208091.jpg_0.jpeg",844,475,false],"2048x2048":["https:\/\/www.koncevisiontv.cl\/web\/wp-content\/uploads\/2024\/10\/A_UNO_208091.jpg_0.jpeg",844,475,false],"darknews-featured":["https:\/\/www.koncevisiontv.cl\/web\/wp-content\/uploads\/2024\/10\/A_UNO_208091.jpg_0.jpeg",844,475,false],"darknews-large":["https:\/\/www.koncevisiontv.cl\/web\/wp-content\/uploads\/2024\/10\/A_UNO_208091.jpg_0-825x475.jpeg",825,475,true],"darknews-medium":["https:\/\/www.koncevisiontv.cl\/web\/wp-content\/uploads\/2024\/10\/A_UNO_208091.jpg_0-590x410.jpeg",590,410,true]},"uagb_author_info":{"display_name":"Web-Master","author_link":"https:\/\/www.koncevisiontv.cl\/web\/author\/koncevision\/"},"uagb_comment_info":0,"uagb_excerpt":"El Juzgado de Garant\u00eda de Temuco dict\u00f3 prisi\u00f3n preventiva para Erwin Cabrero Mu\u00f1oz, de 49 a\u00f1os, acusado de","_links":{"self":[{"href":"https:\/\/www.koncevisiontv.cl\/web\/wp-json\/wp\/v2\/posts\/3133","targetHints":{"allow":["GET"]}}],"collection":[{"href":"https:\/\/www.koncevisiontv.cl\/web\/wp-json\/wp\/v2\/posts"}],"about":[{"href":"https:\/\/www.koncevisiontv.cl\/web\/wp-json\/wp\/v2\/types\/post"}],"author":[{"embeddable":true,"href":"https:\/\/www.koncevisiontv.cl\/web\/wp-json\/wp\/v2\/users\/5"}],"replies":[{"embeddable":true,"href":"https:\/\/www.koncevisiontv.cl\/web\/wp-json\/wp\/v2\/comments?post=3133"}],"version-history":[{"count":1,"href":"https:\/\/www.koncevisiontv.cl\/web\/wp-json\/wp\/v2\/posts\/3133\/revisions"}],"predecessor-version":[{"id":3135,"href":"https:\/\/www.koncevisiontv.cl\/web\/wp-json\/wp\/v2\/posts\/3133\/revisions\/3135"}],"wp:featuredmedia":[{"embeddable":true,"href":"https:\/\/www.koncevisiontv.cl\/web\/wp-json\/wp\/v2\/media\/3134"}],"wp:attachment":[{"href":"https:\/\/www.koncevisiontv.cl\/web\/wp-json\/wp\/v2\/media?parent=3133"}],"wp:term":[{"taxonomy":"category","embeddable":true,"href":"https:\/\/www.koncevisiontv.cl\/web\/wp-json\/wp\/v2\/categories?post=3133"},{"taxonomy":"post_tag","embeddable":true,"href":"https:\/\/www.koncevisiontv.cl\/web\/wp-json\/wp\/v2\/tags?post=3133"}],"curies":[{"name":"wp","href":"https:\/\/api.w.org\/{rel}","templated":true}]}}