{"id":3136,"date":"2024-11-01T11:34:35","date_gmt":"2024-11-01T14:34:35","guid":{"rendered":"https:\/\/www.koncevisiontv.cl\/web\/?p=3136"},"modified":"2024-11-01T11:34:37","modified_gmt":"2024-11-01T14:34:37","slug":"frente-amplio-suspende-militancia-de-diputada-marcela-riquelme-tras-denuncia-por-abuso-sexual","status":"publish","type":"post","link":"https:\/\/www.koncevisiontv.cl\/web\/frente-amplio-suspende-militancia-de-diputada-marcela-riquelme-tras-denuncia-por-abuso-sexual\/","title":{"rendered":"Frente Amplio suspende militancia de diputada Marcela Riquelme tras denuncia por abuso sexual"},"content":{"rendered":"\n<p class=\"wp-block-paragraph\"><\/p>\n\n\n\n<div class=\"wp-block-uagb-image uagb-block-5f1054e6 wp-block-uagb-image--layout-default wp-block-uagb-image--effect-static wp-block-uagb-image--align-none\"><figure class=\"wp-block-uagb-image__figure\"><img decoding=\"async\" srcset=\"https:\/\/www.koncevisiontv.cl\/web\/wp-content\/uploads\/2024\/11\/R6CMNFACMNGRRPCGP5NEPDNJ7I-1024x538.avif ,https:\/\/www.koncevisiontv.cl\/web\/wp-content\/uploads\/2024\/11\/R6CMNFACMNGRRPCGP5NEPDNJ7I.avif 780w, https:\/\/www.koncevisiontv.cl\/web\/wp-content\/uploads\/2024\/11\/R6CMNFACMNGRRPCGP5NEPDNJ7I.avif 360w\" sizes=\"auto, (max-width: 480px) 150px\" src=\"https:\/\/www.koncevisiontv.cl\/web\/wp-content\/uploads\/2024\/11\/R6CMNFACMNGRRPCGP5NEPDNJ7I-1024x538.avif\" alt=\"\" class=\"uag-image-3137\" width=\"1024\" height=\"538\" title=\"R6CMNFACMNGRRPCGP5NEPDNJ7I\" loading=\"lazy\" role=\"img\"><figcaption class=\"uagb-image-caption\">Frente Amplio suspende militancia de diputada Marcela Riquelme tras denuncia de abuso sexual<\/figcaption><\/figure><\/div>\n\n\n\n<p class=\"wp-block-paragraph\"><\/p>\n\n\n\n<p class=\"wp-block-paragraph\">El Tribunal Supremo del Frente Amplio suspendi\u00f3 la militancia de la diputada Marcela Riquelme, acusada por una colaboradora del partido en Rengo de abuso sexual. El secretario general del FA, Andr\u00e9s Couble, declar\u00f3 que se actuar\u00e1 con rapidez y que la organizaci\u00f3n brindar\u00e1 apoyo a la denunciante, reiterando su compromiso con la erradicaci\u00f3n de la violencia de g\u00e9nero. Riquelme opt\u00f3 por guardar silencio y dej\u00f3 el proceso en manos de la justicia para esclarecer los hechos.<\/p>\n","protected":false},"excerpt":{"rendered":"<p>El Tribunal Supremo del Frente Amplio suspendi\u00f3 la militancia de la diputada Marcela Riquelme, acusada por una colaboradora<\/p>\n","protected":false},"author":5,"featured_media":3137,"comment_status":"open","ping_status":"open","sticky":false,"template":"","format":"standard","meta":{"_crdt_document":"","_uag_custom_page_level_css":"","_sitemap_exclude":false,"_sitemap_priority":"","_sitemap_frequency":"","_joinchat":[],"footnotes":""},"categories":[14],"tags":[],"class_list":["post-3136","post","type-post","status-publish","format-standard","has-post-thumbnail","hentry","category-nacional"],"featured_image_urls":{"full":["https:\/\/www.koncevisiontv.cl\/web\/wp-content\/uploads\/2024\/11\/R6CMNFACMNGRRPCGP5NEPDNJ7I.avif",1200,630,false],"thumbnail":["https:\/\/www.koncevisiontv.cl\/web\/wp-content\/uploads\/2024\/11\/R6CMNFACMNGRRPCGP5NEPDNJ7I-150x150.avif",150,150,true],"medium":["https:\/\/www.koncevisiontv.cl\/web\/wp-content\/uploads\/2024\/11\/R6CMNFACMNGRRPCGP5NEPDNJ7I-300x158.avif",300,158,true],"medium_large":["https:\/\/www.koncevisiontv.cl\/web\/wp-content\/uploads\/2024\/11\/R6CMNFACMNGRRPCGP5NEPDNJ7I-768x403.avif",640,336,true],"large":["https:\/\/www.koncevisiontv.cl\/web\/wp-content\/uploads\/2024\/11\/R6CMNFACMNGRRPCGP5NEPDNJ7I-1024x538.avif",640,336,true],"1536x1536":["https:\/\/www.koncevisiontv.cl\/web\/wp-content\/uploads\/2024\/11\/R6CMNFACMNGRRPCGP5NEPDNJ7I.avif",1200,630,false],"2048x2048":["https:\/\/www.koncevisiontv.cl\/web\/wp-content\/uploads\/2024\/11\/R6CMNFACMNGRRPCGP5NEPDNJ7I.avif",1200,630,false],"darknews-featured":["https:\/\/www.koncevisiontv.cl\/web\/wp-content\/uploads\/2024\/11\/R6CMNFACMNGRRPCGP5NEPDNJ7I-1024x538.avif",1024,538,true],"darknews-large":["https:\/\/www.koncevisiontv.cl\/web\/wp-content\/uploads\/2024\/11\/R6CMNFACMNGRRPCGP5NEPDNJ7I-825x575.avif",825,575,true],"darknews-medium":["https:\/\/www.koncevisiontv.cl\/web\/wp-content\/uploads\/2024\/11\/R6CMNFACMNGRRPCGP5NEPDNJ7I-590x410.avif",590,410,true]},"author_info":{"info":["Web-Master"]},"category_info":"<a href=\"https:\/\/www.koncevisiontv.cl\/web\/category\/nacional\/\" rel=\"category tag\">Nacional<\/a>","tag_info":"Nacional","comment_count":"0","uagb_featured_image_src":{"full":["https:\/\/www.koncevisiontv.cl\/web\/wp-content\/uploads\/2024\/11\/R6CMNFACMNGRRPCGP5NEPDNJ7I.avif",1200,630,false],"thumbnail":["https:\/\/www.koncevisiontv.cl\/web\/wp-content\/uploads\/2024\/11\/R6CMNFACMNGRRPCGP5NEPDNJ7I-150x150.avif",150,150,true],"medium":["https:\/\/www.koncevisiontv.cl\/web\/wp-content\/uploads\/2024\/11\/R6CMNFACMNGRRPCGP5NEPDNJ7I-300x158.avif",300,158,true],"medium_large":["https:\/\/www.koncevisiontv.cl\/web\/wp-content\/uploads\/2024\/11\/R6CMNFACMNGRRPCGP5NEPDNJ7I-768x403.avif",640,336,true],"large":["https:\/\/www.koncevisiontv.cl\/web\/wp-content\/uploads\/2024\/11\/R6CMNFACMNGRRPCGP5NEPDNJ7I-1024x538.avif",640,336,true],"1536x1536":["https:\/\/www.koncevisiontv.cl\/web\/wp-content\/uploads\/2024\/11\/R6CMNFACMNGRRPCGP5NEPDNJ7I.avif",1200,630,false],"2048x2048":["https:\/\/www.koncevisiontv.cl\/web\/wp-content\/uploads\/2024\/11\/R6CMNFACMNGRRPCGP5NEPDNJ7I.avif",1200,630,false],"darknews-featured":["https:\/\/www.koncevisiontv.cl\/web\/wp-content\/uploads\/2024\/11\/R6CMNFACMNGRRPCGP5NEPDNJ7I-1024x538.avif",1024,538,true],"darknews-large":["https:\/\/www.koncevisiontv.cl\/web\/wp-content\/uploads\/2024\/11\/R6CMNFACMNGRRPCGP5NEPDNJ7I-825x575.avif",825,575,true],"darknews-medium":["https:\/\/www.koncevisiontv.cl\/web\/wp-content\/uploads\/2024\/11\/R6CMNFACMNGRRPCGP5NEPDNJ7I-590x410.avif",590,410,true]},"uagb_author_info":{"display_name":"Web-Master","author_link":"https:\/\/www.koncevisiontv.cl\/web\/author\/koncevision\/"},"uagb_comment_info":0,"uagb_excerpt":"El Tribunal Supremo del Frente Amplio suspendi\u00f3 la militancia de la diputada Marcela Riquelme, acusada por una colaboradora","_links":{"self":[{"href":"https:\/\/www.koncevisiontv.cl\/web\/wp-json\/wp\/v2\/posts\/3136","targetHints":{"allow":["GET"]}}],"collection":[{"href":"https:\/\/www.koncevisiontv.cl\/web\/wp-json\/wp\/v2\/posts"}],"about":[{"href":"https:\/\/www.koncevisiontv.cl\/web\/wp-json\/wp\/v2\/types\/post"}],"author":[{"embeddable":true,"href":"https:\/\/www.koncevisiontv.cl\/web\/wp-json\/wp\/v2\/users\/5"}],"replies":[{"embeddable":true,"href":"https:\/\/www.koncevisiontv.cl\/web\/wp-json\/wp\/v2\/comments?post=3136"}],"version-history":[{"count":1,"href":"https:\/\/www.koncevisiontv.cl\/web\/wp-json\/wp\/v2\/posts\/3136\/revisions"}],"predecessor-version":[{"id":3139,"href":"https:\/\/www.koncevisiontv.cl\/web\/wp-json\/wp\/v2\/posts\/3136\/revisions\/3139"}],"wp:featuredmedia":[{"embeddable":true,"href":"https:\/\/www.koncevisiontv.cl\/web\/wp-json\/wp\/v2\/media\/3137"}],"wp:attachment":[{"href":"https:\/\/www.koncevisiontv.cl\/web\/wp-json\/wp\/v2\/media?parent=3136"}],"wp:term":[{"taxonomy":"category","embeddable":true,"href":"https:\/\/www.koncevisiontv.cl\/web\/wp-json\/wp\/v2\/categories?post=3136"},{"taxonomy":"post_tag","embeddable":true,"href":"https:\/\/www.koncevisiontv.cl\/web\/wp-json\/wp\/v2\/tags?post=3136"}],"curies":[{"name":"wp","href":"https:\/\/api.w.org\/{rel}","templated":true}]}}