{"id":3865,"date":"2024-11-26T23:07:15","date_gmt":"2024-11-27T02:07:15","guid":{"rendered":"https:\/\/www.koncevisiontv.cl\/web\/?p=3865"},"modified":"2024-11-26T23:07:17","modified_gmt":"2024-11-27T02:07:17","slug":"denunciante-de-boric-asegura-no-comparti-fotos-intimas-y-lamenta-que-el-caso-se-haya-hecho-publico","status":"publish","type":"post","link":"https:\/\/www.koncevisiontv.cl\/web\/denunciante-de-boric-asegura-no-comparti-fotos-intimas-y-lamenta-que-el-caso-se-haya-hecho-publico\/","title":{"rendered":"Denunciante de Boric asegura: &#8220;No compart\u00ed fotos \u00edntimas&#8221; y lamenta que el caso se haya hecho p\u00fablico&#8221;"},"content":{"rendered":"\n<p class=\"wp-block-paragraph\"><strong>\ud83d\udd0d Denunciante de Boric: \u201cNo quer\u00eda hacer p\u00fablica la querella\u201d y niega haber enviado fotos \u00edntimas<\/strong><\/p>\n\n\n\n<p class=\"wp-block-paragraph\">La denunciante del Presidente Gabriel Boric rompi\u00f3 el silencio tras conocerse la querella que interpuso en su contra, en la cual lo acusa de la presunta difusi\u00f3n de im\u00e1genes privadas. En una entrevista, declar\u00f3 que su intenci\u00f3n era mantener el caso en privado y reiter\u00f3 que la acci\u00f3n legal no se dirige \u00fanicamente contra el Mandatario, sino tambi\u00e9n contra quienes resulten responsables.<\/p>\n\n\n\n<hr class=\"wp-block-separator has-alpha-channel-opacity\"\/>\n\n\n\n<figure class=\"wp-block-embed is-type-rich is-provider-twitter wp-block-embed-twitter\"><div class=\"wp-block-embed__wrapper\">\n<blockquote class=\"twitter-tweet\" data-width=\"550\" data-dnt=\"true\"><p lang=\"es\" dir=\"ltr\">Declaraci\u00f3n P\u00fablica de la Fiscal\u00eda Nacional referida a apertura de investigaci\u00f3n por causa relacionada con el Presidente Gabriel Boric <a href=\"https:\/\/t.co\/pDgp0ajApm\">pic.twitter.com\/pDgp0ajApm<\/a><\/p>&mdash; Fiscal\u00eda Nacional (@FiscaliadeChile) <a href=\"https:\/\/twitter.com\/FiscaliadeChile\/status\/1861525598109138968?ref_src=twsrc%5Etfw\" target=\"_blank\" rel=\"noopener\">November 26, 2024<\/a><\/blockquote><script async src=\"https:\/\/platform.twitter.com\/widgets.js\" charset=\"utf-8\"><\/script>\n<\/div><\/figure>\n\n\n\n<h3 class=\"wp-block-heading\"><strong>\ud83d\udcac \u201cNo soy una persona p\u00fablica\u201d<\/strong><\/h3>\n\n\n\n<p class=\"wp-block-paragraph\">En conversaci\u00f3n con Meganoticias, la mujer afirm\u00f3 que todo comenz\u00f3 cuando encontr\u00f3 im\u00e1genes privadas suyas publicadas en internet.<\/p>\n\n\n\n<blockquote class=\"wp-block-quote is-layout-flow wp-block-quote-is-layout-flow\">\n<p class=\"wp-block-paragraph\">\u201cLo que pasa es que de ah\u00ed se origina. Encontr\u00e9 las fotos en Internet y, por lo tanto, la persona que tuvo acceso fue \u00e9l y de ah\u00ed parte todo\u201d, explic\u00f3.<\/p>\n<\/blockquote>\n\n\n\n<p class=\"wp-block-paragraph\">A su vez, neg\u00f3 haber enviado fotograf\u00edas \u00edntimas al Presidente por correo electr\u00f3nico:<\/p>\n\n\n\n<blockquote class=\"wp-block-quote is-layout-flow wp-block-quote-is-layout-flow\">\n<p class=\"wp-block-paragraph\">\u201cNo le he compartido ninguna foto \u00edntima. No es solo contra \u00e9l la denuncia; es contra quienes resulten responsables tambi\u00e9n\u201d.<\/p>\n<\/blockquote>\n\n\n\n<p class=\"wp-block-paragraph\">La mujer tambi\u00e9n lament\u00f3 la exposici\u00f3n p\u00fablica del caso:<\/p>\n\n\n\n<blockquote class=\"wp-block-quote is-layout-flow wp-block-quote-is-layout-flow\">\n<p class=\"wp-block-paragraph\">\u201cEs s\u00faper complicado para m\u00ed, porque es algo privado. Yo no soy una persona p\u00fablica, no quer\u00eda hacerlo p\u00fablico, lo hizo \u00e9l\u201d.<\/p>\n<\/blockquote>\n\n\n\n<hr class=\"wp-block-separator has-alpha-channel-opacity\"\/>\n\n\n\n<h3 class=\"wp-block-heading\"><strong>\ud83d\udd0e Hackeos y contexto de la denuncia<\/strong><\/h3>\n\n\n\n<p class=\"wp-block-paragraph\">La denunciante revel\u00f3 que ha sido v\u00edctima de hackeos a sus cuentas de correo durante el \u00faltimo a\u00f1o, lo que fue un factor clave para interponer la querella.<\/p>\n\n\n\n<blockquote class=\"wp-block-quote is-layout-flow wp-block-quote-is-layout-flow\">\n<p class=\"wp-block-paragraph\">\u201cMe han hackeado todas mis cosas. La denuncia no es \u00fanicamente contra Gabriel Boric, sino tambi\u00e9n contra quienes resulten responsables\u201d, reiter\u00f3.<\/p>\n<\/blockquote>\n\n\n\n<p class=\"wp-block-paragraph\">Tambi\u00e9n explic\u00f3 que la figura legal que invoc\u00f3 en la querella no alude a acoso f\u00edsico, sino a una forma de persecuci\u00f3n m\u00e1s amplia:<\/p>\n\n\n\n<blockquote class=\"wp-block-quote is-layout-flow wp-block-quote-is-layout-flow\">\n<p class=\"wp-block-paragraph\">\u201cEl acoso sexual, la figura que yo estoy planteando, no es algo f\u00edsico. Es una figura penal especial que implica persecuci\u00f3n, no contacto f\u00edsico\u201d.<\/p>\n<\/blockquote>\n\n\n\n<hr class=\"wp-block-separator has-alpha-channel-opacity\"\/>\n\n\n\n<h3 class=\"wp-block-heading\"><strong>\u2696\ufe0f Investigaci\u00f3n en curso<\/strong><\/h3>\n\n\n\n<p class=\"wp-block-paragraph\">La denunciante expres\u00f3 su molestia por la divulgaci\u00f3n del caso, indicando que se encuentra en una etapa inicial:<\/p>\n\n\n\n<blockquote class=\"wp-block-quote is-layout-flow wp-block-quote-is-layout-flow\">\n<p class=\"wp-block-paragraph\">\u201cEs una investigaci\u00f3n que reci\u00e9n est\u00e1 comenzando, entonces no s\u00e9 por qu\u00e9 lo hizo p\u00fablico \u00e9l de esa forma\u201d.<\/p>\n<\/blockquote>\n\n\n\n<p class=\"wp-block-paragraph\">Finalmente, reconoci\u00f3 que este proceso ha tenido un impacto significativo en su vida personal:<\/p>\n\n\n\n<p class=\"wp-block-paragraph\">\u201cEstoy con tratamiento m\u00e9dico. Esto me afect\u00f3 mucho, y me sigue afectando hoy\u201d.<\/p>\n\n\n\n<hr class=\"wp-block-separator has-alpha-channel-opacity\"\/>\n\n\n\n<p class=\"wp-block-paragraph\"><\/p>\n","protected":false},"excerpt":{"rendered":"<p>\ud83d\udd0d Denunciante de Boric: \u201cNo quer\u00eda hacer p\u00fablica la querella\u201d y niega haber enviado fotos \u00edntimas La denunciante<\/p>\n","protected":false},"author":5,"featured_media":3834,"comment_status":"open","ping_status":"open","sticky":false,"template":"","format":"standard","meta":{"_crdt_document":"","_uag_custom_page_level_css":"","_sitemap_exclude":false,"_sitemap_priority":"","_sitemap_frequency":"","_joinchat":[],"footnotes":""},"categories":[409,415],"tags":[],"class_list":["post-3865","post","type-post","status-publish","format-standard","has-post-thumbnail","hentry","category-ultimo-minuto","category-caso-boric"],"featured_image_urls":{"full":["https:\/\/www.koncevisiontv.cl\/web\/wp-content\/uploads\/2024\/11\/boric.webp",1200,675,false],"thumbnail":["https:\/\/www.koncevisiontv.cl\/web\/wp-content\/uploads\/2024\/11\/boric-150x150.webp",150,150,true],"medium":["https:\/\/www.koncevisiontv.cl\/web\/wp-content\/uploads\/2024\/11\/boric-300x169.webp",300,169,true],"medium_large":["https:\/\/www.koncevisiontv.cl\/web\/wp-content\/uploads\/2024\/11\/boric-768x432.webp",640,360,true],"large":["https:\/\/www.koncevisiontv.cl\/web\/wp-content\/uploads\/2024\/11\/boric-1024x576.webp",640,360,true],"1536x1536":["https:\/\/www.koncevisiontv.cl\/web\/wp-content\/uploads\/2024\/11\/boric.webp",1200,675,false],"2048x2048":["https:\/\/www.koncevisiontv.cl\/web\/wp-content\/uploads\/2024\/11\/boric.webp",1200,675,false],"darknews-featured":["https:\/\/www.koncevisiontv.cl\/web\/wp-content\/uploads\/2024\/11\/boric-1024x576.webp",1024,576,true],"darknews-large":["https:\/\/www.koncevisiontv.cl\/web\/wp-content\/uploads\/2024\/11\/boric-825x575.webp",825,575,true],"darknews-medium":["https:\/\/www.koncevisiontv.cl\/web\/wp-content\/uploads\/2024\/11\/boric-590x410.webp",590,410,true]},"author_info":{"info":["Web-Master"]},"category_info":"<a href=\"https:\/\/www.koncevisiontv.cl\/web\/category\/ultimo-minuto\/\" rel=\"category tag\">Ultimo MInuto<\/a> <a href=\"https:\/\/www.koncevisiontv.cl\/web\/category\/caso-boric\/\" rel=\"category tag\">caso boric<\/a>","tag_info":"caso boric","comment_count":"0","uagb_featured_image_src":{"full":["https:\/\/www.koncevisiontv.cl\/web\/wp-content\/uploads\/2024\/11\/boric.webp",1200,675,false],"thumbnail":["https:\/\/www.koncevisiontv.cl\/web\/wp-content\/uploads\/2024\/11\/boric-150x150.webp",150,150,true],"medium":["https:\/\/www.koncevisiontv.cl\/web\/wp-content\/uploads\/2024\/11\/boric-300x169.webp",300,169,true],"medium_large":["https:\/\/www.koncevisiontv.cl\/web\/wp-content\/uploads\/2024\/11\/boric-768x432.webp",640,360,true],"large":["https:\/\/www.koncevisiontv.cl\/web\/wp-content\/uploads\/2024\/11\/boric-1024x576.webp",640,360,true],"1536x1536":["https:\/\/www.koncevisiontv.cl\/web\/wp-content\/uploads\/2024\/11\/boric.webp",1200,675,false],"2048x2048":["https:\/\/www.koncevisiontv.cl\/web\/wp-content\/uploads\/2024\/11\/boric.webp",1200,675,false],"darknews-featured":["https:\/\/www.koncevisiontv.cl\/web\/wp-content\/uploads\/2024\/11\/boric-1024x576.webp",1024,576,true],"darknews-large":["https:\/\/www.koncevisiontv.cl\/web\/wp-content\/uploads\/2024\/11\/boric-825x575.webp",825,575,true],"darknews-medium":["https:\/\/www.koncevisiontv.cl\/web\/wp-content\/uploads\/2024\/11\/boric-590x410.webp",590,410,true]},"uagb_author_info":{"display_name":"Web-Master","author_link":"https:\/\/www.koncevisiontv.cl\/web\/author\/koncevision\/"},"uagb_comment_info":0,"uagb_excerpt":"\ud83d\udd0d Denunciante de Boric: \u201cNo quer\u00eda hacer p\u00fablica la querella\u201d y niega haber enviado fotos \u00edntimas La denunciante","_links":{"self":[{"href":"https:\/\/www.koncevisiontv.cl\/web\/wp-json\/wp\/v2\/posts\/3865","targetHints":{"allow":["GET"]}}],"collection":[{"href":"https:\/\/www.koncevisiontv.cl\/web\/wp-json\/wp\/v2\/posts"}],"about":[{"href":"https:\/\/www.koncevisiontv.cl\/web\/wp-json\/wp\/v2\/types\/post"}],"author":[{"embeddable":true,"href":"https:\/\/www.koncevisiontv.cl\/web\/wp-json\/wp\/v2\/users\/5"}],"replies":[{"embeddable":true,"href":"https:\/\/www.koncevisiontv.cl\/web\/wp-json\/wp\/v2\/comments?post=3865"}],"version-history":[{"count":1,"href":"https:\/\/www.koncevisiontv.cl\/web\/wp-json\/wp\/v2\/posts\/3865\/revisions"}],"predecessor-version":[{"id":3866,"href":"https:\/\/www.koncevisiontv.cl\/web\/wp-json\/wp\/v2\/posts\/3865\/revisions\/3866"}],"wp:featuredmedia":[{"embeddable":true,"href":"https:\/\/www.koncevisiontv.cl\/web\/wp-json\/wp\/v2\/media\/3834"}],"wp:attachment":[{"href":"https:\/\/www.koncevisiontv.cl\/web\/wp-json\/wp\/v2\/media?parent=3865"}],"wp:term":[{"taxonomy":"category","embeddable":true,"href":"https:\/\/www.koncevisiontv.cl\/web\/wp-json\/wp\/v2\/categories?post=3865"},{"taxonomy":"post_tag","embeddable":true,"href":"https:\/\/www.koncevisiontv.cl\/web\/wp-json\/wp\/v2\/tags?post=3865"}],"curies":[{"name":"wp","href":"https:\/\/api.w.org\/{rel}","templated":true}]}}