{"id":4476,"date":"2024-12-27T11:38:24","date_gmt":"2024-12-27T14:38:24","guid":{"rendered":"https:\/\/www.koncevisiontv.cl\/web\/?p=4476"},"modified":"2024-12-27T11:45:54","modified_gmt":"2024-12-27T14:45:54","slug":"mercado-central-de-concepcion","status":"publish","type":"post","link":"https:\/\/www.koncevisiontv.cl\/web\/mercado-central-de-concepcion\/","title":{"rendered":"Reconstrucci\u00f3n del Mercado Central de Concepci\u00f3n: alcalde exige acelerar los plazos"},"content":{"rendered":"\n<p class=\"wp-block-paragraph\">El alcalde <a href=\"https:\/\/www.concepcion.cl\" target=\"_blank\" rel=\"noreferrer noopener\">H\u00e9ctor Mu\u00f1oz <\/a>calific\u00f3 de &#8220;impresentables&#8221; los plazos establecidos para la reconstrucci\u00f3n del Mercado Central de Concepci\u00f3n, un \u00edcono hist\u00f3rico y comercial de la regi\u00f3n del B\u00edo B\u00edo que fue destruido por un incendio en 2013.<\/p>\n\n\n\n<div class=\"wp-block-uagb-advanced-heading uagb-block-0571fd8a\"><h2 class=\"uagb-heading-text\">Plazos para la reconstrucci\u00f3n del Mercado Central de Concepci\u00f3n generan cr\u00edticas<\/h2><\/div>\n\n\n\n<p class=\"wp-block-paragraph\">Actualmente, se trabaja en el estudio de dise\u00f1o para la reconstrucci\u00f3n del Mercado Central de Concepci\u00f3n, un proceso que comenz\u00f3 en octubre de 2024 y que tomar\u00e1 tres a\u00f1os en completarse. Seg\u00fan el alcalde, estos tiempos son excesivos y no responden a la urgencia de devolver a la ciudad este espacio clave para la identidad penquista.<\/p>\n\n\n\n<p class=\"wp-block-paragraph\">\u201cEs inaceptable que la reconstrucci\u00f3n del Mercado Central de Concepci\u00f3n siga demor\u00e1ndose. La comunidad merece resultados m\u00e1s r\u00e1pidos\u201d, se\u00f1al\u00f3 H\u00e9ctor Mu\u00f1oz.<\/p>\n\n\n\n<div class=\"wp-block-uagb-advanced-heading uagb-block-25f2a4c2\"><h2 class=\"uagb-heading-text\">Consulta ciudadana sobre el Mercado Central de Concepci\u00f3n<\/h2><\/div>\n\n\n\n<p class=\"wp-block-paragraph\">Adem\u00e1s del dise\u00f1o, el proceso incluye una <strong>consulta ciudadana<\/strong> para recoger las opiniones y propuestas de los penquistas sobre la reconstrucci\u00f3n del Mercado Central de Concepci\u00f3n.<\/p>\n\n\n\n<p class=\"wp-block-paragraph\">El alcalde tambi\u00e9n destac\u00f3 la necesidad de avanzar paralelamente en otros aspectos del proyecto para garantizar un progreso m\u00e1s eficiente.<\/p>\n\n\n\n<div class=\"wp-block-uagb-advanced-heading uagb-block-fb03c882\"><h2 class=\"uagb-heading-text\">Informe sobre el estado del Mercado Central de Concepci\u00f3n estar\u00e1 listo en 2025<\/h2><\/div>\n\n\n\n<p class=\"wp-block-paragraph\">Un informe t\u00e9cnico sobre el estado estructural del antiguo mercado ser\u00e1 entregado entre febrero y marzo de 2025. Seg\u00fan estimaciones preliminares, la base del recinto estar\u00eda en buenas condiciones, lo que podr\u00eda facilitar la ejecuci\u00f3n de la obra.<\/p>\n\n\n\n<p class=\"wp-block-paragraph\">Por su parte, la directora regional del <a href=\"https:\/\/www.serviu.cl\" target=\"_blank\" rel=\"noopener\">Serviu<\/a>, Mar\u00eda Luz Gajardo, confirm\u00f3 su intenci\u00f3n de reunirse con el alcalde para definir los pr\u00f3ximos pasos del proyecto.<\/p>\n\n\n\n<div class=\"wp-block-uagb-advanced-heading uagb-block-c6aba4ef\"><h2 class=\"uagb-heading-text\">\u00bfPor qu\u00e9 es importante la reconstrucci\u00f3n del Mercado Central de Concepci\u00f3n?<\/h2><\/div>\n\n\n\n<p class=\"wp-block-paragraph\">El Mercado Central de Concepci\u00f3n no solo es un espacio comercial; tambi\u00e9n representa un punto de encuentro cultural y social que refleja la identidad de la ciudad. Su reconstrucci\u00f3n es clave para:<\/p>\n\n\n\n<ul class=\"wp-block-list\">\n<li><strong>Recuperar un s\u00edmbolo hist\u00f3rico de la ciudad.<\/strong><\/li>\n\n\n\n<li><strong>Fomentar el comercio local.<\/strong><\/li>\n\n\n\n<li><strong>Fortalecer el turismo y la econom\u00eda regional.<\/strong><\/li>\n<\/ul>\n\n\n\n<div class=\"wp-block-uagb-advanced-heading uagb-block-61b3c7c6\"><h2 class=\"uagb-heading-text\">\u00bfQu\u00e9 opinan los penquistas sobre la reconstrucci\u00f3n del Mercado Central de Concepci\u00f3n?<\/h2><\/div>\n\n\n\n<p class=\"wp-block-paragraph\">La consulta ciudadana busca garantizar que el proyecto refleje las expectativas de la comunidad, permitiendo que los penquistas participen activamente en el dise\u00f1o de este espacio emblem\u00e1tico.<\/p>\n\n\n\n<div class=\"wp-block-uagb-advanced-heading uagb-block-19e46c4d\"><h2 class=\"uagb-heading-text\">Conclusi\u00f3n: Reconstrucci\u00f3n del Mercado Central de Concepci\u00f3n, una tarea urgente<\/h2><\/div>\n\n\n\n<p class=\"wp-block-paragraph\">La reconstrucci\u00f3n del Mercado Central de Concepci\u00f3n es una necesidad para la ciudad y su gente. Las autoridades deben priorizar este proyecto, asegurando que avance de manera eficiente y que refleje las expectativas de la comunidad.<\/p>\n","protected":false},"excerpt":{"rendered":"<p>El alcalde H\u00e9ctor Mu\u00f1oz calific\u00f3 de &#8220;impresentables&#8221; los plazos establecidos para la reconstrucci\u00f3n del Mercado Central de Concepci\u00f3n,<\/p>\n","protected":false},"author":5,"featured_media":4477,"comment_status":"open","ping_status":"open","sticky":false,"template":"","format":"standard","meta":{"_crdt_document":"","_uag_custom_page_level_css":"","_sitemap_exclude":false,"_sitemap_priority":"","_sitemap_frequency":"","_joinchat":[],"footnotes":""},"categories":[226,420,190],"tags":[],"class_list":["post-4476","post","type-post","status-publish","format-standard","has-post-thumbnail","hentry","category-concepcion","category-mercado-central-de-concepcion","category-municipalidad-de-concepcion"],"featured_image_urls":{"full":["https:\/\/www.koncevisiontv.cl\/web\/wp-content\/uploads\/2024\/12\/Alcalde-de-Concepcion.avif",1200,630,false],"thumbnail":["https:\/\/www.koncevisiontv.cl\/web\/wp-content\/uploads\/2024\/12\/Alcalde-de-Concepcion-150x150.avif",150,150,true],"medium":["https:\/\/www.koncevisiontv.cl\/web\/wp-content\/uploads\/2024\/12\/Alcalde-de-Concepcion-300x158.avif",300,158,true],"medium_large":["https:\/\/www.koncevisiontv.cl\/web\/wp-content\/uploads\/2024\/12\/Alcalde-de-Concepcion-768x403.avif",640,336,true],"large":["https:\/\/www.koncevisiontv.cl\/web\/wp-content\/uploads\/2024\/12\/Alcalde-de-Concepcion-1024x538.avif",640,336,true],"1536x1536":["https:\/\/www.koncevisiontv.cl\/web\/wp-content\/uploads\/2024\/12\/Alcalde-de-Concepcion.avif",1200,630,false],"2048x2048":["https:\/\/www.koncevisiontv.cl\/web\/wp-content\/uploads\/2024\/12\/Alcalde-de-Concepcion.avif",1200,630,false],"darknews-featured":["https:\/\/www.koncevisiontv.cl\/web\/wp-content\/uploads\/2024\/12\/Alcalde-de-Concepcion-1024x538.avif",1024,538,true],"darknews-large":["https:\/\/www.koncevisiontv.cl\/web\/wp-content\/uploads\/2024\/12\/Alcalde-de-Concepcion-825x575.avif",825,575,true],"darknews-medium":["https:\/\/www.koncevisiontv.cl\/web\/wp-content\/uploads\/2024\/12\/Alcalde-de-Concepcion-590x410.avif",590,410,true]},"author_info":{"info":["Web-Master"]},"category_info":"<a href=\"https:\/\/www.koncevisiontv.cl\/web\/category\/concepcion\/\" rel=\"category tag\">Concepcion<\/a> <a href=\"https:\/\/www.koncevisiontv.cl\/web\/category\/mercado-central-de-concepcion\/\" rel=\"category tag\">Mercado Central De Concepci\u00f3n<\/a> <a href=\"https:\/\/www.koncevisiontv.cl\/web\/category\/municipalidad-de-concepcion\/\" rel=\"category tag\">Municipalidad de Concepci\u00f3n<\/a>","tag_info":"Municipalidad de Concepci\u00f3n","comment_count":"0","uagb_featured_image_src":{"full":["https:\/\/www.koncevisiontv.cl\/web\/wp-content\/uploads\/2024\/12\/Alcalde-de-Concepcion.avif",1200,630,false],"thumbnail":["https:\/\/www.koncevisiontv.cl\/web\/wp-content\/uploads\/2024\/12\/Alcalde-de-Concepcion-150x150.avif",150,150,true],"medium":["https:\/\/www.koncevisiontv.cl\/web\/wp-content\/uploads\/2024\/12\/Alcalde-de-Concepcion-300x158.avif",300,158,true],"medium_large":["https:\/\/www.koncevisiontv.cl\/web\/wp-content\/uploads\/2024\/12\/Alcalde-de-Concepcion-768x403.avif",640,336,true],"large":["https:\/\/www.koncevisiontv.cl\/web\/wp-content\/uploads\/2024\/12\/Alcalde-de-Concepcion-1024x538.avif",640,336,true],"1536x1536":["https:\/\/www.koncevisiontv.cl\/web\/wp-content\/uploads\/2024\/12\/Alcalde-de-Concepcion.avif",1200,630,false],"2048x2048":["https:\/\/www.koncevisiontv.cl\/web\/wp-content\/uploads\/2024\/12\/Alcalde-de-Concepcion.avif",1200,630,false],"darknews-featured":["https:\/\/www.koncevisiontv.cl\/web\/wp-content\/uploads\/2024\/12\/Alcalde-de-Concepcion-1024x538.avif",1024,538,true],"darknews-large":["https:\/\/www.koncevisiontv.cl\/web\/wp-content\/uploads\/2024\/12\/Alcalde-de-Concepcion-825x575.avif",825,575,true],"darknews-medium":["https:\/\/www.koncevisiontv.cl\/web\/wp-content\/uploads\/2024\/12\/Alcalde-de-Concepcion-590x410.avif",590,410,true]},"uagb_author_info":{"display_name":"Web-Master","author_link":"https:\/\/www.koncevisiontv.cl\/web\/author\/koncevision\/"},"uagb_comment_info":0,"uagb_excerpt":"El alcalde H\u00e9ctor Mu\u00f1oz calific\u00f3 de &#8220;impresentables&#8221; los plazos establecidos para la reconstrucci\u00f3n del Mercado Central de Concepci\u00f3n,","_links":{"self":[{"href":"https:\/\/www.koncevisiontv.cl\/web\/wp-json\/wp\/v2\/posts\/4476","targetHints":{"allow":["GET"]}}],"collection":[{"href":"https:\/\/www.koncevisiontv.cl\/web\/wp-json\/wp\/v2\/posts"}],"about":[{"href":"https:\/\/www.koncevisiontv.cl\/web\/wp-json\/wp\/v2\/types\/post"}],"author":[{"embeddable":true,"href":"https:\/\/www.koncevisiontv.cl\/web\/wp-json\/wp\/v2\/users\/5"}],"replies":[{"embeddable":true,"href":"https:\/\/www.koncevisiontv.cl\/web\/wp-json\/wp\/v2\/comments?post=4476"}],"version-history":[{"count":2,"href":"https:\/\/www.koncevisiontv.cl\/web\/wp-json\/wp\/v2\/posts\/4476\/revisions"}],"predecessor-version":[{"id":4480,"href":"https:\/\/www.koncevisiontv.cl\/web\/wp-json\/wp\/v2\/posts\/4476\/revisions\/4480"}],"wp:featuredmedia":[{"embeddable":true,"href":"https:\/\/www.koncevisiontv.cl\/web\/wp-json\/wp\/v2\/media\/4477"}],"wp:attachment":[{"href":"https:\/\/www.koncevisiontv.cl\/web\/wp-json\/wp\/v2\/media?parent=4476"}],"wp:term":[{"taxonomy":"category","embeddable":true,"href":"https:\/\/www.koncevisiontv.cl\/web\/wp-json\/wp\/v2\/categories?post=4476"},{"taxonomy":"post_tag","embeddable":true,"href":"https:\/\/www.koncevisiontv.cl\/web\/wp-json\/wp\/v2\/tags?post=4476"}],"curies":[{"name":"wp","href":"https:\/\/api.w.org\/{rel}","templated":true}]}}