{"id":4510,"date":"2024-12-30T13:08:55","date_gmt":"2024-12-30T16:08:55","guid":{"rendered":"https:\/\/www.koncevisiontv.cl\/web\/?p=4510"},"modified":"2024-12-30T13:08:57","modified_gmt":"2024-12-30T16:08:57","slug":"incendio-en-talcahuano-locales-destruidos","status":"publish","type":"post","link":"https:\/\/www.koncevisiontv.cl\/web\/incendio-en-talcahuano-locales-destruidos\/","title":{"rendered":"Incendio en Talcahuano deja locales destruidos y familias damnificadas"},"content":{"rendered":"\n<p class=\"wp-block-paragraph\">Durante la madrugada de este lunes, un violento incendio en Talcahuano arras\u00f3 con al menos cinco locales comerciales en Talcahuano, regi\u00f3n del Biob\u00edo. El siniestro, ocurrido en calle Beaucheff, dej\u00f3 a cuatro familias que viv\u00edan en el segundo piso de los inmuebles completamente damnificadas.<\/p>\n\n\n\n<p class=\"wp-block-paragraph\"><strong>El momento del incendio<\/strong><br>Uno de los afectados relat\u00f3 c\u00f3mo \u00e9l, su esposa y su hija de 11 a\u00f1os lograron escapar del fuego que avanzaba r\u00e1pidamente por el edificio. \u201cDespertamos a las 4:00 de la madrugada y notamos que el techo estaba lleno de humo. Solo atinamos a salir corriendo\u201d, cont\u00f3 a Radio B\u00edo B\u00edo.<\/p>\n\n\n\n<p class=\"wp-block-paragraph\">El r\u00e1pido accionar de la familia les salv\u00f3 la vida, pero no pudieron llevarse nada. Salieron con lo puesto, dejando atr\u00e1s documentos, pertenencias e incluso sus tel\u00e9fonos.<\/p>\n\n\n\n<p class=\"wp-block-paragraph\"><strong>Una p\u00e9rdida desgarradora<\/strong><br>Lo m\u00e1s doloroso para la familia fue la p\u00e9rdida de su mascota. \u201cLo m\u00e1s terrible es que mi hija ten\u00eda una gatita. No pudimos rescatarla\u2026 muri\u00f3 quemada\u201d, relat\u00f3 el hombre entre l\u00e1grimas.<\/p>\n\n\n\n<p class=\"wp-block-paragraph\"><strong>Remoci\u00f3n de escombros y diligencias<\/strong><br>Maquinarias pesadas comenzaron la remoci\u00f3n de escombros en los locales afectados, mientras las autoridades investigan las causas del incendio.<\/p>\n\n\n\n<p class=\"wp-block-paragraph\">Este tr\u00e1gico suceso ha dejado a las familias damnificadas en una situaci\u00f3n cr\u00edtica, enfrentando la p\u00e9rdida de sus hogares y pertenencias en pleno cierre de a\u00f1o<\/p>\n","protected":false},"excerpt":{"rendered":"<p>Durante la madrugada de este lunes, un violento incendio en Talcahuano arras\u00f3 con al menos cinco locales comerciales<\/p>\n","protected":false},"author":5,"featured_media":4511,"comment_status":"open","ping_status":"open","sticky":false,"template":"","format":"standard","meta":{"_crdt_document":"","_uag_custom_page_level_css":"","_sitemap_exclude":false,"_sitemap_priority":"","_sitemap_frequency":"","_joinchat":[],"footnotes":""},"categories":[405,409],"tags":[],"class_list":["post-4510","post","type-post","status-publish","format-standard","has-post-thumbnail","hentry","category-talcahuano","category-ultimo-minuto"],"featured_image_urls":{"full":["https:\/\/www.koncevisiontv.cl\/web\/wp-content\/uploads\/2024\/12\/voraz-incendio-en-talcahuano-deja-locales-comerciales-destruidos.webp",1068,563,false],"thumbnail":["https:\/\/www.koncevisiontv.cl\/web\/wp-content\/uploads\/2024\/12\/voraz-incendio-en-talcahuano-deja-locales-comerciales-destruidos-150x150.webp",150,150,true],"medium":["https:\/\/www.koncevisiontv.cl\/web\/wp-content\/uploads\/2024\/12\/voraz-incendio-en-talcahuano-deja-locales-comerciales-destruidos-300x158.webp",300,158,true],"medium_large":["https:\/\/www.koncevisiontv.cl\/web\/wp-content\/uploads\/2024\/12\/voraz-incendio-en-talcahuano-deja-locales-comerciales-destruidos-768x405.webp",640,338,true],"large":["https:\/\/www.koncevisiontv.cl\/web\/wp-content\/uploads\/2024\/12\/voraz-incendio-en-talcahuano-deja-locales-comerciales-destruidos-1024x540.webp",640,338,true],"1536x1536":["https:\/\/www.koncevisiontv.cl\/web\/wp-content\/uploads\/2024\/12\/voraz-incendio-en-talcahuano-deja-locales-comerciales-destruidos.webp",1068,563,false],"2048x2048":["https:\/\/www.koncevisiontv.cl\/web\/wp-content\/uploads\/2024\/12\/voraz-incendio-en-talcahuano-deja-locales-comerciales-destruidos.webp",1068,563,false],"darknews-featured":["https:\/\/www.koncevisiontv.cl\/web\/wp-content\/uploads\/2024\/12\/voraz-incendio-en-talcahuano-deja-locales-comerciales-destruidos-1024x540.webp",1024,540,true],"darknews-large":["https:\/\/www.koncevisiontv.cl\/web\/wp-content\/uploads\/2024\/12\/voraz-incendio-en-talcahuano-deja-locales-comerciales-destruidos-825x563.webp",825,563,true],"darknews-medium":["https:\/\/www.koncevisiontv.cl\/web\/wp-content\/uploads\/2024\/12\/voraz-incendio-en-talcahuano-deja-locales-comerciales-destruidos-590x410.webp",590,410,true]},"author_info":{"info":["Web-Master"]},"category_info":"<a href=\"https:\/\/www.koncevisiontv.cl\/web\/category\/talcahuano\/\" rel=\"category tag\">talcahuano<\/a> <a href=\"https:\/\/www.koncevisiontv.cl\/web\/category\/ultimo-minuto\/\" rel=\"category tag\">Ultimo MInuto<\/a>","tag_info":"Ultimo MInuto","comment_count":"0","uagb_featured_image_src":{"full":["https:\/\/www.koncevisiontv.cl\/web\/wp-content\/uploads\/2024\/12\/voraz-incendio-en-talcahuano-deja-locales-comerciales-destruidos.webp",1068,563,false],"thumbnail":["https:\/\/www.koncevisiontv.cl\/web\/wp-content\/uploads\/2024\/12\/voraz-incendio-en-talcahuano-deja-locales-comerciales-destruidos-150x150.webp",150,150,true],"medium":["https:\/\/www.koncevisiontv.cl\/web\/wp-content\/uploads\/2024\/12\/voraz-incendio-en-talcahuano-deja-locales-comerciales-destruidos-300x158.webp",300,158,true],"medium_large":["https:\/\/www.koncevisiontv.cl\/web\/wp-content\/uploads\/2024\/12\/voraz-incendio-en-talcahuano-deja-locales-comerciales-destruidos-768x405.webp",640,338,true],"large":["https:\/\/www.koncevisiontv.cl\/web\/wp-content\/uploads\/2024\/12\/voraz-incendio-en-talcahuano-deja-locales-comerciales-destruidos-1024x540.webp",640,338,true],"1536x1536":["https:\/\/www.koncevisiontv.cl\/web\/wp-content\/uploads\/2024\/12\/voraz-incendio-en-talcahuano-deja-locales-comerciales-destruidos.webp",1068,563,false],"2048x2048":["https:\/\/www.koncevisiontv.cl\/web\/wp-content\/uploads\/2024\/12\/voraz-incendio-en-talcahuano-deja-locales-comerciales-destruidos.webp",1068,563,false],"darknews-featured":["https:\/\/www.koncevisiontv.cl\/web\/wp-content\/uploads\/2024\/12\/voraz-incendio-en-talcahuano-deja-locales-comerciales-destruidos-1024x540.webp",1024,540,true],"darknews-large":["https:\/\/www.koncevisiontv.cl\/web\/wp-content\/uploads\/2024\/12\/voraz-incendio-en-talcahuano-deja-locales-comerciales-destruidos-825x563.webp",825,563,true],"darknews-medium":["https:\/\/www.koncevisiontv.cl\/web\/wp-content\/uploads\/2024\/12\/voraz-incendio-en-talcahuano-deja-locales-comerciales-destruidos-590x410.webp",590,410,true]},"uagb_author_info":{"display_name":"Web-Master","author_link":"https:\/\/www.koncevisiontv.cl\/web\/author\/koncevision\/"},"uagb_comment_info":0,"uagb_excerpt":"Durante la madrugada de este lunes, un violento incendio en Talcahuano arras\u00f3 con al menos cinco locales comerciales","_links":{"self":[{"href":"https:\/\/www.koncevisiontv.cl\/web\/wp-json\/wp\/v2\/posts\/4510","targetHints":{"allow":["GET"]}}],"collection":[{"href":"https:\/\/www.koncevisiontv.cl\/web\/wp-json\/wp\/v2\/posts"}],"about":[{"href":"https:\/\/www.koncevisiontv.cl\/web\/wp-json\/wp\/v2\/types\/post"}],"author":[{"embeddable":true,"href":"https:\/\/www.koncevisiontv.cl\/web\/wp-json\/wp\/v2\/users\/5"}],"replies":[{"embeddable":true,"href":"https:\/\/www.koncevisiontv.cl\/web\/wp-json\/wp\/v2\/comments?post=4510"}],"version-history":[{"count":1,"href":"https:\/\/www.koncevisiontv.cl\/web\/wp-json\/wp\/v2\/posts\/4510\/revisions"}],"predecessor-version":[{"id":4512,"href":"https:\/\/www.koncevisiontv.cl\/web\/wp-json\/wp\/v2\/posts\/4510\/revisions\/4512"}],"wp:featuredmedia":[{"embeddable":true,"href":"https:\/\/www.koncevisiontv.cl\/web\/wp-json\/wp\/v2\/media\/4511"}],"wp:attachment":[{"href":"https:\/\/www.koncevisiontv.cl\/web\/wp-json\/wp\/v2\/media?parent=4510"}],"wp:term":[{"taxonomy":"category","embeddable":true,"href":"https:\/\/www.koncevisiontv.cl\/web\/wp-json\/wp\/v2\/categories?post=4510"},{"taxonomy":"post_tag","embeddable":true,"href":"https:\/\/www.koncevisiontv.cl\/web\/wp-json\/wp\/v2\/tags?post=4510"}],"curies":[{"name":"wp","href":"https:\/\/api.w.org\/{rel}","templated":true}]}}