{"id":4880,"date":"2025-01-13T18:51:00","date_gmt":"2025-01-13T21:51:00","guid":{"rendered":"https:\/\/www.koncevisiontv.cl\/web\/?p=4880"},"modified":"2025-01-13T18:51:03","modified_gmt":"2025-01-13T21:51:03","slug":"hermosilla-compromiso-fiscal-nacional","status":"publish","type":"post","link":"https:\/\/www.koncevisiontv.cl\/web\/hermosilla-compromiso-fiscal-nacional\/","title":{"rendered":"Hermosilla Revela Supuesto &#8220;Compromiso&#8221; del Fiscal Nacional en Causas Contra Pi\u00f1era"},"content":{"rendered":"\n<p class=\"wp-block-paragraph\">El abogado <strong>Luis Hermosilla<\/strong>, conocido por su influencia en el \u00e1mbito legal, habr\u00eda revelado desde la c\u00e1rcel detalles de un supuesto &#8220;compromiso&#8221; del Fiscal Nacional, <strong>\u00c1ngel Valencia<\/strong>, respecto a causas legales que involucran al expresidente <strong>Sebasti\u00e1n Pi\u00f1era<\/strong>.<\/p>\n\n\n\n<p class=\"wp-block-paragraph\">Seg\u00fan el relato entregado a la Fiscal\u00eda por el empresario <strong>Daniel Sauer<\/strong>, quien tambi\u00e9n se encuentra en prisi\u00f3n preventiva, Hermosilla mencion\u00f3 que el Fiscal Nacional se comprometi\u00f3 a informar primero a ellos, incluyendo a <strong>Andr\u00e9s Chadwick<\/strong>, sobre cualquier nueva diligencia relacionada con el exmandatario para evitar &#8220;un esc\u00e1ndalo de proporciones&#8221;.<\/p>\n\n\n\n<h3 class=\"wp-block-heading\"><strong>Detalles de la Reuni\u00f3n<\/strong><\/h3>\n\n\n\n<p class=\"wp-block-paragraph\">De acuerdo con la declaraci\u00f3n de Sauer, la reuni\u00f3n inicial iba a realizarse en la Universidad San Sebasti\u00e1n, solo entre Chadwick y Valencia, pero a \u00faltimo minuto decidieron trasladarla a la casa de Chadwick debido a la inclusi\u00f3n de Hermosilla.<\/p>\n\n\n\n<blockquote class=\"wp-block-quote is-layout-flow wp-block-quote-is-layout-flow\">\n<p class=\"wp-block-paragraph\">\u201cLa solicitud para esta reuni\u00f3n fue hecha por Andr\u00e9s Chadwick mediante la aplicaci\u00f3n Signal\u201d, agreg\u00f3 Sauer, contradiciendo la versi\u00f3n anterior de la defensa de Hermosilla, que se\u00f1alaba que la iniciativa hab\u00eda sido del Fiscal Nacional.<\/p>\n<\/blockquote>\n\n\n\n<hr class=\"wp-block-separator has-alpha-channel-opacity\"\/>\n\n\n\n<h3 class=\"wp-block-heading\"><strong>Compromiso Pol\u00e9mico<\/strong><\/h3>\n\n\n\n<p class=\"wp-block-paragraph\">Durante la conversaci\u00f3n tras las rejas, Hermosilla relat\u00f3 que pidieron ser informados anticipadamente sobre cualquier diligencia que involucrara a Pi\u00f1era para evitar repercusiones medi\u00e1ticas.<\/p>\n\n\n\n<blockquote class=\"wp-block-quote is-layout-flow wp-block-quote-is-layout-flow\">\n<p class=\"wp-block-paragraph\">\u201cEl fiscal nacional se comprometi\u00f3 a que ellos ser\u00edan los primeros en saber sobre cualquier diligencia o antecedente nuevo relacionado con el expresidente\u201d, detall\u00f3 Sauer sobre lo que habr\u00eda dicho Hermosilla.<\/p>\n<\/blockquote>\n\n\n\n<h3 class=\"wp-block-heading\"><strong>Negaci\u00f3n del Fiscal Nacional<\/strong><\/h3>\n\n\n\n<p class=\"wp-block-paragraph\">Ante la filtraci\u00f3n de estos nuevos antecedentes, el fiscal Valencia ha reiterado su rechazo a las acusaciones y anunci\u00f3 posibles acciones legales en su defensa.<\/p>\n","protected":false},"excerpt":{"rendered":"<p>El abogado Luis Hermosilla, conocido por su influencia en el \u00e1mbito legal, habr\u00eda revelado desde la c\u00e1rcel detalles<\/p>\n","protected":false},"author":5,"featured_media":4881,"comment_status":"open","ping_status":"open","sticky":false,"template":"","format":"standard","meta":{"_crdt_document":"","_uag_custom_page_level_css":"","_sitemap_exclude":false,"_sitemap_priority":"","_sitemap_frequency":"","_joinchat":[],"footnotes":""},"categories":[212,14],"tags":[],"class_list":["post-4880","post","type-post","status-publish","format-standard","has-post-thumbnail","hentry","category-caso-hermosilla","category-nacional"],"featured_image_urls":{"full":["https:\/\/www.koncevisiontv.cl\/web\/wp-content\/uploads\/2025\/01\/luis-hermosilla-revela-supuesto-compromiso-de-fiscal-nacional-con-causas-contra-pinera.avif",1023,682,false],"thumbnail":["https:\/\/www.koncevisiontv.cl\/web\/wp-content\/uploads\/2025\/01\/luis-hermosilla-revela-supuesto-compromiso-de-fiscal-nacional-con-causas-contra-pinera-150x150.avif",150,150,true],"medium":["https:\/\/www.koncevisiontv.cl\/web\/wp-content\/uploads\/2025\/01\/luis-hermosilla-revela-supuesto-compromiso-de-fiscal-nacional-con-causas-contra-pinera-300x200.avif",300,200,true],"medium_large":["https:\/\/www.koncevisiontv.cl\/web\/wp-content\/uploads\/2025\/01\/luis-hermosilla-revela-supuesto-compromiso-de-fiscal-nacional-con-causas-contra-pinera-768x512.avif",640,427,true],"large":["https:\/\/www.koncevisiontv.cl\/web\/wp-content\/uploads\/2025\/01\/luis-hermosilla-revela-supuesto-compromiso-de-fiscal-nacional-con-causas-contra-pinera.avif",640,427,false],"1536x1536":["https:\/\/www.koncevisiontv.cl\/web\/wp-content\/uploads\/2025\/01\/luis-hermosilla-revela-supuesto-compromiso-de-fiscal-nacional-con-causas-contra-pinera.avif",1023,682,false],"2048x2048":["https:\/\/www.koncevisiontv.cl\/web\/wp-content\/uploads\/2025\/01\/luis-hermosilla-revela-supuesto-compromiso-de-fiscal-nacional-con-causas-contra-pinera.avif",1023,682,false],"darknews-featured":["https:\/\/www.koncevisiontv.cl\/web\/wp-content\/uploads\/2025\/01\/luis-hermosilla-revela-supuesto-compromiso-de-fiscal-nacional-con-causas-contra-pinera.avif",1023,682,false],"darknews-large":["https:\/\/www.koncevisiontv.cl\/web\/wp-content\/uploads\/2025\/01\/luis-hermosilla-revela-supuesto-compromiso-de-fiscal-nacional-con-causas-contra-pinera-825x575.avif",825,575,true],"darknews-medium":["https:\/\/www.koncevisiontv.cl\/web\/wp-content\/uploads\/2025\/01\/luis-hermosilla-revela-supuesto-compromiso-de-fiscal-nacional-con-causas-contra-pinera-590x410.avif",590,410,true]},"author_info":{"info":["Web-Master"]},"category_info":"<a href=\"https:\/\/www.koncevisiontv.cl\/web\/category\/caso-hermosilla\/\" rel=\"category tag\">Caso Hermosilla<\/a> <a href=\"https:\/\/www.koncevisiontv.cl\/web\/category\/nacional\/\" rel=\"category tag\">Nacional<\/a>","tag_info":"Nacional","comment_count":"0","uagb_featured_image_src":{"full":["https:\/\/www.koncevisiontv.cl\/web\/wp-content\/uploads\/2025\/01\/luis-hermosilla-revela-supuesto-compromiso-de-fiscal-nacional-con-causas-contra-pinera.avif",1023,682,false],"thumbnail":["https:\/\/www.koncevisiontv.cl\/web\/wp-content\/uploads\/2025\/01\/luis-hermosilla-revela-supuesto-compromiso-de-fiscal-nacional-con-causas-contra-pinera-150x150.avif",150,150,true],"medium":["https:\/\/www.koncevisiontv.cl\/web\/wp-content\/uploads\/2025\/01\/luis-hermosilla-revela-supuesto-compromiso-de-fiscal-nacional-con-causas-contra-pinera-300x200.avif",300,200,true],"medium_large":["https:\/\/www.koncevisiontv.cl\/web\/wp-content\/uploads\/2025\/01\/luis-hermosilla-revela-supuesto-compromiso-de-fiscal-nacional-con-causas-contra-pinera-768x512.avif",640,427,true],"large":["https:\/\/www.koncevisiontv.cl\/web\/wp-content\/uploads\/2025\/01\/luis-hermosilla-revela-supuesto-compromiso-de-fiscal-nacional-con-causas-contra-pinera.avif",640,427,false],"1536x1536":["https:\/\/www.koncevisiontv.cl\/web\/wp-content\/uploads\/2025\/01\/luis-hermosilla-revela-supuesto-compromiso-de-fiscal-nacional-con-causas-contra-pinera.avif",1023,682,false],"2048x2048":["https:\/\/www.koncevisiontv.cl\/web\/wp-content\/uploads\/2025\/01\/luis-hermosilla-revela-supuesto-compromiso-de-fiscal-nacional-con-causas-contra-pinera.avif",1023,682,false],"darknews-featured":["https:\/\/www.koncevisiontv.cl\/web\/wp-content\/uploads\/2025\/01\/luis-hermosilla-revela-supuesto-compromiso-de-fiscal-nacional-con-causas-contra-pinera.avif",1023,682,false],"darknews-large":["https:\/\/www.koncevisiontv.cl\/web\/wp-content\/uploads\/2025\/01\/luis-hermosilla-revela-supuesto-compromiso-de-fiscal-nacional-con-causas-contra-pinera-825x575.avif",825,575,true],"darknews-medium":["https:\/\/www.koncevisiontv.cl\/web\/wp-content\/uploads\/2025\/01\/luis-hermosilla-revela-supuesto-compromiso-de-fiscal-nacional-con-causas-contra-pinera-590x410.avif",590,410,true]},"uagb_author_info":{"display_name":"Web-Master","author_link":"https:\/\/www.koncevisiontv.cl\/web\/author\/koncevision\/"},"uagb_comment_info":0,"uagb_excerpt":"El abogado Luis Hermosilla, conocido por su influencia en el \u00e1mbito legal, habr\u00eda revelado desde la c\u00e1rcel detalles","_links":{"self":[{"href":"https:\/\/www.koncevisiontv.cl\/web\/wp-json\/wp\/v2\/posts\/4880","targetHints":{"allow":["GET"]}}],"collection":[{"href":"https:\/\/www.koncevisiontv.cl\/web\/wp-json\/wp\/v2\/posts"}],"about":[{"href":"https:\/\/www.koncevisiontv.cl\/web\/wp-json\/wp\/v2\/types\/post"}],"author":[{"embeddable":true,"href":"https:\/\/www.koncevisiontv.cl\/web\/wp-json\/wp\/v2\/users\/5"}],"replies":[{"embeddable":true,"href":"https:\/\/www.koncevisiontv.cl\/web\/wp-json\/wp\/v2\/comments?post=4880"}],"version-history":[{"count":1,"href":"https:\/\/www.koncevisiontv.cl\/web\/wp-json\/wp\/v2\/posts\/4880\/revisions"}],"predecessor-version":[{"id":4882,"href":"https:\/\/www.koncevisiontv.cl\/web\/wp-json\/wp\/v2\/posts\/4880\/revisions\/4882"}],"wp:featuredmedia":[{"embeddable":true,"href":"https:\/\/www.koncevisiontv.cl\/web\/wp-json\/wp\/v2\/media\/4881"}],"wp:attachment":[{"href":"https:\/\/www.koncevisiontv.cl\/web\/wp-json\/wp\/v2\/media?parent=4880"}],"wp:term":[{"taxonomy":"category","embeddable":true,"href":"https:\/\/www.koncevisiontv.cl\/web\/wp-json\/wp\/v2\/categories?post=4880"},{"taxonomy":"post_tag","embeddable":true,"href":"https:\/\/www.koncevisiontv.cl\/web\/wp-json\/wp\/v2\/tags?post=4880"}],"curies":[{"name":"wp","href":"https:\/\/api.w.org\/{rel}","templated":true}]}}