{"id":4894,"date":"2025-01-13T19:40:11","date_gmt":"2025-01-13T22:40:11","guid":{"rendered":"https:\/\/www.koncevisiontv.cl\/web\/?p=4894"},"modified":"2025-01-13T19:40:13","modified_gmt":"2025-01-13T22:40:13","slug":"miguel-pinera-habria-sido-internado-por-leucemia","status":"publish","type":"post","link":"https:\/\/www.koncevisiontv.cl\/web\/miguel-pinera-habria-sido-internado-por-leucemia\/","title":{"rendered":"Miguel Pi\u00f1era habr\u00eda sido internado por leucemia"},"content":{"rendered":"\n<p class=\"wp-block-paragraph\">Durante la tarde de este lunes, el reconocido m\u00fasico chileno <strong>Miguel \u2018Negro\u2019 Pi\u00f1era<\/strong> habr\u00eda sido internado de urgencia en la <strong>Cl\u00ednica Tabancura<\/strong>, en la regi\u00f3n Metropolitana, tras sufrir complicaciones relacionadas con su diagn\u00f3stico de leucemia.<\/p>\n\n\n\n<p class=\"wp-block-paragraph\">Seg\u00fan el programa <strong>\u201cContigo en Directo\u201d de CHV<\/strong>, Pi\u00f1era se habr\u00eda presentado solo en el recinto m\u00e9dico debido a un malestar, lo que llev\u00f3 a los m\u00e9dicos a someterlo a ex\u00e1menes cuyos resultados habr\u00edan motivado su hospitalizaci\u00f3n inmediata.<\/p>\n\n\n\n<hr class=\"wp-block-separator has-alpha-channel-opacity\"\/>\n\n\n\n<h3 class=\"wp-block-heading\"><strong>Complicaciones M\u00e9dicas Recientes<\/strong><\/h3>\n\n\n\n<p class=\"wp-block-paragraph\">El hermano del fallecido expresidente Sebasti\u00e1n Pi\u00f1era revel\u00f3 su diagn\u00f3stico de leucemia en diciembre durante una entrevista con <strong>Julio C\u00e9sar Rodr\u00edguez en Primer Plano<\/strong>. Desde entonces, el m\u00fasico habr\u00eda enfrentado varios episodios cr\u00edticos, incluyendo hospitalizaciones previas por su delicado estado de salud.<\/p>\n\n\n\n<p class=\"wp-block-paragraph\">Hasta el momento, ni la cl\u00ednica ni los familiares del artista se han referido p\u00fablicamente a esta nueva internaci\u00f3n.<\/p>\n","protected":false},"excerpt":{"rendered":"<p>Durante la tarde de este lunes, el reconocido m\u00fasico chileno Miguel \u2018Negro\u2019 Pi\u00f1era habr\u00eda sido internado de urgencia<\/p>\n","protected":false},"author":5,"featured_media":4404,"comment_status":"open","ping_status":"open","sticky":false,"template":"","format":"standard","meta":{"_crdt_document":"","_uag_custom_page_level_css":"","_sitemap_exclude":false,"_sitemap_priority":"","_sitemap_frequency":"","_joinchat":[],"footnotes":""},"categories":[14],"tags":[],"class_list":["post-4894","post","type-post","status-publish","format-standard","has-post-thumbnail","hentry","category-nacional"],"featured_image_urls":{"full":["https:\/\/www.koncevisiontv.cl\/web\/wp-content\/uploads\/2024\/12\/miguel-negro-pinera.jpg",474,316,false],"thumbnail":["https:\/\/www.koncevisiontv.cl\/web\/wp-content\/uploads\/2024\/12\/miguel-negro-pinera-150x150.jpg",150,150,true],"medium":["https:\/\/www.koncevisiontv.cl\/web\/wp-content\/uploads\/2024\/12\/miguel-negro-pinera-300x200.jpg",300,200,true],"medium_large":["https:\/\/www.koncevisiontv.cl\/web\/wp-content\/uploads\/2024\/12\/miguel-negro-pinera.jpg",474,316,false],"large":["https:\/\/www.koncevisiontv.cl\/web\/wp-content\/uploads\/2024\/12\/miguel-negro-pinera.jpg",474,316,false],"1536x1536":["https:\/\/www.koncevisiontv.cl\/web\/wp-content\/uploads\/2024\/12\/miguel-negro-pinera.jpg",474,316,false],"2048x2048":["https:\/\/www.koncevisiontv.cl\/web\/wp-content\/uploads\/2024\/12\/miguel-negro-pinera.jpg",474,316,false],"darknews-featured":["https:\/\/www.koncevisiontv.cl\/web\/wp-content\/uploads\/2024\/12\/miguel-negro-pinera.jpg",474,316,false],"darknews-large":["https:\/\/www.koncevisiontv.cl\/web\/wp-content\/uploads\/2024\/12\/miguel-negro-pinera.jpg",474,316,false],"darknews-medium":["https:\/\/www.koncevisiontv.cl\/web\/wp-content\/uploads\/2024\/12\/miguel-negro-pinera.jpg",474,316,false]},"author_info":{"info":["Web-Master"]},"category_info":"<a href=\"https:\/\/www.koncevisiontv.cl\/web\/category\/nacional\/\" rel=\"category tag\">Nacional<\/a>","tag_info":"Nacional","comment_count":"0","uagb_featured_image_src":{"full":["https:\/\/www.koncevisiontv.cl\/web\/wp-content\/uploads\/2024\/12\/miguel-negro-pinera.jpg",474,316,false],"thumbnail":["https:\/\/www.koncevisiontv.cl\/web\/wp-content\/uploads\/2024\/12\/miguel-negro-pinera-150x150.jpg",150,150,true],"medium":["https:\/\/www.koncevisiontv.cl\/web\/wp-content\/uploads\/2024\/12\/miguel-negro-pinera-300x200.jpg",300,200,true],"medium_large":["https:\/\/www.koncevisiontv.cl\/web\/wp-content\/uploads\/2024\/12\/miguel-negro-pinera.jpg",474,316,false],"large":["https:\/\/www.koncevisiontv.cl\/web\/wp-content\/uploads\/2024\/12\/miguel-negro-pinera.jpg",474,316,false],"1536x1536":["https:\/\/www.koncevisiontv.cl\/web\/wp-content\/uploads\/2024\/12\/miguel-negro-pinera.jpg",474,316,false],"2048x2048":["https:\/\/www.koncevisiontv.cl\/web\/wp-content\/uploads\/2024\/12\/miguel-negro-pinera.jpg",474,316,false],"darknews-featured":["https:\/\/www.koncevisiontv.cl\/web\/wp-content\/uploads\/2024\/12\/miguel-negro-pinera.jpg",474,316,false],"darknews-large":["https:\/\/www.koncevisiontv.cl\/web\/wp-content\/uploads\/2024\/12\/miguel-negro-pinera.jpg",474,316,false],"darknews-medium":["https:\/\/www.koncevisiontv.cl\/web\/wp-content\/uploads\/2024\/12\/miguel-negro-pinera.jpg",474,316,false]},"uagb_author_info":{"display_name":"Web-Master","author_link":"https:\/\/www.koncevisiontv.cl\/web\/author\/koncevision\/"},"uagb_comment_info":0,"uagb_excerpt":"Durante la tarde de este lunes, el reconocido m\u00fasico chileno Miguel \u2018Negro\u2019 Pi\u00f1era habr\u00eda sido internado de urgencia","_links":{"self":[{"href":"https:\/\/www.koncevisiontv.cl\/web\/wp-json\/wp\/v2\/posts\/4894","targetHints":{"allow":["GET"]}}],"collection":[{"href":"https:\/\/www.koncevisiontv.cl\/web\/wp-json\/wp\/v2\/posts"}],"about":[{"href":"https:\/\/www.koncevisiontv.cl\/web\/wp-json\/wp\/v2\/types\/post"}],"author":[{"embeddable":true,"href":"https:\/\/www.koncevisiontv.cl\/web\/wp-json\/wp\/v2\/users\/5"}],"replies":[{"embeddable":true,"href":"https:\/\/www.koncevisiontv.cl\/web\/wp-json\/wp\/v2\/comments?post=4894"}],"version-history":[{"count":1,"href":"https:\/\/www.koncevisiontv.cl\/web\/wp-json\/wp\/v2\/posts\/4894\/revisions"}],"predecessor-version":[{"id":4895,"href":"https:\/\/www.koncevisiontv.cl\/web\/wp-json\/wp\/v2\/posts\/4894\/revisions\/4895"}],"wp:featuredmedia":[{"embeddable":true,"href":"https:\/\/www.koncevisiontv.cl\/web\/wp-json\/wp\/v2\/media\/4404"}],"wp:attachment":[{"href":"https:\/\/www.koncevisiontv.cl\/web\/wp-json\/wp\/v2\/media?parent=4894"}],"wp:term":[{"taxonomy":"category","embeddable":true,"href":"https:\/\/www.koncevisiontv.cl\/web\/wp-json\/wp\/v2\/categories?post=4894"},{"taxonomy":"post_tag","embeddable":true,"href":"https:\/\/www.koncevisiontv.cl\/web\/wp-json\/wp\/v2\/tags?post=4894"}],"curies":[{"name":"wp","href":"https:\/\/api.w.org\/{rel}","templated":true}]}}