{"id":4903,"date":"2025-01-13T20:25:11","date_gmt":"2025-01-13T23:25:11","guid":{"rendered":"https:\/\/www.koncevisiontv.cl\/web\/?p=4903"},"modified":"2025-01-13T20:25:14","modified_gmt":"2025-01-13T23:25:14","slug":"diputada-maite-orsini-extiende-licencia-medica","status":"publish","type":"post","link":"https:\/\/www.koncevisiontv.cl\/web\/diputada-maite-orsini-extiende-licencia-medica\/","title":{"rendered":"Maite Orsini Extiende Licencia M\u00e9dica y Genera Controversia"},"content":{"rendered":"\n<p class=\"wp-block-paragraph\">La diputada <strong>Maite Orsini<\/strong>, suspendida del Frente Amplio, present\u00f3 su cuarta licencia m\u00e9dica consecutiva ante la C\u00e1mara de Diputadas y Diputados este lunes 13 de enero, extendiendo su ausencia del Congreso hasta al menos el 16 de enero.<\/p>\n\n\n\n<p class=\"wp-block-paragraph\">Orsini no ha participado en actividades parlamentarias desde el 14 de noviembre de 2024 debido a certificados m\u00e9dicos consecutivos y un permiso previo por &#8220;impedimento grave&#8221;. En diciembre, se report\u00f3 su hospitalizaci\u00f3n por un cuadro de salud complejo.<\/p>\n\n\n\n<hr class=\"wp-block-separator has-alpha-channel-opacity\"\/>\n\n\n\n<h3 class=\"wp-block-heading\"><strong>Contexto Judicial y Reacciones<\/strong><\/h3>\n\n\n\n<p class=\"wp-block-paragraph\">La diputada atraviesa este periodo en medio de un proceso judicial que involucra a su expareja, el exfutbolista <strong>Jorge Valdivia<\/strong>, situaci\u00f3n que ha se\u00f1alado como un factor de afectaci\u00f3n emocional.<\/p>\n\n\n\n<p class=\"wp-block-paragraph\">Entre las licencias, Orsini tambi\u00e9n solicit\u00f3 permisos por misiones oficiales y autorizaciones especiales para actividades internacionales, generando cuestionamientos sobre su participaci\u00f3n en actividades parlamentarias y su futuro pol\u00edtico en el Distrito 9.<\/p>\n\n\n\n<p class=\"wp-block-paragraph\">La situaci\u00f3n ha abierto una investigaci\u00f3n en la Comisi\u00f3n de \u00c9tica, donde la parlamentaria podr\u00eda enfrentar multas de hasta un 25% de su dieta parlamentaria.<\/p>\n","protected":false},"excerpt":{"rendered":"<p>La diputada Maite Orsini, suspendida del Frente Amplio, present\u00f3 su cuarta licencia m\u00e9dica consecutiva ante la C\u00e1mara de<\/p>\n","protected":false},"author":5,"featured_media":4214,"comment_status":"open","ping_status":"open","sticky":false,"template":"","format":"standard","meta":{"_crdt_document":"","_uag_custom_page_level_css":"","_sitemap_exclude":false,"_sitemap_priority":"","_sitemap_frequency":"","_joinchat":[],"footnotes":""},"categories":[14],"tags":[],"class_list":["post-4903","post","type-post","status-publish","format-standard","has-post-thumbnail","hentry","category-nacional"],"featured_image_urls":{"full":["https:\/\/www.koncevisiontv.cl\/web\/wp-content\/uploads\/2024\/12\/Maite-Orsini-amenaza-Francisco-Leturia.jpg",474,269,false],"thumbnail":["https:\/\/www.koncevisiontv.cl\/web\/wp-content\/uploads\/2024\/12\/Maite-Orsini-amenaza-Francisco-Leturia-150x150.jpg",150,150,true],"medium":["https:\/\/www.koncevisiontv.cl\/web\/wp-content\/uploads\/2024\/12\/Maite-Orsini-amenaza-Francisco-Leturia-300x170.jpg",300,170,true],"medium_large":["https:\/\/www.koncevisiontv.cl\/web\/wp-content\/uploads\/2024\/12\/Maite-Orsini-amenaza-Francisco-Leturia.jpg",474,269,false],"large":["https:\/\/www.koncevisiontv.cl\/web\/wp-content\/uploads\/2024\/12\/Maite-Orsini-amenaza-Francisco-Leturia.jpg",474,269,false],"1536x1536":["https:\/\/www.koncevisiontv.cl\/web\/wp-content\/uploads\/2024\/12\/Maite-Orsini-amenaza-Francisco-Leturia.jpg",474,269,false],"2048x2048":["https:\/\/www.koncevisiontv.cl\/web\/wp-content\/uploads\/2024\/12\/Maite-Orsini-amenaza-Francisco-Leturia.jpg",474,269,false],"darknews-featured":["https:\/\/www.koncevisiontv.cl\/web\/wp-content\/uploads\/2024\/12\/Maite-Orsini-amenaza-Francisco-Leturia.jpg",474,269,false],"darknews-large":["https:\/\/www.koncevisiontv.cl\/web\/wp-content\/uploads\/2024\/12\/Maite-Orsini-amenaza-Francisco-Leturia.jpg",474,269,false],"darknews-medium":["https:\/\/www.koncevisiontv.cl\/web\/wp-content\/uploads\/2024\/12\/Maite-Orsini-amenaza-Francisco-Leturia.jpg",474,269,false]},"author_info":{"info":["Web-Master"]},"category_info":"<a href=\"https:\/\/www.koncevisiontv.cl\/web\/category\/nacional\/\" rel=\"category tag\">Nacional<\/a>","tag_info":"Nacional","comment_count":"0","uagb_featured_image_src":{"full":["https:\/\/www.koncevisiontv.cl\/web\/wp-content\/uploads\/2024\/12\/Maite-Orsini-amenaza-Francisco-Leturia.jpg",474,269,false],"thumbnail":["https:\/\/www.koncevisiontv.cl\/web\/wp-content\/uploads\/2024\/12\/Maite-Orsini-amenaza-Francisco-Leturia-150x150.jpg",150,150,true],"medium":["https:\/\/www.koncevisiontv.cl\/web\/wp-content\/uploads\/2024\/12\/Maite-Orsini-amenaza-Francisco-Leturia-300x170.jpg",300,170,true],"medium_large":["https:\/\/www.koncevisiontv.cl\/web\/wp-content\/uploads\/2024\/12\/Maite-Orsini-amenaza-Francisco-Leturia.jpg",474,269,false],"large":["https:\/\/www.koncevisiontv.cl\/web\/wp-content\/uploads\/2024\/12\/Maite-Orsini-amenaza-Francisco-Leturia.jpg",474,269,false],"1536x1536":["https:\/\/www.koncevisiontv.cl\/web\/wp-content\/uploads\/2024\/12\/Maite-Orsini-amenaza-Francisco-Leturia.jpg",474,269,false],"2048x2048":["https:\/\/www.koncevisiontv.cl\/web\/wp-content\/uploads\/2024\/12\/Maite-Orsini-amenaza-Francisco-Leturia.jpg",474,269,false],"darknews-featured":["https:\/\/www.koncevisiontv.cl\/web\/wp-content\/uploads\/2024\/12\/Maite-Orsini-amenaza-Francisco-Leturia.jpg",474,269,false],"darknews-large":["https:\/\/www.koncevisiontv.cl\/web\/wp-content\/uploads\/2024\/12\/Maite-Orsini-amenaza-Francisco-Leturia.jpg",474,269,false],"darknews-medium":["https:\/\/www.koncevisiontv.cl\/web\/wp-content\/uploads\/2024\/12\/Maite-Orsini-amenaza-Francisco-Leturia.jpg",474,269,false]},"uagb_author_info":{"display_name":"Web-Master","author_link":"https:\/\/www.koncevisiontv.cl\/web\/author\/koncevision\/"},"uagb_comment_info":1,"uagb_excerpt":"La diputada Maite Orsini, suspendida del Frente Amplio, present\u00f3 su cuarta licencia m\u00e9dica consecutiva ante la C\u00e1mara de","_links":{"self":[{"href":"https:\/\/www.koncevisiontv.cl\/web\/wp-json\/wp\/v2\/posts\/4903","targetHints":{"allow":["GET"]}}],"collection":[{"href":"https:\/\/www.koncevisiontv.cl\/web\/wp-json\/wp\/v2\/posts"}],"about":[{"href":"https:\/\/www.koncevisiontv.cl\/web\/wp-json\/wp\/v2\/types\/post"}],"author":[{"embeddable":true,"href":"https:\/\/www.koncevisiontv.cl\/web\/wp-json\/wp\/v2\/users\/5"}],"replies":[{"embeddable":true,"href":"https:\/\/www.koncevisiontv.cl\/web\/wp-json\/wp\/v2\/comments?post=4903"}],"version-history":[{"count":1,"href":"https:\/\/www.koncevisiontv.cl\/web\/wp-json\/wp\/v2\/posts\/4903\/revisions"}],"predecessor-version":[{"id":4904,"href":"https:\/\/www.koncevisiontv.cl\/web\/wp-json\/wp\/v2\/posts\/4903\/revisions\/4904"}],"wp:featuredmedia":[{"embeddable":true,"href":"https:\/\/www.koncevisiontv.cl\/web\/wp-json\/wp\/v2\/media\/4214"}],"wp:attachment":[{"href":"https:\/\/www.koncevisiontv.cl\/web\/wp-json\/wp\/v2\/media?parent=4903"}],"wp:term":[{"taxonomy":"category","embeddable":true,"href":"https:\/\/www.koncevisiontv.cl\/web\/wp-json\/wp\/v2\/categories?post=4903"},{"taxonomy":"post_tag","embeddable":true,"href":"https:\/\/www.koncevisiontv.cl\/web\/wp-json\/wp\/v2\/tags?post=4903"}],"curies":[{"name":"wp","href":"https:\/\/api.w.org\/{rel}","templated":true}]}}