{"id":4905,"date":"2025-01-13T22:32:09","date_gmt":"2025-01-14T01:32:09","guid":{"rendered":"https:\/\/www.koncevisiontv.cl\/web\/?p=4905"},"modified":"2025-01-13T22:32:20","modified_gmt":"2025-01-14T01:32:20","slug":"carolina-toha-refuerza-seguridad-en-colchane","status":"publish","type":"post","link":"https:\/\/www.koncevisiontv.cl\/web\/carolina-toha-refuerza-seguridad-en-colchane\/","title":{"rendered":"Ministra Carolina Toh\u00e1 Visitar\u00e1 Colchane para Reforzar Seguridad Fronteriza"},"content":{"rendered":"\n<p class=\"wp-block-paragraph\">Este martes, la ministra del Interior, <strong>Carolina Toh\u00e1<\/strong>, visitar\u00e1 la localidad de <strong>Colchane<\/strong>, en la regi\u00f3n de Tarapac\u00e1, para reforzar la seguridad fronteriza con Bolivia.<\/p>\n\n\n\n<p class=\"wp-block-paragraph\">Durante su visita, supervisar\u00e1 la implementaci\u00f3n de un cami\u00f3n esc\u00e1ner del Servicio Nacional de Aduanas, adquirido para detectar contrabando, narcotr\u00e1fico, internaci\u00f3n de armas y tr\u00e1fico de personas. \u201cEste equipo de alta tecnolog\u00eda va a ser una ayuda muy importante en ese sentido\u201d, afirm\u00f3 la ministra.<\/p>\n\n\n\n<hr class=\"wp-block-separator has-alpha-channel-opacity\"\/>\n\n\n\n<h3 class=\"wp-block-heading\"><strong>Cooperaci\u00f3n Migratoria con Bolivia<\/strong><\/h3>\n\n\n\n<p class=\"wp-block-paragraph\">Toh\u00e1 tambi\u00e9n sostendr\u00e1 reuniones con Carabineros, la PDI, el Ej\u00e9rcito de Chile y autoridades locales para coordinar la implementaci\u00f3n del nuevo protocolo de cooperaci\u00f3n migratoria firmado con Bolivia. Este acuerdo permitir\u00e1 el retorno de migrantes irregulares detectados en una franja de 10 kil\u00f3metros desde la frontera a las autoridades bolivianas.<\/p>\n\n\n\n<p class=\"wp-block-paragraph\">\u201cEl mes de febrero es clave para poner en pr\u00e1ctica este acuerdo. Debemos anticipar cada detalle para asegurar su correcto funcionamiento\u201d, explic\u00f3 Toh\u00e1.<\/p>\n\n\n\n<hr class=\"wp-block-separator has-alpha-channel-opacity\"\/>\n\n\n\n<h3 class=\"wp-block-heading\"><strong>Corredor Bioce\u00e1nico Vial: Impulso Comercial<\/strong><\/h3>\n\n\n\n<p class=\"wp-block-paragraph\">Previo a su visita a Colchane, la ministra encabez\u00f3 en Iquique la segunda sesi\u00f3n de la Comisi\u00f3n de Alto Nivel para el Desarrollo del Corredor Bioce\u00e1nico Vial, una iniciativa que busca conectar los oc\u00e9anos Atl\u00e1ntico y Pac\u00edfico, fomentando la integraci\u00f3n comercial entre Brasil, Paraguay, Argentina y Chile.<\/p>\n","protected":false},"excerpt":{"rendered":"<p>Este martes, la ministra del Interior, Carolina Toh\u00e1, visitar\u00e1 la localidad de Colchane, en la regi\u00f3n de Tarapac\u00e1,<\/p>\n","protected":false},"author":5,"featured_media":4906,"comment_status":"open","ping_status":"open","sticky":false,"template":"","format":"standard","meta":{"_crdt_document":"","_uag_custom_page_level_css":"","_sitemap_exclude":false,"_sitemap_priority":"","_sitemap_frequency":"","_joinchat":[],"footnotes":""},"categories":[14],"tags":[],"class_list":["post-4905","post","type-post","status-publish","format-standard","has-post-thumbnail","hentry","category-nacional"],"featured_image_urls":{"full":["https:\/\/www.koncevisiontv.cl\/web\/wp-content\/uploads\/2025\/01\/Ministra-Toha-refuerza-seguridad-en-frontera.jpg",512,342,false],"thumbnail":["https:\/\/www.koncevisiontv.cl\/web\/wp-content\/uploads\/2025\/01\/Ministra-Toha-refuerza-seguridad-en-frontera-150x150.jpg",150,150,true],"medium":["https:\/\/www.koncevisiontv.cl\/web\/wp-content\/uploads\/2025\/01\/Ministra-Toha-refuerza-seguridad-en-frontera-300x200.jpg",300,200,true],"medium_large":["https:\/\/www.koncevisiontv.cl\/web\/wp-content\/uploads\/2025\/01\/Ministra-Toha-refuerza-seguridad-en-frontera.jpg",512,342,false],"large":["https:\/\/www.koncevisiontv.cl\/web\/wp-content\/uploads\/2025\/01\/Ministra-Toha-refuerza-seguridad-en-frontera.jpg",512,342,false],"1536x1536":["https:\/\/www.koncevisiontv.cl\/web\/wp-content\/uploads\/2025\/01\/Ministra-Toha-refuerza-seguridad-en-frontera.jpg",512,342,false],"2048x2048":["https:\/\/www.koncevisiontv.cl\/web\/wp-content\/uploads\/2025\/01\/Ministra-Toha-refuerza-seguridad-en-frontera.jpg",512,342,false],"darknews-featured":["https:\/\/www.koncevisiontv.cl\/web\/wp-content\/uploads\/2025\/01\/Ministra-Toha-refuerza-seguridad-en-frontera.jpg",512,342,false],"darknews-large":["https:\/\/www.koncevisiontv.cl\/web\/wp-content\/uploads\/2025\/01\/Ministra-Toha-refuerza-seguridad-en-frontera.jpg",512,342,false],"darknews-medium":["https:\/\/www.koncevisiontv.cl\/web\/wp-content\/uploads\/2025\/01\/Ministra-Toha-refuerza-seguridad-en-frontera.jpg",512,342,false]},"author_info":{"info":["Web-Master"]},"category_info":"<a href=\"https:\/\/www.koncevisiontv.cl\/web\/category\/nacional\/\" rel=\"category tag\">Nacional<\/a>","tag_info":"Nacional","comment_count":"0","uagb_featured_image_src":{"full":["https:\/\/www.koncevisiontv.cl\/web\/wp-content\/uploads\/2025\/01\/Ministra-Toha-refuerza-seguridad-en-frontera.jpg",512,342,false],"thumbnail":["https:\/\/www.koncevisiontv.cl\/web\/wp-content\/uploads\/2025\/01\/Ministra-Toha-refuerza-seguridad-en-frontera-150x150.jpg",150,150,true],"medium":["https:\/\/www.koncevisiontv.cl\/web\/wp-content\/uploads\/2025\/01\/Ministra-Toha-refuerza-seguridad-en-frontera-300x200.jpg",300,200,true],"medium_large":["https:\/\/www.koncevisiontv.cl\/web\/wp-content\/uploads\/2025\/01\/Ministra-Toha-refuerza-seguridad-en-frontera.jpg",512,342,false],"large":["https:\/\/www.koncevisiontv.cl\/web\/wp-content\/uploads\/2025\/01\/Ministra-Toha-refuerza-seguridad-en-frontera.jpg",512,342,false],"1536x1536":["https:\/\/www.koncevisiontv.cl\/web\/wp-content\/uploads\/2025\/01\/Ministra-Toha-refuerza-seguridad-en-frontera.jpg",512,342,false],"2048x2048":["https:\/\/www.koncevisiontv.cl\/web\/wp-content\/uploads\/2025\/01\/Ministra-Toha-refuerza-seguridad-en-frontera.jpg",512,342,false],"darknews-featured":["https:\/\/www.koncevisiontv.cl\/web\/wp-content\/uploads\/2025\/01\/Ministra-Toha-refuerza-seguridad-en-frontera.jpg",512,342,false],"darknews-large":["https:\/\/www.koncevisiontv.cl\/web\/wp-content\/uploads\/2025\/01\/Ministra-Toha-refuerza-seguridad-en-frontera.jpg",512,342,false],"darknews-medium":["https:\/\/www.koncevisiontv.cl\/web\/wp-content\/uploads\/2025\/01\/Ministra-Toha-refuerza-seguridad-en-frontera.jpg",512,342,false]},"uagb_author_info":{"display_name":"Web-Master","author_link":"https:\/\/www.koncevisiontv.cl\/web\/author\/koncevision\/"},"uagb_comment_info":1,"uagb_excerpt":"Este martes, la ministra del Interior, Carolina Toh\u00e1, visitar\u00e1 la localidad de Colchane, en la regi\u00f3n de Tarapac\u00e1,","_links":{"self":[{"href":"https:\/\/www.koncevisiontv.cl\/web\/wp-json\/wp\/v2\/posts\/4905","targetHints":{"allow":["GET"]}}],"collection":[{"href":"https:\/\/www.koncevisiontv.cl\/web\/wp-json\/wp\/v2\/posts"}],"about":[{"href":"https:\/\/www.koncevisiontv.cl\/web\/wp-json\/wp\/v2\/types\/post"}],"author":[{"embeddable":true,"href":"https:\/\/www.koncevisiontv.cl\/web\/wp-json\/wp\/v2\/users\/5"}],"replies":[{"embeddable":true,"href":"https:\/\/www.koncevisiontv.cl\/web\/wp-json\/wp\/v2\/comments?post=4905"}],"version-history":[{"count":1,"href":"https:\/\/www.koncevisiontv.cl\/web\/wp-json\/wp\/v2\/posts\/4905\/revisions"}],"predecessor-version":[{"id":4907,"href":"https:\/\/www.koncevisiontv.cl\/web\/wp-json\/wp\/v2\/posts\/4905\/revisions\/4907"}],"wp:featuredmedia":[{"embeddable":true,"href":"https:\/\/www.koncevisiontv.cl\/web\/wp-json\/wp\/v2\/media\/4906"}],"wp:attachment":[{"href":"https:\/\/www.koncevisiontv.cl\/web\/wp-json\/wp\/v2\/media?parent=4905"}],"wp:term":[{"taxonomy":"category","embeddable":true,"href":"https:\/\/www.koncevisiontv.cl\/web\/wp-json\/wp\/v2\/categories?post=4905"},{"taxonomy":"post_tag","embeddable":true,"href":"https:\/\/www.koncevisiontv.cl\/web\/wp-json\/wp\/v2\/tags?post=4905"}],"curies":[{"name":"wp","href":"https:\/\/api.w.org\/{rel}","templated":true}]}}