{"id":4908,"date":"2025-01-14T14:01:46","date_gmt":"2025-01-14T17:01:46","guid":{"rendered":"https:\/\/www.koncevisiontv.cl\/web\/?p=4908"},"modified":"2025-01-14T14:01:49","modified_gmt":"2025-01-14T17:01:49","slug":"inauguracion-de-placa-bicentenario-en-museo-casa-cano-de-rere","status":"publish","type":"post","link":"https:\/\/www.koncevisiontv.cl\/web\/inauguracion-de-placa-bicentenario-en-museo-casa-cano-de-rere\/","title":{"rendered":"Inauguraci\u00f3n de Placa Bicentenario en Museo Casa Cano de Rere"},"content":{"rendered":"\n<div class=\"wp-block-uagb-advanced-heading uagb-block-a3a8e68b\"><h2 class=\"uagb-heading-text\">MUSEO CASA CANO DE RERE<\/h2><\/div>\n\n\n\n<figure class=\"wp-block-image size-full is-style-default\"><img decoding=\"async\" src=\"https:\/\/www.koncevisiontv.cl\/web\/wp-content\/uploads\/2025\/01\/IMG_1076.jpg\" alt=\"Inauguraci\u00f3n de Placa Bicentenario en Museo Casa Cano de Rere\n\n\" title=\"\"><\/figure>\n\n\n\n<div class=\"wp-block-uagb-advanced-heading uagb-block-a3abbf51\"><h2 class=\"uagb-heading-text\">CON PLACA BICENTENARIO SE RECORDARA EL LEGADO DE PRESIDENTE PI\u00d1ERA<\/h2><\/div>\n\n\n\n<div class=\"wp-block-uagb-image uagb-block-a735b1bb wp-block-uagb-image--layout-default wp-block-uagb-image--effect-static wp-block-uagb-image--align-none\"><figure class=\"wp-block-uagb-image__figure\"><img decoding=\"async\" srcset=\"https:\/\/www.koncevisiontv.cl\/web\/wp-content\/uploads\/2025\/01\/IMG_1074-1024x722.jpg ,https:\/\/www.koncevisiontv.cl\/web\/wp-content\/uploads\/2025\/01\/IMG_1074.jpg 780w, https:\/\/www.koncevisiontv.cl\/web\/wp-content\/uploads\/2025\/01\/IMG_1074.jpg 360w\" sizes=\"auto, (max-width: 480px) 150px\" src=\"https:\/\/www.koncevisiontv.cl\/web\/wp-content\/uploads\/2025\/01\/IMG_1074-1024x722.jpg\" alt=\"Sebasti\u00e1n Pi\u00f1era\" class=\"uag-image-4911\" width=\"1170\" height=\"825\" title=\"IMG_1074\" loading=\"lazy\" role=\"img\"\/><\/figure><\/div>\n\n\n\n<p class=\"wp-block-paragraph\">Este s\u00e1bado 18 de Enero a las 11.30 de la ma\u00f1ana se inaugurara una placa Legado<br>Bicentenario, que recuerda que el <strong>Museo Casa Cano<\/strong> fue reconocido como uno de los<br>primeros inmuebles de valor patrimonial restaurados tras el terremoto del 27 F en la regi\u00f3n<br>del Biob\u00edo en la administraci\u00f3n del <strong>ex Presidente Sebasti\u00e1n Pinera Echenique el a\u00f1o 2015<\/strong>.<br>La actividad se desarrollar\u00e1 en el sal\u00f3n Marcelo Montero Cartes del Centro Cultural,<br>ubicado en calle <strong>Pedro Aguirre Cerda 75, pueblo de Rere, comuna de Yumbel.<\/strong><\/p>\n\n\n\n<div class=\"wp-block-uagb-advanced-heading uagb-block-5454287a\"><h2 class=\"uagb-heading-text\">\u00bfQu\u00e9 es ser Legado Bicentenario?<\/h2><\/div>\n\n\n\n<div class=\"wp-block-uagb-image uagb-block-da45c2e4 wp-block-uagb-image--layout-default wp-block-uagb-image--effect-static wp-block-uagb-image--align-none\"><figure class=\"wp-block-uagb-image__figure\"><img decoding=\"async\" srcset=\"https:\/\/www.koncevisiontv.cl\/web\/wp-content\/uploads\/2025\/01\/IMG_0563-1.jpg ,https:\/\/www.koncevisiontv.cl\/web\/wp-content\/uploads\/2025\/01\/IMG_0563-1.jpg 780w, https:\/\/www.koncevisiontv.cl\/web\/wp-content\/uploads\/2025\/01\/IMG_0563-1.jpg 360w\" sizes=\"auto, (max-width: 480px) 150px\" src=\"https:\/\/www.koncevisiontv.cl\/web\/wp-content\/uploads\/2025\/01\/IMG_0563-1.jpg\" alt=\"\" class=\"uag-image-4912\" width=\"640\" height=\"280\" title=\"IMG_0563\" loading=\"lazy\" role=\"img\"><\/figure><\/div>\n\n\n\n<p class=\"wp-block-paragraph\">El Bicentenario de Chile, y la necesidad de preservar la memoria hist\u00f3rica material del<br>pa\u00eds, fueron los motivos que llevaron al Presidente Sebasti\u00e1n Pi\u00f1era a crear el a\u00f1o 2010 el<br>Programa Legado Bicentenario, el cual ser\u00eda la continuaci\u00f3n del trabajo realizado por la<br>Comisi\u00f3n Bicentenario, esta vez ya no para celebrar esta fecha tan importante para los<br>chilenos, sino para recordarla a trav\u00e9s de obras concretas. Hoy este Programa integra cien<br>iniciativas distribuidas a lo largo y ancho de Chile.<\/p>\n\n\n\n<p class=\"wp-block-paragraph\">De esta manera y trav\u00e9s de obras muy concretas categorizadas en Rescate Patrimonial,<br>Espacios C\u00edvicos-Parques Urbanos, Espacios Culturales, Conservaci\u00f3n de la Biodiversidad,<br>Centros Deportivos y Grandes Obras de Infraestructura, el Programa Legado Bicentenario<br>prepar\u00f3 a nuestro pa\u00eds para que lo gocen las futuras generaciones y deja una importante<br>herencia material del Gobierno del Presidente Pi\u00f1era.<\/p>\n\n\n\n<div class=\"wp-block-uagb-advanced-heading uagb-block-e1494988\"><h2 class=\"uagb-heading-text\">Corporaci\u00f3n Aldea Rural.<\/h2><\/div>\n\n\n\n<div class=\"wp-block-uagb-image uagb-block-bec7e1fb wp-block-uagb-image--layout-default wp-block-uagb-image--effect-static wp-block-uagb-image--align-none\"><figure class=\"wp-block-uagb-image__figure\"><img decoding=\"async\" srcset=\"https:\/\/www.koncevisiontv.cl\/web\/wp-content\/uploads\/2025\/01\/IMG_1075.jpg ,https:\/\/www.koncevisiontv.cl\/web\/wp-content\/uploads\/2025\/01\/IMG_1075.jpg 780w, https:\/\/www.koncevisiontv.cl\/web\/wp-content\/uploads\/2025\/01\/IMG_1075.jpg 360w\" sizes=\"auto, (max-width: 480px) 150px\" src=\"https:\/\/www.koncevisiontv.cl\/web\/wp-content\/uploads\/2025\/01\/IMG_1075.jpg\" alt=\"\" class=\"uag-image-4913\" width=\"720\" height=\"540\" title=\"IMG_1075\" loading=\"lazy\" role=\"img\"><\/figure><\/div>\n\n\n\n<p class=\"wp-block-paragraph\">La Corporaci\u00f3n Aldea Rural financia sus actividades gracias a la Ley de Donaciones<br>Culturales y a los aporte de empresas privadas y se dedica a recuperar, impulsar, preservar<br>y difundir obras u otras actividades culturales mediante la restauraci\u00f3n y conservaci\u00f3n del<br>patrimonio, investigaciones, publicaciones y exposiciones fijas e itinerantes. Adem\u00e1s,<br>otorga becas estudiantiles a j\u00f3venes de \u00e1reas rurales, como una manera de incentivarlos y<br>apoyarlos en su formaci\u00f3n profesional. Junto a esto mantiene convenios de cooperaci\u00f3n y<br>trabajo en conjunto con municipios desde Santiago a Chilo\u00e9 y Fundaciones internacionales<br>en Latinoam\u00e9rica.<br>En el a\u00f1o 2016 la C\u00e1mara de Comercio de Concepci\u00f3n premio a la Corporaci\u00f3n por su<br>aporte a la reconstrucci\u00f3n patrimonial del Biob\u00edo. Y en Agosto del a\u00f1o 2017, la Fundaci\u00f3n<br>Proyecta Memoria y el Gobierno Regional del Biob\u00edo otorgo el Premio AMA a la<br>organizaci\u00f3n por su aporte a mantener vivo el patrimonio regional. A su vez se encuentra<br>impulsando el Museo de la Memoria del 27-F en la localidad costera de Coliumo, Tom\u00e9.<br>Actualmente a trav\u00e9s del Museo Cano de Rere es miembro de la Asociaci\u00f3n de Museos<br>Privados de Chile, que es parte del registro de Museos de la DIBAM.<br>En a\u00f1o 2020 impulsa el Proyecto \u201cL\u00e1zaro\u201d destinado a recaudar fondos v\u00eda Ley de<br>Donaciones Culturales para la preservaci\u00f3n del Parque Pedro del Rio Za\u00f1artu de<br>Concepci\u00f3n. Tambi\u00e9n y junto al Archivo Hist\u00f3rico de Concepci\u00f3n se han editado libros de<br>inter\u00e9s patrimonial como \u201cSantuario de San Sebasti\u00e1n de Yumbel\u201d y Museo Casa Cano de<br>Rere con gran \u00e9xito.<\/p>\n","protected":false},"excerpt":{"rendered":"<p>MUSEO CASA CANO DE RERE CON PLACA BICENTENARIO SE RECORDARA EL LEGADO DE PRESIDENTE PI\u00d1ERA Este s\u00e1bado 18<\/p>\n","protected":false},"author":5,"featured_media":4909,"comment_status":"open","ping_status":"open","sticky":false,"template":"","format":"standard","meta":{"_crdt_document":"","_uag_custom_page_level_css":"","_sitemap_exclude":false,"_sitemap_priority":"","_sitemap_frequency":"","_joinchat":[],"footnotes":""},"categories":[14],"tags":[],"class_list":["post-4908","post","type-post","status-publish","format-standard","has-post-thumbnail","hentry","category-nacional"],"featured_image_urls":{"full":["https:\/\/www.koncevisiontv.cl\/web\/wp-content\/uploads\/2025\/01\/IMG_0563.jpg",640,280,false],"thumbnail":["https:\/\/www.koncevisiontv.cl\/web\/wp-content\/uploads\/2025\/01\/IMG_0563-150x150.jpg",150,150,true],"medium":["https:\/\/www.koncevisiontv.cl\/web\/wp-content\/uploads\/2025\/01\/IMG_0563-300x131.jpg",300,131,true],"medium_large":["https:\/\/www.koncevisiontv.cl\/web\/wp-content\/uploads\/2025\/01\/IMG_0563.jpg",640,280,false],"large":["https:\/\/www.koncevisiontv.cl\/web\/wp-content\/uploads\/2025\/01\/IMG_0563.jpg",640,280,false],"1536x1536":["https:\/\/www.koncevisiontv.cl\/web\/wp-content\/uploads\/2025\/01\/IMG_0563.jpg",640,280,false],"2048x2048":["https:\/\/www.koncevisiontv.cl\/web\/wp-content\/uploads\/2025\/01\/IMG_0563.jpg",640,280,false],"darknews-featured":["https:\/\/www.koncevisiontv.cl\/web\/wp-content\/uploads\/2025\/01\/IMG_0563.jpg",640,280,false],"darknews-large":["https:\/\/www.koncevisiontv.cl\/web\/wp-content\/uploads\/2025\/01\/IMG_0563.jpg",640,280,false],"darknews-medium":["https:\/\/www.koncevisiontv.cl\/web\/wp-content\/uploads\/2025\/01\/IMG_0563-590x280.jpg",590,280,true]},"author_info":{"info":["Web-Master"]},"category_info":"<a href=\"https:\/\/www.koncevisiontv.cl\/web\/category\/nacional\/\" rel=\"category tag\">Nacional<\/a>","tag_info":"Nacional","comment_count":"0","uagb_featured_image_src":{"full":["https:\/\/www.koncevisiontv.cl\/web\/wp-content\/uploads\/2025\/01\/IMG_0563.jpg",640,280,false],"thumbnail":["https:\/\/www.koncevisiontv.cl\/web\/wp-content\/uploads\/2025\/01\/IMG_0563-150x150.jpg",150,150,true],"medium":["https:\/\/www.koncevisiontv.cl\/web\/wp-content\/uploads\/2025\/01\/IMG_0563-300x131.jpg",300,131,true],"medium_large":["https:\/\/www.koncevisiontv.cl\/web\/wp-content\/uploads\/2025\/01\/IMG_0563.jpg",640,280,false],"large":["https:\/\/www.koncevisiontv.cl\/web\/wp-content\/uploads\/2025\/01\/IMG_0563.jpg",640,280,false],"1536x1536":["https:\/\/www.koncevisiontv.cl\/web\/wp-content\/uploads\/2025\/01\/IMG_0563.jpg",640,280,false],"2048x2048":["https:\/\/www.koncevisiontv.cl\/web\/wp-content\/uploads\/2025\/01\/IMG_0563.jpg",640,280,false],"darknews-featured":["https:\/\/www.koncevisiontv.cl\/web\/wp-content\/uploads\/2025\/01\/IMG_0563.jpg",640,280,false],"darknews-large":["https:\/\/www.koncevisiontv.cl\/web\/wp-content\/uploads\/2025\/01\/IMG_0563.jpg",640,280,false],"darknews-medium":["https:\/\/www.koncevisiontv.cl\/web\/wp-content\/uploads\/2025\/01\/IMG_0563-590x280.jpg",590,280,true]},"uagb_author_info":{"display_name":"Web-Master","author_link":"https:\/\/www.koncevisiontv.cl\/web\/author\/koncevision\/"},"uagb_comment_info":0,"uagb_excerpt":"MUSEO CASA CANO DE RERE CON PLACA BICENTENARIO SE RECORDARA EL LEGADO DE PRESIDENTE PI\u00d1ERA Este s\u00e1bado 18","_links":{"self":[{"href":"https:\/\/www.koncevisiontv.cl\/web\/wp-json\/wp\/v2\/posts\/4908","targetHints":{"allow":["GET"]}}],"collection":[{"href":"https:\/\/www.koncevisiontv.cl\/web\/wp-json\/wp\/v2\/posts"}],"about":[{"href":"https:\/\/www.koncevisiontv.cl\/web\/wp-json\/wp\/v2\/types\/post"}],"author":[{"embeddable":true,"href":"https:\/\/www.koncevisiontv.cl\/web\/wp-json\/wp\/v2\/users\/5"}],"replies":[{"embeddable":true,"href":"https:\/\/www.koncevisiontv.cl\/web\/wp-json\/wp\/v2\/comments?post=4908"}],"version-history":[{"count":1,"href":"https:\/\/www.koncevisiontv.cl\/web\/wp-json\/wp\/v2\/posts\/4908\/revisions"}],"predecessor-version":[{"id":4914,"href":"https:\/\/www.koncevisiontv.cl\/web\/wp-json\/wp\/v2\/posts\/4908\/revisions\/4914"}],"wp:featuredmedia":[{"embeddable":true,"href":"https:\/\/www.koncevisiontv.cl\/web\/wp-json\/wp\/v2\/media\/4909"}],"wp:attachment":[{"href":"https:\/\/www.koncevisiontv.cl\/web\/wp-json\/wp\/v2\/media?parent=4908"}],"wp:term":[{"taxonomy":"category","embeddable":true,"href":"https:\/\/www.koncevisiontv.cl\/web\/wp-json\/wp\/v2\/categories?post=4908"},{"taxonomy":"post_tag","embeddable":true,"href":"https:\/\/www.koncevisiontv.cl\/web\/wp-json\/wp\/v2\/tags?post=4908"}],"curies":[{"name":"wp","href":"https:\/\/api.w.org\/{rel}","templated":true}]}}