{"id":4915,"date":"2025-01-14T14:26:32","date_gmt":"2025-01-14T17:26:32","guid":{"rendered":"https:\/\/www.koncevisiontv.cl\/web\/?p=4915"},"modified":"2025-01-14T14:26:35","modified_gmt":"2025-01-14T17:26:35","slug":"brutal-caso-de-automutilacion-impacta-a-olmue","status":"publish","type":"post","link":"https:\/\/www.koncevisiontv.cl\/web\/brutal-caso-de-automutilacion-impacta-a-olmue\/","title":{"rendered":"Brutal Caso de Automutilaci\u00f3n Impacta a Olmu\u00e9"},"content":{"rendered":"\n<div class=\"wp-block-uagb-advanced-heading uagb-block-2bfb005f\"><h2 class=\"uagb-heading-text\"><strong>Brutal Automutilaci\u00f3n en <a href=\"https:\/\/www.muniolmue.cl\/\" target=\"_blank\" rel=\"noreferrer noopener\">Olmu\u00e9<\/a>: Hombre se lesiona tras consumo de drogas y alcohol<\/strong><\/h2><\/div>\n\n\n\n<p class=\"wp-block-paragraph\">En la comuna de Olmu\u00e9, Regi\u00f3n de Valpara\u00edso, un impactante caso de automutilaci\u00f3n ha generado conmoci\u00f3n. El incidente ocurri\u00f3 el pasado domingo 12 de enero, cuando un hombre de 36 a\u00f1os, bajo los efectos de un c\u00f3ctel de drogas y alcohol, tom\u00f3 la dr\u00e1stica decisi\u00f3n de cercenar sus propios genitales.<\/p>\n\n\n\n<p class=\"wp-block-paragraph\">Personal del Cesfam Manuel Lucero de Olmu\u00e9 acudi\u00f3 al llamado de emergencia en un condominio del sector Granizo, encontrando al sujeto gravemente herido y con un profuso sangrado. Tras brindar los primeros auxilios, fue trasladado de urgencia al Hospital Biprovincial Quillota Petorca, donde permanece internado, aunque fuera de riesgo vital.<\/p>\n\n\n\n<p class=\"wp-block-paragraph\">Seg\u00fan informaron las autoridades, el individuo habr\u00eda consumido diversas sustancias, incluyendo coca\u00edna, marihuana y ketamina, antes de perpetrar la brutal automutilaci\u00f3n.<\/p>\n\n\n\n<p class=\"wp-block-paragraph\">La investigaci\u00f3n del caso se mantiene bajo reserva <strong><a href=\"https:\/\/www.carabineros.cl\" target=\"_blank\" rel=\"noreferrer noopener\">Carabineros <\/a><\/strong>confirmaron que se present\u00f3 una denuncia por oficio y que los antecedentes ya fueron puestos a disposici\u00f3n del Ministerio P\u00fablico.<\/p>\n\n\n\n<p class=\"wp-block-paragraph\">Este tr\u00e1gico suceso ha generado alarma en la comunidad local y pone nuevamente en el foco la problem\u00e1tica del abuso de sustancias y sus consecuencias extremas.<\/p>\n","protected":false},"excerpt":{"rendered":"<p>Brutal Automutilaci\u00f3n en Olmu\u00e9: Hombre se lesiona tras consumo de drogas y alcohol En la comuna de Olmu\u00e9,<\/p>\n","protected":false},"author":5,"featured_media":4916,"comment_status":"open","ping_status":"open","sticky":false,"template":"","format":"standard","meta":{"_crdt_document":"","_uag_custom_page_level_css":"","_sitemap_exclude":false,"_sitemap_priority":"","_sitemap_frequency":"","_joinchat":[],"footnotes":""},"categories":[14],"tags":[],"class_list":["post-4915","post","type-post","status-publish","format-standard","has-post-thumbnail","hentry","category-nacional"],"featured_image_urls":{"full":["https:\/\/www.koncevisiontv.cl\/web\/wp-content\/uploads\/2025\/01\/hombre-se-automutila-en-olmue.avif",1023,682,false],"thumbnail":["https:\/\/www.koncevisiontv.cl\/web\/wp-content\/uploads\/2025\/01\/hombre-se-automutila-en-olmue-150x150.avif",150,150,true],"medium":["https:\/\/www.koncevisiontv.cl\/web\/wp-content\/uploads\/2025\/01\/hombre-se-automutila-en-olmue-300x200.avif",300,200,true],"medium_large":["https:\/\/www.koncevisiontv.cl\/web\/wp-content\/uploads\/2025\/01\/hombre-se-automutila-en-olmue-768x512.avif",640,427,true],"large":["https:\/\/www.koncevisiontv.cl\/web\/wp-content\/uploads\/2025\/01\/hombre-se-automutila-en-olmue.avif",640,427,false],"1536x1536":["https:\/\/www.koncevisiontv.cl\/web\/wp-content\/uploads\/2025\/01\/hombre-se-automutila-en-olmue.avif",1023,682,false],"2048x2048":["https:\/\/www.koncevisiontv.cl\/web\/wp-content\/uploads\/2025\/01\/hombre-se-automutila-en-olmue.avif",1023,682,false],"darknews-featured":["https:\/\/www.koncevisiontv.cl\/web\/wp-content\/uploads\/2025\/01\/hombre-se-automutila-en-olmue.avif",1023,682,false],"darknews-large":["https:\/\/www.koncevisiontv.cl\/web\/wp-content\/uploads\/2025\/01\/hombre-se-automutila-en-olmue-825x575.avif",825,575,true],"darknews-medium":["https:\/\/www.koncevisiontv.cl\/web\/wp-content\/uploads\/2025\/01\/hombre-se-automutila-en-olmue-590x410.avif",590,410,true]},"author_info":{"info":["Web-Master"]},"category_info":"<a href=\"https:\/\/www.koncevisiontv.cl\/web\/category\/nacional\/\" rel=\"category tag\">Nacional<\/a>","tag_info":"Nacional","comment_count":"0","uagb_featured_image_src":{"full":["https:\/\/www.koncevisiontv.cl\/web\/wp-content\/uploads\/2025\/01\/hombre-se-automutila-en-olmue.avif",1023,682,false],"thumbnail":["https:\/\/www.koncevisiontv.cl\/web\/wp-content\/uploads\/2025\/01\/hombre-se-automutila-en-olmue-150x150.avif",150,150,true],"medium":["https:\/\/www.koncevisiontv.cl\/web\/wp-content\/uploads\/2025\/01\/hombre-se-automutila-en-olmue-300x200.avif",300,200,true],"medium_large":["https:\/\/www.koncevisiontv.cl\/web\/wp-content\/uploads\/2025\/01\/hombre-se-automutila-en-olmue-768x512.avif",640,427,true],"large":["https:\/\/www.koncevisiontv.cl\/web\/wp-content\/uploads\/2025\/01\/hombre-se-automutila-en-olmue.avif",640,427,false],"1536x1536":["https:\/\/www.koncevisiontv.cl\/web\/wp-content\/uploads\/2025\/01\/hombre-se-automutila-en-olmue.avif",1023,682,false],"2048x2048":["https:\/\/www.koncevisiontv.cl\/web\/wp-content\/uploads\/2025\/01\/hombre-se-automutila-en-olmue.avif",1023,682,false],"darknews-featured":["https:\/\/www.koncevisiontv.cl\/web\/wp-content\/uploads\/2025\/01\/hombre-se-automutila-en-olmue.avif",1023,682,false],"darknews-large":["https:\/\/www.koncevisiontv.cl\/web\/wp-content\/uploads\/2025\/01\/hombre-se-automutila-en-olmue-825x575.avif",825,575,true],"darknews-medium":["https:\/\/www.koncevisiontv.cl\/web\/wp-content\/uploads\/2025\/01\/hombre-se-automutila-en-olmue-590x410.avif",590,410,true]},"uagb_author_info":{"display_name":"Web-Master","author_link":"https:\/\/www.koncevisiontv.cl\/web\/author\/koncevision\/"},"uagb_comment_info":0,"uagb_excerpt":"Brutal Automutilaci\u00f3n en Olmu\u00e9: Hombre se lesiona tras consumo de drogas y alcohol En la comuna de Olmu\u00e9,","_links":{"self":[{"href":"https:\/\/www.koncevisiontv.cl\/web\/wp-json\/wp\/v2\/posts\/4915","targetHints":{"allow":["GET"]}}],"collection":[{"href":"https:\/\/www.koncevisiontv.cl\/web\/wp-json\/wp\/v2\/posts"}],"about":[{"href":"https:\/\/www.koncevisiontv.cl\/web\/wp-json\/wp\/v2\/types\/post"}],"author":[{"embeddable":true,"href":"https:\/\/www.koncevisiontv.cl\/web\/wp-json\/wp\/v2\/users\/5"}],"replies":[{"embeddable":true,"href":"https:\/\/www.koncevisiontv.cl\/web\/wp-json\/wp\/v2\/comments?post=4915"}],"version-history":[{"count":1,"href":"https:\/\/www.koncevisiontv.cl\/web\/wp-json\/wp\/v2\/posts\/4915\/revisions"}],"predecessor-version":[{"id":4917,"href":"https:\/\/www.koncevisiontv.cl\/web\/wp-json\/wp\/v2\/posts\/4915\/revisions\/4917"}],"wp:featuredmedia":[{"embeddable":true,"href":"https:\/\/www.koncevisiontv.cl\/web\/wp-json\/wp\/v2\/media\/4916"}],"wp:attachment":[{"href":"https:\/\/www.koncevisiontv.cl\/web\/wp-json\/wp\/v2\/media?parent=4915"}],"wp:term":[{"taxonomy":"category","embeddable":true,"href":"https:\/\/www.koncevisiontv.cl\/web\/wp-json\/wp\/v2\/categories?post=4915"},{"taxonomy":"post_tag","embeddable":true,"href":"https:\/\/www.koncevisiontv.cl\/web\/wp-json\/wp\/v2\/tags?post=4915"}],"curies":[{"name":"wp","href":"https:\/\/api.w.org\/{rel}","templated":true}]}}