{"id":4918,"date":"2025-01-14T15:13:33","date_gmt":"2025-01-14T18:13:33","guid":{"rendered":"https:\/\/www.koncevisiontv.cl\/web\/?p=4918"},"modified":"2025-01-14T15:13:36","modified_gmt":"2025-01-14T18:13:36","slug":"kate-middleton-anuncia-la-remision-de-su-cancer","status":"publish","type":"post","link":"https:\/\/www.koncevisiontv.cl\/web\/kate-middleton-anuncia-la-remision-de-su-cancer\/","title":{"rendered":"Kate Middleton anuncia la remisi\u00f3n de su c\u00e1ncer con emotivo mensaje"},"content":{"rendered":"\n<p class=\"wp-block-paragraph\">Kate Middleton, princesa de Gales, revel\u00f3 a trav\u00e9s de un comunicado que su c\u00e1ncer ha entrado en remisi\u00f3n, brindando un mensaje de esperanza tras meses de tratamiento.<\/p>\n\n\n\n<p class=\"wp-block-paragraph\">\u201cEs un alivio estar ahora en remisi\u00f3n y sigo centrada en la recuperaci\u00f3n. Como sabr\u00e1 cualquiera que haya experimentado un diagn\u00f3stico de c\u00e1ncer, se necesita tiempo para adaptarse a una nueva normalidad\u201d, expres\u00f3 Middleton, agradeciendo el constante apoyo recibido durante este dif\u00edcil proceso.<\/p>\n\n\n\n<p class=\"wp-block-paragraph\">La publicaci\u00f3n se realiz\u00f3 despu\u00e9s de una visita al hospital The Royal Marsden, donde la princesa recibi\u00f3 su tratamiento. \u201cMi m\u00e1s sincero agradecimiento a todos aquellos que han caminado silenciosamente junto a William y a m\u00ed mientras atraves\u00e1bamos todo\u201d, a\u00f1adi\u00f3.<\/p>\n\n\n\n<p class=\"wp-block-paragraph\">Kate Middleton confirm\u00f3 en septiembre que hab\u00eda concluido el proceso de quimioterapia preventiva iniciado tras su diagn\u00f3stico p\u00fablico en marzo de 2024. Su primera aparici\u00f3n p\u00fablica luego de iniciar el tratamiento fue en la final masculina de Wimbledon, donde asisti\u00f3 acompa\u00f1ada de su hermana Pippa y su hija Charlotte, recibiendo una emotiva ovaci\u00f3n del p\u00fablico presente.<\/p>\n\n\n\n<h3 class=\"wp-block-heading\"><strong>Un A\u00f1o de Desaf\u00edos y Esperanza<\/strong><\/h3>\n\n\n\n<p class=\"wp-block-paragraph\">\u201cEspero con ansias un a\u00f1o satisfactorio por delante. Hay mucho que esperar. Gracias a todos por su continuo apoyo\u201d, finaliz\u00f3 Middleton, dejando un mensaje optimista sobre su futuro y el de su familia mientras sigue centrada en su recuperaci\u00f3n.<\/p>\n","protected":false},"excerpt":{"rendered":"<p>Kate Middleton, princesa de Gales, revel\u00f3 a trav\u00e9s de un comunicado que su c\u00e1ncer ha entrado en remisi\u00f3n,<\/p>\n","protected":false},"author":5,"featured_media":4919,"comment_status":"open","ping_status":"open","sticky":false,"template":"","format":"standard","meta":{"_crdt_document":"","_uag_custom_page_level_css":"","_sitemap_exclude":false,"_sitemap_priority":"","_sitemap_frequency":"","_joinchat":[],"footnotes":""},"categories":[14],"tags":[],"class_list":["post-4918","post","type-post","status-publish","format-standard","has-post-thumbnail","hentry","category-nacional"],"featured_image_urls":{"full":["https:\/\/www.koncevisiontv.cl\/web\/wp-content\/uploads\/2025\/01\/La-princesa-Kate-Middleton-anuncia-la-remision-de-su-cancer.webp",480,242,false],"thumbnail":["https:\/\/www.koncevisiontv.cl\/web\/wp-content\/uploads\/2025\/01\/La-princesa-Kate-Middleton-anuncia-la-remision-de-su-cancer-150x150.webp",150,150,true],"medium":["https:\/\/www.koncevisiontv.cl\/web\/wp-content\/uploads\/2025\/01\/La-princesa-Kate-Middleton-anuncia-la-remision-de-su-cancer-300x151.webp",300,151,true],"medium_large":["https:\/\/www.koncevisiontv.cl\/web\/wp-content\/uploads\/2025\/01\/La-princesa-Kate-Middleton-anuncia-la-remision-de-su-cancer.webp",480,242,false],"large":["https:\/\/www.koncevisiontv.cl\/web\/wp-content\/uploads\/2025\/01\/La-princesa-Kate-Middleton-anuncia-la-remision-de-su-cancer.webp",480,242,false],"1536x1536":["https:\/\/www.koncevisiontv.cl\/web\/wp-content\/uploads\/2025\/01\/La-princesa-Kate-Middleton-anuncia-la-remision-de-su-cancer.webp",480,242,false],"2048x2048":["https:\/\/www.koncevisiontv.cl\/web\/wp-content\/uploads\/2025\/01\/La-princesa-Kate-Middleton-anuncia-la-remision-de-su-cancer.webp",480,242,false],"darknews-featured":["https:\/\/www.koncevisiontv.cl\/web\/wp-content\/uploads\/2025\/01\/La-princesa-Kate-Middleton-anuncia-la-remision-de-su-cancer.webp",480,242,false],"darknews-large":["https:\/\/www.koncevisiontv.cl\/web\/wp-content\/uploads\/2025\/01\/La-princesa-Kate-Middleton-anuncia-la-remision-de-su-cancer.webp",480,242,false],"darknews-medium":["https:\/\/www.koncevisiontv.cl\/web\/wp-content\/uploads\/2025\/01\/La-princesa-Kate-Middleton-anuncia-la-remision-de-su-cancer.webp",480,242,false]},"author_info":{"info":["Web-Master"]},"category_info":"<a href=\"https:\/\/www.koncevisiontv.cl\/web\/category\/nacional\/\" rel=\"category tag\">Nacional<\/a>","tag_info":"Nacional","comment_count":"0","uagb_featured_image_src":{"full":["https:\/\/www.koncevisiontv.cl\/web\/wp-content\/uploads\/2025\/01\/La-princesa-Kate-Middleton-anuncia-la-remision-de-su-cancer.webp",480,242,false],"thumbnail":["https:\/\/www.koncevisiontv.cl\/web\/wp-content\/uploads\/2025\/01\/La-princesa-Kate-Middleton-anuncia-la-remision-de-su-cancer-150x150.webp",150,150,true],"medium":["https:\/\/www.koncevisiontv.cl\/web\/wp-content\/uploads\/2025\/01\/La-princesa-Kate-Middleton-anuncia-la-remision-de-su-cancer-300x151.webp",300,151,true],"medium_large":["https:\/\/www.koncevisiontv.cl\/web\/wp-content\/uploads\/2025\/01\/La-princesa-Kate-Middleton-anuncia-la-remision-de-su-cancer.webp",480,242,false],"large":["https:\/\/www.koncevisiontv.cl\/web\/wp-content\/uploads\/2025\/01\/La-princesa-Kate-Middleton-anuncia-la-remision-de-su-cancer.webp",480,242,false],"1536x1536":["https:\/\/www.koncevisiontv.cl\/web\/wp-content\/uploads\/2025\/01\/La-princesa-Kate-Middleton-anuncia-la-remision-de-su-cancer.webp",480,242,false],"2048x2048":["https:\/\/www.koncevisiontv.cl\/web\/wp-content\/uploads\/2025\/01\/La-princesa-Kate-Middleton-anuncia-la-remision-de-su-cancer.webp",480,242,false],"darknews-featured":["https:\/\/www.koncevisiontv.cl\/web\/wp-content\/uploads\/2025\/01\/La-princesa-Kate-Middleton-anuncia-la-remision-de-su-cancer.webp",480,242,false],"darknews-large":["https:\/\/www.koncevisiontv.cl\/web\/wp-content\/uploads\/2025\/01\/La-princesa-Kate-Middleton-anuncia-la-remision-de-su-cancer.webp",480,242,false],"darknews-medium":["https:\/\/www.koncevisiontv.cl\/web\/wp-content\/uploads\/2025\/01\/La-princesa-Kate-Middleton-anuncia-la-remision-de-su-cancer.webp",480,242,false]},"uagb_author_info":{"display_name":"Web-Master","author_link":"https:\/\/www.koncevisiontv.cl\/web\/author\/koncevision\/"},"uagb_comment_info":0,"uagb_excerpt":"Kate Middleton, princesa de Gales, revel\u00f3 a trav\u00e9s de un comunicado que su c\u00e1ncer ha entrado en remisi\u00f3n,","_links":{"self":[{"href":"https:\/\/www.koncevisiontv.cl\/web\/wp-json\/wp\/v2\/posts\/4918","targetHints":{"allow":["GET"]}}],"collection":[{"href":"https:\/\/www.koncevisiontv.cl\/web\/wp-json\/wp\/v2\/posts"}],"about":[{"href":"https:\/\/www.koncevisiontv.cl\/web\/wp-json\/wp\/v2\/types\/post"}],"author":[{"embeddable":true,"href":"https:\/\/www.koncevisiontv.cl\/web\/wp-json\/wp\/v2\/users\/5"}],"replies":[{"embeddable":true,"href":"https:\/\/www.koncevisiontv.cl\/web\/wp-json\/wp\/v2\/comments?post=4918"}],"version-history":[{"count":1,"href":"https:\/\/www.koncevisiontv.cl\/web\/wp-json\/wp\/v2\/posts\/4918\/revisions"}],"predecessor-version":[{"id":4920,"href":"https:\/\/www.koncevisiontv.cl\/web\/wp-json\/wp\/v2\/posts\/4918\/revisions\/4920"}],"wp:featuredmedia":[{"embeddable":true,"href":"https:\/\/www.koncevisiontv.cl\/web\/wp-json\/wp\/v2\/media\/4919"}],"wp:attachment":[{"href":"https:\/\/www.koncevisiontv.cl\/web\/wp-json\/wp\/v2\/media?parent=4918"}],"wp:term":[{"taxonomy":"category","embeddable":true,"href":"https:\/\/www.koncevisiontv.cl\/web\/wp-json\/wp\/v2\/categories?post=4918"},{"taxonomy":"post_tag","embeddable":true,"href":"https:\/\/www.koncevisiontv.cl\/web\/wp-json\/wp\/v2\/tags?post=4918"}],"curies":[{"name":"wp","href":"https:\/\/api.w.org\/{rel}","templated":true}]}}