{"id":4921,"date":"2025-01-14T15:36:40","date_gmt":"2025-01-14T18:36:40","guid":{"rendered":"https:\/\/www.koncevisiontv.cl\/web\/?p=4921"},"modified":"2025-01-14T16:00:35","modified_gmt":"2025-01-14T19:00:35","slug":"operativo-contra-comercio-ilegal-en-pleno-centro-de-concepcion","status":"publish","type":"post","link":"https:\/\/www.koncevisiontv.cl\/web\/operativo-contra-comercio-ilegal-en-pleno-centro-de-concepcion\/","title":{"rendered":"Calle Maip\u00fa: Intervenci\u00f3n Retira Comercio Ilegal y Deja Seis Detenidos"},"content":{"rendered":"\n<iframe loading=\"lazy\" id=\"vrudo\" class=\"vrudo\" title=\"Operativo contra el comercio ilegal en Concepci\u00f3n\" src=\"https:\/\/rudo.video\/vod\/bT7I5D\" width=\"700\" height=\"394\" frameborder=\"0\" scrolling=\"no\" allowfullscreen=\"allowfullscreen\" data-mce-fragment=\"1\"><\/iframe>\n\n\n\n\n<p class=\"wp-block-paragraph\">La calle Maip\u00fa, una de las arterias m\u00e1s transitadas del centro de la ciudad, vivi\u00f3 un operativo que no pas\u00f3 desapercibido. Toldos, carros de supermercado y productos irregulares desaparecieron en cuesti\u00f3n de horas. \u00bfEl objetivo? Devolver la seguridad y el libre tr\u00e1nsito a los peatones y vecinos del sector.<\/p>\n\n\n\n<hr class=\"wp-block-separator has-alpha-channel-opacity\"\/>\n\n\n\n<h3 class=\"wp-block-heading\"><strong>&#8220;Espacios p\u00fablicos para todos&#8221;: Una medida necesaria<\/strong><\/h3>\n\n\n\n<p class=\"wp-block-paragraph\">La intervenci\u00f3n, llevada a cabo entre las calles Caupolic\u00e1n y Colo Colo, apunt\u00f3 directamente al comercio informal que invad\u00eda el \u00e1rea. Los vendedores irregulares, que usaban carros de supermercado y estructuras improvisadas, estaban generando caos en la circulaci\u00f3n peatonal y representando riesgos para la salud p\u00fablica con la venta de alimentos sin regulaci\u00f3n sanitaria.<\/p>\n\n\n\n<p class=\"wp-block-paragraph\">\ud83d\udd0d Pero no solo fue un retiro de objetos: <strong>seis personas fueron detenidas<\/strong> durante el operativo, trasladadas a una unidad policial para verificar su identidad y comprobar si ten\u00edan \u00f3rdenes de detenci\u00f3n pendientes.<\/p>\n\n\n\n<hr class=\"wp-block-separator has-alpha-channel-opacity\"\/>\n\n\n\n<h3 class=\"wp-block-heading\"><strong>\u00bfPor qu\u00e9 es importante esta acci\u00f3n?<\/strong><\/h3>\n\n\n\n<p class=\"wp-block-paragraph\">El comercio informal no regulado no solo afecta la est\u00e9tica y el orden de la ciudad. Tambi\u00e9n pone en riesgo la seguridad de las personas. Alimentos vendidos sin cumplir normas sanitarias pueden derivar en problemas graves de salud, mientras que las aglomeraciones de puestos dificultan el libre tr\u00e1nsito y pueden convertirse en focos de inseguridad.<\/p>\n\n\n\n<p class=\"wp-block-paragraph\">Las autoridades locales no dudaron en calificar este operativo como <strong>un paso clave para devolver el control y la seguridad al coraz\u00f3n de la ciudad.<\/strong><\/p>\n\n\n\n<p class=\"wp-block-paragraph\">\ud83d\udde3\ufe0f <em>&#8220;Es nuestra responsabilidad garantizar que los espacios p\u00fablicos sean seguros, ordenados y transitables para todos los ciudadanos&#8221;,<\/em> se\u00f1alaron desde la municipalidad.<\/p>\n\n\n\n<hr class=\"wp-block-separator has-alpha-channel-opacity\"\/>\n\n\n\n<h3 class=\"wp-block-heading\"><strong>Lo que dej\u00f3 el operativo<\/strong><\/h3>\n\n\n\n<div class=\"wp-block-uagb-advanced-heading uagb-block-733d9f70\"><h2 class=\"uagb-heading-text\">\ud83d\udca1 Durante la intervenci\u00f3n, esto fue lo que se logr\u00f3:<\/h2><\/div>\n\n\n\n<ul class=\"wp-block-list\">\n<li>\u2705 <strong>Retiro de toldos, carros y estructuras ilegales<\/strong> que ocupaban veredas y calzadas.<\/li>\n\n\n\n<li>\u2705 <strong>Detenci\u00f3n de 6 personas<\/strong> para verificar identidad y posibles \u00f3rdenes judiciales pendientes.<\/li>\n\n\n\n<li>\u2705 <strong>Control de productos<\/strong> para asegurar que no se comercialicen alimentos fuera de norma.<\/li>\n<\/ul>\n\n\n\n<hr class=\"wp-block-separator has-alpha-channel-opacity\"\/>\n\n\n\n<iframe loading=\"lazy\" id=\"vrudo\" class=\"vrudo\" title=\"Operativo contra el comercio ilegal en Concepci\u00f3n\" src=\"https:\/\/rudo.video\/vod\/bT7I5P\" width=\"700\" height=\"394\" frameborder=\"0\" scrolling=\"no\" allowfullscreen=\"allowfullscreen\" data-mce-fragment=\"1\"><\/iframe>\n\n\n\n\n<h3 class=\"wp-block-heading\"><strong>La reacci\u00f3n de los vecinos<\/strong><\/h3>\n\n\n\n<p class=\"wp-block-paragraph\">Vecinos del sector expresaron su alivio tras la intervenci\u00f3n. Muchos aseguraron que la congesti\u00f3n causada por los puestos ilegales era insoportable y que agradecen el esfuerzo por devolver el orden.<\/p>\n\n\n\n<p class=\"wp-block-paragraph\">\ud83d\udcac <em>&#8220;Era un caos caminar por aqu\u00ed. Hab\u00eda veces que no pod\u00edamos pasar porque los vendedores ocupaban toda la vereda. Ojal\u00e1 esto se mantenga&#8221;,<\/em> coment\u00f3 una residente del sector.<\/p>\n\n\n\n<p class=\"wp-block-paragraph\">Sin embargo, algunos tambi\u00e9n expresaron preocupaci\u00f3n por la necesidad de generar soluciones para los vendedores irregulares: <em>&#8220;Entendemos que necesitan trabajar, pero debe hacerse de manera regulada y sin afectar a los dem\u00e1s&#8221;.<\/em><\/p>\n\n\n\n<hr class=\"wp-block-separator has-alpha-channel-opacity\"\/>\n\n\n\n<h3 class=\"wp-block-heading\"><strong>Un cambio visible, pero con desaf\u00edos por delante<\/strong><\/h3>\n\n\n\n<p class=\"wp-block-paragraph\">Este operativo es solo el inicio de un esfuerzo mayor para <strong>ordenar los espacios p\u00fablicos en el centro de la ciudad.<\/strong> Las autoridades han anunciado que continuar\u00e1n con estas intervenciones, combinando medidas de control con programas de apoyo a comerciantes que busquen regularizar su situaci\u00f3n.<\/p>\n\n\n\n<p class=\"wp-block-paragraph\">\u2696\ufe0f <em>\u00bfLa soluci\u00f3n definitiva?<\/em> Tiempo y compromiso ser\u00e1n clave para lograr un balance entre el respeto por las normativas y el apoyo a quienes dependen del comercio para su sustento.<\/p>\n\n\n\n<blockquote class=\"wp-block-quote is-layout-flow wp-block-quote-is-layout-flow\">\n<h4 class=\"wp-block-heading\"><\/h4>\n<\/blockquote>\n\n\n\n<p class=\"wp-block-paragraph\"><\/p>\n","protected":false},"excerpt":{"rendered":"<p>La calle Maip\u00fa, una de las arterias m\u00e1s transitadas del centro de la ciudad, vivi\u00f3 un operativo que<\/p>\n","protected":false},"author":5,"featured_media":4924,"comment_status":"open","ping_status":"open","sticky":false,"template":"","format":"standard","meta":{"_crdt_document":"","_uag_custom_page_level_css":"","_sitemap_exclude":false,"_sitemap_priority":"","_sitemap_frequency":"","_joinchat":[],"footnotes":""},"categories":[14],"tags":[],"class_list":["post-4921","post","type-post","status-publish","format-standard","has-post-thumbnail","hentry","category-nacional"],"featured_image_urls":{"full":["https:\/\/www.koncevisiontv.cl\/web\/wp-content\/uploads\/2025\/01\/operativo-contra-el-comercio-ilegal-en-concepcion.png",1912,1068,false],"thumbnail":["https:\/\/www.koncevisiontv.cl\/web\/wp-content\/uploads\/2025\/01\/operativo-contra-el-comercio-ilegal-en-concepcion-150x150.png",150,150,true],"medium":["https:\/\/www.koncevisiontv.cl\/web\/wp-content\/uploads\/2025\/01\/operativo-contra-el-comercio-ilegal-en-concepcion-300x168.png",300,168,true],"medium_large":["https:\/\/www.koncevisiontv.cl\/web\/wp-content\/uploads\/2025\/01\/operativo-contra-el-comercio-ilegal-en-concepcion-768x429.png",640,358,true],"large":["https:\/\/www.koncevisiontv.cl\/web\/wp-content\/uploads\/2025\/01\/operativo-contra-el-comercio-ilegal-en-concepcion-1024x572.png",640,358,true],"1536x1536":["https:\/\/www.koncevisiontv.cl\/web\/wp-content\/uploads\/2025\/01\/operativo-contra-el-comercio-ilegal-en-concepcion-1536x858.png",1536,858,true],"2048x2048":["https:\/\/www.koncevisiontv.cl\/web\/wp-content\/uploads\/2025\/01\/operativo-contra-el-comercio-ilegal-en-concepcion.png",1912,1068,false],"darknews-featured":["https:\/\/www.koncevisiontv.cl\/web\/wp-content\/uploads\/2025\/01\/operativo-contra-el-comercio-ilegal-en-concepcion-1024x572.png",1024,572,true],"darknews-large":["https:\/\/www.koncevisiontv.cl\/web\/wp-content\/uploads\/2025\/01\/operativo-contra-el-comercio-ilegal-en-concepcion-825x575.png",825,575,true],"darknews-medium":["https:\/\/www.koncevisiontv.cl\/web\/wp-content\/uploads\/2025\/01\/operativo-contra-el-comercio-ilegal-en-concepcion-590x410.png",590,410,true]},"author_info":{"info":["Web-Master"]},"category_info":"<a href=\"https:\/\/www.koncevisiontv.cl\/web\/category\/nacional\/\" rel=\"category tag\">Nacional<\/a>","tag_info":"Nacional","comment_count":"0","uagb_featured_image_src":{"full":["https:\/\/www.koncevisiontv.cl\/web\/wp-content\/uploads\/2025\/01\/operativo-contra-el-comercio-ilegal-en-concepcion.png",1912,1068,false],"thumbnail":["https:\/\/www.koncevisiontv.cl\/web\/wp-content\/uploads\/2025\/01\/operativo-contra-el-comercio-ilegal-en-concepcion-150x150.png",150,150,true],"medium":["https:\/\/www.koncevisiontv.cl\/web\/wp-content\/uploads\/2025\/01\/operativo-contra-el-comercio-ilegal-en-concepcion-300x168.png",300,168,true],"medium_large":["https:\/\/www.koncevisiontv.cl\/web\/wp-content\/uploads\/2025\/01\/operativo-contra-el-comercio-ilegal-en-concepcion-768x429.png",640,358,true],"large":["https:\/\/www.koncevisiontv.cl\/web\/wp-content\/uploads\/2025\/01\/operativo-contra-el-comercio-ilegal-en-concepcion-1024x572.png",640,358,true],"1536x1536":["https:\/\/www.koncevisiontv.cl\/web\/wp-content\/uploads\/2025\/01\/operativo-contra-el-comercio-ilegal-en-concepcion-1536x858.png",1536,858,true],"2048x2048":["https:\/\/www.koncevisiontv.cl\/web\/wp-content\/uploads\/2025\/01\/operativo-contra-el-comercio-ilegal-en-concepcion.png",1912,1068,false],"darknews-featured":["https:\/\/www.koncevisiontv.cl\/web\/wp-content\/uploads\/2025\/01\/operativo-contra-el-comercio-ilegal-en-concepcion-1024x572.png",1024,572,true],"darknews-large":["https:\/\/www.koncevisiontv.cl\/web\/wp-content\/uploads\/2025\/01\/operativo-contra-el-comercio-ilegal-en-concepcion-825x575.png",825,575,true],"darknews-medium":["https:\/\/www.koncevisiontv.cl\/web\/wp-content\/uploads\/2025\/01\/operativo-contra-el-comercio-ilegal-en-concepcion-590x410.png",590,410,true]},"uagb_author_info":{"display_name":"Web-Master","author_link":"https:\/\/www.koncevisiontv.cl\/web\/author\/koncevision\/"},"uagb_comment_info":0,"uagb_excerpt":"La calle Maip\u00fa, una de las arterias m\u00e1s transitadas del centro de la ciudad, vivi\u00f3 un operativo que","_links":{"self":[{"href":"https:\/\/www.koncevisiontv.cl\/web\/wp-json\/wp\/v2\/posts\/4921","targetHints":{"allow":["GET"]}}],"collection":[{"href":"https:\/\/www.koncevisiontv.cl\/web\/wp-json\/wp\/v2\/posts"}],"about":[{"href":"https:\/\/www.koncevisiontv.cl\/web\/wp-json\/wp\/v2\/types\/post"}],"author":[{"embeddable":true,"href":"https:\/\/www.koncevisiontv.cl\/web\/wp-json\/wp\/v2\/users\/5"}],"replies":[{"embeddable":true,"href":"https:\/\/www.koncevisiontv.cl\/web\/wp-json\/wp\/v2\/comments?post=4921"}],"version-history":[{"count":3,"href":"https:\/\/www.koncevisiontv.cl\/web\/wp-json\/wp\/v2\/posts\/4921\/revisions"}],"predecessor-version":[{"id":4927,"href":"https:\/\/www.koncevisiontv.cl\/web\/wp-json\/wp\/v2\/posts\/4921\/revisions\/4927"}],"wp:featuredmedia":[{"embeddable":true,"href":"https:\/\/www.koncevisiontv.cl\/web\/wp-json\/wp\/v2\/media\/4924"}],"wp:attachment":[{"href":"https:\/\/www.koncevisiontv.cl\/web\/wp-json\/wp\/v2\/media?parent=4921"}],"wp:term":[{"taxonomy":"category","embeddable":true,"href":"https:\/\/www.koncevisiontv.cl\/web\/wp-json\/wp\/v2\/categories?post=4921"},{"taxonomy":"post_tag","embeddable":true,"href":"https:\/\/www.koncevisiontv.cl\/web\/wp-json\/wp\/v2\/tags?post=4921"}],"curies":[{"name":"wp","href":"https:\/\/api.w.org\/{rel}","templated":true}]}}