{"id":4928,"date":"2025-01-14T16:34:35","date_gmt":"2025-01-14T19:34:35","guid":{"rendered":"https:\/\/www.koncevisiontv.cl\/web\/?p=4928"},"modified":"2025-01-14T16:34:38","modified_gmt":"2025-01-14T19:34:38","slug":"juegos-de-agua-en-parque-ecuador","status":"publish","type":"post","link":"https:\/\/www.koncevisiontv.cl\/web\/juegos-de-agua-en-parque-ecuador\/","title":{"rendered":"Reapertura de Juegos de Agua en Parque Ecuador: Nueva Fecha Confirmada"},"content":{"rendered":"\n<h3 class=\"wp-block-heading\">\ud83d\udca6 <strong>\u00a1Los Juegos de Agua en Parque Ecuador Vuelven el 23 de Enero!<\/strong> \ud83c\udf1e<\/h3>\n\n\n\n<p class=\"wp-block-paragraph\"><strong>Despu\u00e9s de una espera que dej\u00f3 a las familias penquistas con ganas de refrescarse, los ic\u00f3nicos juegos de agua del Parque Ecuador ya tienen fecha de reapertura: \u00a1el pr\u00f3ximo 23 de enero!<\/strong><\/p>\n\n\n\n<hr class=\"wp-block-separator has-alpha-channel-opacity\"\/>\n\n\n\n<h3 class=\"wp-block-heading\">\ud83d\udea8 <strong>\u00bfPor qu\u00e9 se suspendi\u00f3 su uso?<\/strong><\/h3>\n\n\n\n<p class=\"wp-block-paragraph\">El cierre temporal de los juegos de agua se debi\u00f3 a un problema t\u00e9cnico inesperado. Seg\u00fan el informe de la <strong>Subdirecci\u00f3n de Construcciones<\/strong>, el cambio de voltaje en el sector afect\u00f3 tanto la <strong>bomba de impulsi\u00f3n<\/strong> como el <strong>tablero el\u00e9ctrico<\/strong>, haciendo necesario tomar medidas inmediatas.<\/p>\n\n\n\n<p class=\"wp-block-paragraph\">\ud83d\udde3\ufe0f <strong>El alcalde H\u00e9ctor Mu\u00f1oz<\/strong> asegur\u00f3 que:<\/p>\n\n\n\n<blockquote class=\"wp-block-quote is-layout-flow wp-block-quote-is-layout-flow\">\n<p class=\"wp-block-paragraph\"><em>\u201cLa seguridad de los ni\u00f1os para nosotros es lo m\u00e1s importante, por eso decidimos suspender el uso hasta resolver completamente el problema.\u201d<\/em><\/p>\n<\/blockquote>\n\n\n\n<hr class=\"wp-block-separator has-alpha-channel-opacity\"\/>\n\n\n\n<h3 class=\"wp-block-heading\">\ud83d\udd27 <strong>\u00bfQu\u00e9 medidas se tomaron?<\/strong><\/h3>\n\n\n\n<p class=\"wp-block-paragraph\">Para garantizar que los juegos de agua est\u00e9n en \u00f3ptimas condiciones para su reapertura, la Municipalidad de Concepci\u00f3n implement\u00f3 estas acciones:<\/p>\n\n\n\n<p class=\"wp-block-paragraph\">\u2705 <strong>Compra de una nueva bomba de impulsi\u00f3n<\/strong>, que reemplazar\u00e1 la anterior.<br>\u2705 <strong>Denuncia formal a CGE<\/strong> por las irregularidades de voltaje que provocaron las fallas t\u00e9cnicas.<br>\u2705 Supervisi\u00f3n constante para evitar futuros problemas y mantener la seguridad en el funcionamiento.<\/p>\n\n\n\n<hr class=\"wp-block-separator has-alpha-channel-opacity\"\/>\n\n\n\n<h3 class=\"wp-block-heading\">\ud83c\udfde\ufe0f <strong>\u00bfPor qu\u00e9 los Juegos de Agua son tan importantes?<\/strong><\/h3>\n\n\n\n<p class=\"wp-block-paragraph\">El <strong>Parque Ecuador<\/strong> es un punto de encuentro emblem\u00e1tico para las familias de Concepci\u00f3n, y los juegos de agua son especialmente populares en los d\u00edas de calor.<\/p>\n\n\n\n<p class=\"wp-block-paragraph\">\ud83c\udf1f <strong>Beneficios de esta atracci\u00f3n:<\/strong><\/p>\n\n\n\n<ul class=\"wp-block-list\">\n<li>\ud83c\udf21\ufe0f <em>Un respiro ante las altas temperaturas.<\/em><\/li>\n\n\n\n<li>\ud83e\uddd2 <em>Diversi\u00f3n segura para ni\u00f1os y ni\u00f1as.<\/em><\/li>\n\n\n\n<li>\ud83d\udeb6\u200d\u2640\ufe0f <em>Un espacio perfecto para que las familias disfruten al aire libre.<\/em><\/li>\n<\/ul>\n\n\n\n<p class=\"wp-block-paragraph\">Con la reapertura, estos juegos seguir\u00e1n siendo un espacio de alegr\u00eda y entretenimiento para la comunidad.<\/p>\n\n\n\n<hr class=\"wp-block-separator has-alpha-channel-opacity\"\/>\n\n\n\n<h3 class=\"wp-block-heading\">\ud83d\udcc5 <strong>\u00bfCu\u00e1ndo vuelven a estar disponibles?<\/strong><\/h3>\n\n\n\n<p class=\"wp-block-paragraph\">\ud83d\udccd <strong>Fecha confirmada:<\/strong> <strong>23 de enero de 2025.<\/strong><br>Ese d\u00eda, las familias podr\u00e1n disfrutar nuevamente de esta instalaci\u00f3n que ha sido renovada para garantizar su seguridad y funcionalidad.<\/p>\n\n\n\n<hr class=\"wp-block-separator has-alpha-channel-opacity\"\/>\n\n\n\n<h3 class=\"wp-block-heading\">\ud83c\udf1f <strong>Lo que dice la comunidad<\/strong><\/h3>\n\n\n\n<p class=\"wp-block-paragraph\">\ud83d\udcac Vecinos y visitantes del Parque Ecuador han manifestado su entusiasmo por la reapertura:<\/p>\n\n\n\n<ul class=\"wp-block-list\">\n<li><em>\u201cEs un lugar que todos esperamos durante el verano, \u00a1qu\u00e9 bueno que vuelva pronto!\u201d<\/em><\/li>\n\n\n\n<li><em>\u201cMis hijos est\u00e1n ansiosos por jugar en el agua nuevamente. \u00a1Esperamos que ahora todo funcione bien!\u201d<\/em><\/li>\n<\/ul>\n\n\n\n<p class=\"wp-block-paragraph\">Sin embargo, algunos tambi\u00e9n han pedido que se implementen planes a largo plazo para evitar cierres inesperados en el futuro.<\/p>\n\n\n\n<hr class=\"wp-block-separator has-alpha-channel-opacity\"\/>\n\n\n\n<h3 class=\"wp-block-heading\">\ud83d\udc68\u200d\ud83d\udc69\u200d\ud83d\udc67 <strong>Planea tu visita al Parque Ecuador<\/strong><\/h3>\n\n\n\n<p class=\"wp-block-paragraph\">\ud83d\uddd3\ufe0f <strong>\u00bfQu\u00e9 esperar el 23 de enero?<\/strong><br>La reapertura ser\u00e1 un d\u00eda de alegr\u00eda para las familias penquistas, con los juegos de agua nuevamente en funcionamiento y listos para refrescar a grandes y chicos.<\/p>\n","protected":false},"excerpt":{"rendered":"<p>\ud83d\udca6 \u00a1Los Juegos de Agua en Parque Ecuador Vuelven el 23 de Enero! \ud83c\udf1e Despu\u00e9s de una espera<\/p>\n","protected":false},"author":5,"featured_media":4305,"comment_status":"open","ping_status":"open","sticky":false,"template":"","format":"standard","meta":{"_crdt_document":"","_uag_custom_page_level_css":"","_sitemap_exclude":false,"_sitemap_priority":"","_sitemap_frequency":"","_joinchat":[],"footnotes":""},"categories":[14],"tags":[],"class_list":["post-4928","post","type-post","status-publish","format-standard","has-post-thumbnail","hentry","category-nacional"],"featured_image_urls":{"full":["https:\/\/www.koncevisiontv.cl\/web\/wp-content\/uploads\/2024\/12\/juegos-de-agua-Parque-Ecuador-Concepcion-verano-2024.jpg",850,400,false],"thumbnail":["https:\/\/www.koncevisiontv.cl\/web\/wp-content\/uploads\/2024\/12\/juegos-de-agua-Parque-Ecuador-Concepcion-verano-2024-150x150.jpg",150,150,true],"medium":["https:\/\/www.koncevisiontv.cl\/web\/wp-content\/uploads\/2024\/12\/juegos-de-agua-Parque-Ecuador-Concepcion-verano-2024-300x141.jpg",300,141,true],"medium_large":["https:\/\/www.koncevisiontv.cl\/web\/wp-content\/uploads\/2024\/12\/juegos-de-agua-Parque-Ecuador-Concepcion-verano-2024-768x361.jpg",640,301,true],"large":["https:\/\/www.koncevisiontv.cl\/web\/wp-content\/uploads\/2024\/12\/juegos-de-agua-Parque-Ecuador-Concepcion-verano-2024.jpg",640,301,false],"1536x1536":["https:\/\/www.koncevisiontv.cl\/web\/wp-content\/uploads\/2024\/12\/juegos-de-agua-Parque-Ecuador-Concepcion-verano-2024.jpg",850,400,false],"2048x2048":["https:\/\/www.koncevisiontv.cl\/web\/wp-content\/uploads\/2024\/12\/juegos-de-agua-Parque-Ecuador-Concepcion-verano-2024.jpg",850,400,false],"darknews-featured":["https:\/\/www.koncevisiontv.cl\/web\/wp-content\/uploads\/2024\/12\/juegos-de-agua-Parque-Ecuador-Concepcion-verano-2024.jpg",850,400,false],"darknews-large":["https:\/\/www.koncevisiontv.cl\/web\/wp-content\/uploads\/2024\/12\/juegos-de-agua-Parque-Ecuador-Concepcion-verano-2024-825x400.jpg",825,400,true],"darknews-medium":["https:\/\/www.koncevisiontv.cl\/web\/wp-content\/uploads\/2024\/12\/juegos-de-agua-Parque-Ecuador-Concepcion-verano-2024-590x400.jpg",590,400,true]},"author_info":{"info":["Web-Master"]},"category_info":"<a href=\"https:\/\/www.koncevisiontv.cl\/web\/category\/nacional\/\" rel=\"category tag\">Nacional<\/a>","tag_info":"Nacional","comment_count":"0","uagb_featured_image_src":{"full":["https:\/\/www.koncevisiontv.cl\/web\/wp-content\/uploads\/2024\/12\/juegos-de-agua-Parque-Ecuador-Concepcion-verano-2024.jpg",850,400,false],"thumbnail":["https:\/\/www.koncevisiontv.cl\/web\/wp-content\/uploads\/2024\/12\/juegos-de-agua-Parque-Ecuador-Concepcion-verano-2024-150x150.jpg",150,150,true],"medium":["https:\/\/www.koncevisiontv.cl\/web\/wp-content\/uploads\/2024\/12\/juegos-de-agua-Parque-Ecuador-Concepcion-verano-2024-300x141.jpg",300,141,true],"medium_large":["https:\/\/www.koncevisiontv.cl\/web\/wp-content\/uploads\/2024\/12\/juegos-de-agua-Parque-Ecuador-Concepcion-verano-2024-768x361.jpg",640,301,true],"large":["https:\/\/www.koncevisiontv.cl\/web\/wp-content\/uploads\/2024\/12\/juegos-de-agua-Parque-Ecuador-Concepcion-verano-2024.jpg",640,301,false],"1536x1536":["https:\/\/www.koncevisiontv.cl\/web\/wp-content\/uploads\/2024\/12\/juegos-de-agua-Parque-Ecuador-Concepcion-verano-2024.jpg",850,400,false],"2048x2048":["https:\/\/www.koncevisiontv.cl\/web\/wp-content\/uploads\/2024\/12\/juegos-de-agua-Parque-Ecuador-Concepcion-verano-2024.jpg",850,400,false],"darknews-featured":["https:\/\/www.koncevisiontv.cl\/web\/wp-content\/uploads\/2024\/12\/juegos-de-agua-Parque-Ecuador-Concepcion-verano-2024.jpg",850,400,false],"darknews-large":["https:\/\/www.koncevisiontv.cl\/web\/wp-content\/uploads\/2024\/12\/juegos-de-agua-Parque-Ecuador-Concepcion-verano-2024-825x400.jpg",825,400,true],"darknews-medium":["https:\/\/www.koncevisiontv.cl\/web\/wp-content\/uploads\/2024\/12\/juegos-de-agua-Parque-Ecuador-Concepcion-verano-2024-590x400.jpg",590,400,true]},"uagb_author_info":{"display_name":"Web-Master","author_link":"https:\/\/www.koncevisiontv.cl\/web\/author\/koncevision\/"},"uagb_comment_info":2,"uagb_excerpt":"\ud83d\udca6 \u00a1Los Juegos de Agua en Parque Ecuador Vuelven el 23 de Enero! \ud83c\udf1e Despu\u00e9s de una espera","_links":{"self":[{"href":"https:\/\/www.koncevisiontv.cl\/web\/wp-json\/wp\/v2\/posts\/4928","targetHints":{"allow":["GET"]}}],"collection":[{"href":"https:\/\/www.koncevisiontv.cl\/web\/wp-json\/wp\/v2\/posts"}],"about":[{"href":"https:\/\/www.koncevisiontv.cl\/web\/wp-json\/wp\/v2\/types\/post"}],"author":[{"embeddable":true,"href":"https:\/\/www.koncevisiontv.cl\/web\/wp-json\/wp\/v2\/users\/5"}],"replies":[{"embeddable":true,"href":"https:\/\/www.koncevisiontv.cl\/web\/wp-json\/wp\/v2\/comments?post=4928"}],"version-history":[{"count":1,"href":"https:\/\/www.koncevisiontv.cl\/web\/wp-json\/wp\/v2\/posts\/4928\/revisions"}],"predecessor-version":[{"id":4929,"href":"https:\/\/www.koncevisiontv.cl\/web\/wp-json\/wp\/v2\/posts\/4928\/revisions\/4929"}],"wp:featuredmedia":[{"embeddable":true,"href":"https:\/\/www.koncevisiontv.cl\/web\/wp-json\/wp\/v2\/media\/4305"}],"wp:attachment":[{"href":"https:\/\/www.koncevisiontv.cl\/web\/wp-json\/wp\/v2\/media?parent=4928"}],"wp:term":[{"taxonomy":"category","embeddable":true,"href":"https:\/\/www.koncevisiontv.cl\/web\/wp-json\/wp\/v2\/categories?post=4928"},{"taxonomy":"post_tag","embeddable":true,"href":"https:\/\/www.koncevisiontv.cl\/web\/wp-json\/wp\/v2\/tags?post=4928"}],"curies":[{"name":"wp","href":"https:\/\/api.w.org\/{rel}","templated":true}]}}