{"id":4930,"date":"2025-01-14T16:56:51","date_gmt":"2025-01-14T19:56:51","guid":{"rendered":"https:\/\/www.koncevisiontv.cl\/web\/?p=4930"},"modified":"2025-01-14T18:13:57","modified_gmt":"2025-01-14T21:13:57","slug":"accidente-en-ruta-5-norte","status":"publish","type":"post","link":"https:\/\/www.koncevisiontv.cl\/web\/accidente-en-ruta-5-norte\/","title":{"rendered":"Fatal Accidente en Ruta 5 Norte"},"content":{"rendered":"\n<h3 class=\"wp-block-heading\">\ud83d\uded1 <strong>Fatal Accidente en Ruta 5 Norte Cerca de Taltal: 2 Muertos y M\u00e1s de 40 Heridos<\/strong> \ud83d\ude91<\/h3>\n\n\n\n<p class=\"wp-block-paragraph\">Un tr\u00e1gico accidente sacudi\u00f3 la tarde de este martes en la <strong>Ruta 5 Norte<\/strong>, a la altura del kil\u00f3metro 1.116, en la <strong>Regi\u00f3n de Antofagasta<\/strong>, dejando un saldo de al menos <strong>dos personas fallecidas<\/strong> y <strong>m\u00e1s de 40 heridas<\/strong>, tras el volcamiento de un bus interurbano.<\/p>\n\n\n\n<h3 class=\"wp-block-heading\">\ud83d\udea8 <strong>Detalles del Accidente<\/strong><\/h3>\n\n\n\n<p class=\"wp-block-paragraph\">\ud83d\udccd <strong>Lugar:<\/strong> Localidad de <strong>Taltal<\/strong>, en la Ruta 5 Norte.<br>\ud83d\udd52 <strong>Hora:<\/strong> Pleno horario de la tarde.<br>\ud83d\ude8d <strong>Veh\u00edculo involucrado:<\/strong> Un bus interurbano que, por razones a\u00fan bajo investigaci\u00f3n, <strong>se sali\u00f3 de la ruta<\/strong> y termin\u00f3 volcado.<\/p>\n\n\n\n<figure class=\"wp-block-embed is-type-rich is-provider-twitter wp-block-embed-twitter\"><div class=\"wp-block-embed__wrapper\">\n<blockquote class=\"twitter-tweet\" data-width=\"550\" data-dnt=\"true\"><p lang=\"es\" dir=\"ltr\">\ud83d\udd34\u00daltimo Minuto<br>Grave accidente se registra en el Km 1116 altura Taltal en ls Regi\u00f3n de Antofagasta, en estos momentos equipos de emergencia concurren al lugar, se informa de varios lesionados atrapados debido al volcamiento de Bus Interurbano <a href=\"https:\/\/twitter.com\/biobio?ref_src=twsrc%5Etfw\" target=\"_blank\" rel=\"noopener\">@biobio<\/a> <a href=\"https:\/\/twitter.com\/chile_accidente?ref_src=twsrc%5Etfw\" target=\"_blank\" rel=\"noopener\">@chile_accidente<\/a> <a href=\"https:\/\/twitter.com\/ruta5chile?ref_src=twsrc%5Etfw\" target=\"_blank\" rel=\"noopener\">@ruta5chile<\/a> <a href=\"https:\/\/t.co\/HHzmQvT5A2\">pic.twitter.com\/HHzmQvT5A2<\/a><\/p>&mdash; IEC-180 CONTROL STGO (@fdo2000) <a href=\"https:\/\/twitter.com\/fdo2000\/status\/1879238235857330391?ref_src=twsrc%5Etfw\" target=\"_blank\" rel=\"noopener\">January 14, 2025<\/a><\/blockquote><script async src=\"https:\/\/platform.twitter.com\/widgets.js\" charset=\"utf-8\"><\/script>\n<\/div><\/figure>\n\n\n\n<h3 class=\"wp-block-heading\"><strong>Equipos de Emergencia al Rescate<\/strong><\/h3>\n\n\n\n<p class=\"wp-block-paragraph\">Ante la magnitud del siniestro, se desplegaron r\u00e1pidamente equipos de emergencia para atender la situaci\u00f3n:<\/p>\n\n\n\n<ul class=\"wp-block-list\">\n<li><strong>Carabineros, Bomberos y SAMU<\/strong> acudieron para asistir a los heridos.<\/li>\n\n\n\n<li><strong>Ambulancias de Minera Las Cenizas y del Parque E\u00f3lico<\/strong> tambi\u00e9n prestaron apoyo en el lugar.<\/li>\n\n\n\n<li>Seg\u00fan el <strong>Servicio Nacional de Prevenci\u00f3n y Respuesta ante Desastres (Senapred)<\/strong>, <strong>cuatro personas permanecen atrapadas<\/strong> dentro del veh\u00edculo.<\/li>\n<\/ul>\n\n\n\n<p class=\"wp-block-paragraph\">\ud83d\udcac <em>\u201cLa prioridad es rescatar a las personas atrapadas y trasladar a los heridos m\u00e1s graves a centros asistenciales cercanos,\u201d<\/em> inform\u00f3 un portavoz de los equipos de emergencia.<\/p>\n\n\n\n<h3 class=\"wp-block-heading\">\ud83d\udd0d <strong>\u00bfQu\u00e9 se sabe hasta ahora?<\/strong><\/h3>\n\n\n\n<p class=\"wp-block-paragraph\">El bus, que transportaba a decenas de pasajeros, sufri\u00f3 un volcamiento que provoc\u00f3 graves da\u00f1os y lesiones a la mayor\u00eda de los ocupantes.<\/p>\n\n\n\n<ul class=\"wp-block-list\">\n<li><strong>Fallecidos:<\/strong> Al menos <strong>2 personas<\/strong>.<\/li>\n\n\n\n<li><strong>Heridos:<\/strong> M\u00e1s de <strong>40 pasajeros<\/strong>, algunos de ellos con lesiones de gravedad.<\/li>\n\n\n\n<li><strong>Personas atrapadas:<\/strong> 4 pasajeros siguen dentro del bus, seg\u00fan Senapred.<\/li>\n<\/ul>\n\n\n\n<p class=\"wp-block-paragraph\">Las causas del accidente est\u00e1n siendo investigadas, pero se presume que factores como la <strong>velocidad<\/strong> o posibles <strong>fallas mec\u00e1nicas<\/strong> pudieron influir en el siniestro.<\/p>\n\n\n\n<h3 class=\"wp-block-heading\">\ud83d\uded1 <strong>Impacto y Reacciones<\/strong><\/h3>\n\n\n\n<p class=\"wp-block-paragraph\">El accidente ha generado conmoci\u00f3n entre los habitantes de la zona y preocupaci\u00f3n por las condiciones de seguridad en las carreteras del norte del pa\u00eds.<\/p>\n\n\n\n<p class=\"wp-block-paragraph\">\ud83d\udde3\ufe0f Un testigo del lugar se\u00f1al\u00f3:<\/p>\n\n\n\n<blockquote class=\"wp-block-quote is-layout-flow wp-block-quote-is-layout-flow\">\n<p class=\"wp-block-paragraph\"><em>&#8220;Fue una escena aterradora. Se escuchaban gritos y las ambulancias no paraban de llegar.&#8221;<\/em><\/p>\n<\/blockquote>\n\n\n\n<p class=\"wp-block-paragraph\">Las autoridades locales han instado a extremar las precauciones en la <strong>Ruta 5 Norte<\/strong>, especialmente en tramos que suelen ser peligrosos debido a curvas cerradas y condiciones clim\u00e1ticas adversas.<\/p>\n\n\n\n<h3 class=\"wp-block-heading\">\ud83d\udcc5 <strong>Pr\u00f3ximos Pasos<\/strong><\/h3>\n\n\n\n<ul class=\"wp-block-list\">\n<li><strong>Labores de rescate:<\/strong> Equipos de emergencia trabajan contrarreloj para liberar a las personas atrapadas en el bus.<\/li>\n\n\n\n<li><strong>Investigaci\u00f3n:<\/strong> Peritos de Carabineros eval\u00faan el lugar para determinar las causas del accidente.<\/li>\n\n\n\n<li><strong>Atenci\u00f3n m\u00e9dica:<\/strong> Los heridos est\u00e1n siendo trasladados a hospitales cercanos para recibir atenci\u00f3n especializada.<\/li>\n<\/ul>\n\n\n\n<p class=\"wp-block-paragraph\"><\/p>\n","protected":false},"excerpt":{"rendered":"<p>\ud83d\uded1 Fatal Accidente en Ruta 5 Norte Cerca de Taltal: 2 Muertos y M\u00e1s de 40 Heridos \ud83d\ude91<\/p>\n","protected":false},"author":5,"featured_media":4932,"comment_status":"open","ping_status":"open","sticky":false,"template":"","format":"standard","meta":{"_crdt_document":"","_uag_custom_page_level_css":"","_sitemap_exclude":false,"_sitemap_priority":"","_sitemap_frequency":"","_joinchat":[],"footnotes":""},"categories":[14],"tags":[],"class_list":["post-4930","post","type-post","status-publish","format-standard","has-post-thumbnail","hentry","category-nacional"],"featured_image_urls":{"full":["https:\/\/www.koncevisiontv.cl\/web\/wp-content\/uploads\/2025\/01\/accidente-en-Ruta-5-Norte.jpg",720,430,false],"thumbnail":["https:\/\/www.koncevisiontv.cl\/web\/wp-content\/uploads\/2025\/01\/accidente-en-Ruta-5-Norte-150x150.jpg",150,150,true],"medium":["https:\/\/www.koncevisiontv.cl\/web\/wp-content\/uploads\/2025\/01\/accidente-en-Ruta-5-Norte-300x179.jpg",300,179,true],"medium_large":["https:\/\/www.koncevisiontv.cl\/web\/wp-content\/uploads\/2025\/01\/accidente-en-Ruta-5-Norte.jpg",640,382,false],"large":["https:\/\/www.koncevisiontv.cl\/web\/wp-content\/uploads\/2025\/01\/accidente-en-Ruta-5-Norte.jpg",640,382,false],"1536x1536":["https:\/\/www.koncevisiontv.cl\/web\/wp-content\/uploads\/2025\/01\/accidente-en-Ruta-5-Norte.jpg",720,430,false],"2048x2048":["https:\/\/www.koncevisiontv.cl\/web\/wp-content\/uploads\/2025\/01\/accidente-en-Ruta-5-Norte.jpg",720,430,false],"darknews-featured":["https:\/\/www.koncevisiontv.cl\/web\/wp-content\/uploads\/2025\/01\/accidente-en-Ruta-5-Norte.jpg",720,430,false],"darknews-large":["https:\/\/www.koncevisiontv.cl\/web\/wp-content\/uploads\/2025\/01\/accidente-en-Ruta-5-Norte.jpg",720,430,false],"darknews-medium":["https:\/\/www.koncevisiontv.cl\/web\/wp-content\/uploads\/2025\/01\/accidente-en-Ruta-5-Norte-590x410.jpg",590,410,true]},"author_info":{"info":["Web-Master"]},"category_info":"<a href=\"https:\/\/www.koncevisiontv.cl\/web\/category\/nacional\/\" rel=\"category tag\">Nacional<\/a>","tag_info":"Nacional","comment_count":"0","uagb_featured_image_src":{"full":["https:\/\/www.koncevisiontv.cl\/web\/wp-content\/uploads\/2025\/01\/accidente-en-Ruta-5-Norte.jpg",720,430,false],"thumbnail":["https:\/\/www.koncevisiontv.cl\/web\/wp-content\/uploads\/2025\/01\/accidente-en-Ruta-5-Norte-150x150.jpg",150,150,true],"medium":["https:\/\/www.koncevisiontv.cl\/web\/wp-content\/uploads\/2025\/01\/accidente-en-Ruta-5-Norte-300x179.jpg",300,179,true],"medium_large":["https:\/\/www.koncevisiontv.cl\/web\/wp-content\/uploads\/2025\/01\/accidente-en-Ruta-5-Norte.jpg",640,382,false],"large":["https:\/\/www.koncevisiontv.cl\/web\/wp-content\/uploads\/2025\/01\/accidente-en-Ruta-5-Norte.jpg",640,382,false],"1536x1536":["https:\/\/www.koncevisiontv.cl\/web\/wp-content\/uploads\/2025\/01\/accidente-en-Ruta-5-Norte.jpg",720,430,false],"2048x2048":["https:\/\/www.koncevisiontv.cl\/web\/wp-content\/uploads\/2025\/01\/accidente-en-Ruta-5-Norte.jpg",720,430,false],"darknews-featured":["https:\/\/www.koncevisiontv.cl\/web\/wp-content\/uploads\/2025\/01\/accidente-en-Ruta-5-Norte.jpg",720,430,false],"darknews-large":["https:\/\/www.koncevisiontv.cl\/web\/wp-content\/uploads\/2025\/01\/accidente-en-Ruta-5-Norte.jpg",720,430,false],"darknews-medium":["https:\/\/www.koncevisiontv.cl\/web\/wp-content\/uploads\/2025\/01\/accidente-en-Ruta-5-Norte-590x410.jpg",590,410,true]},"uagb_author_info":{"display_name":"Web-Master","author_link":"https:\/\/www.koncevisiontv.cl\/web\/author\/koncevision\/"},"uagb_comment_info":0,"uagb_excerpt":"\ud83d\uded1 Fatal Accidente en Ruta 5 Norte Cerca de Taltal: 2 Muertos y M\u00e1s de 40 Heridos \ud83d\ude91","_links":{"self":[{"href":"https:\/\/www.koncevisiontv.cl\/web\/wp-json\/wp\/v2\/posts\/4930","targetHints":{"allow":["GET"]}}],"collection":[{"href":"https:\/\/www.koncevisiontv.cl\/web\/wp-json\/wp\/v2\/posts"}],"about":[{"href":"https:\/\/www.koncevisiontv.cl\/web\/wp-json\/wp\/v2\/types\/post"}],"author":[{"embeddable":true,"href":"https:\/\/www.koncevisiontv.cl\/web\/wp-json\/wp\/v2\/users\/5"}],"replies":[{"embeddable":true,"href":"https:\/\/www.koncevisiontv.cl\/web\/wp-json\/wp\/v2\/comments?post=4930"}],"version-history":[{"count":2,"href":"https:\/\/www.koncevisiontv.cl\/web\/wp-json\/wp\/v2\/posts\/4930\/revisions"}],"predecessor-version":[{"id":4938,"href":"https:\/\/www.koncevisiontv.cl\/web\/wp-json\/wp\/v2\/posts\/4930\/revisions\/4938"}],"wp:featuredmedia":[{"embeddable":true,"href":"https:\/\/www.koncevisiontv.cl\/web\/wp-json\/wp\/v2\/media\/4932"}],"wp:attachment":[{"href":"https:\/\/www.koncevisiontv.cl\/web\/wp-json\/wp\/v2\/media?parent=4930"}],"wp:term":[{"taxonomy":"category","embeddable":true,"href":"https:\/\/www.koncevisiontv.cl\/web\/wp-json\/wp\/v2\/categories?post=4930"},{"taxonomy":"post_tag","embeddable":true,"href":"https:\/\/www.koncevisiontv.cl\/web\/wp-json\/wp\/v2\/tags?post=4930"}],"curies":[{"name":"wp","href":"https:\/\/api.w.org\/{rel}","templated":true}]}}