{"id":4935,"date":"2025-01-14T18:06:07","date_gmt":"2025-01-14T21:06:07","guid":{"rendered":"https:\/\/www.koncevisiontv.cl\/web\/?p=4935"},"modified":"2025-01-14T18:06:10","modified_gmt":"2025-01-14T21:06:10","slug":"funcionario-de-la-armada-herido-de-bala-en-valparaiso","status":"publish","type":"post","link":"https:\/\/www.koncevisiontv.cl\/web\/funcionario-de-la-armada-herido-de-bala-en-valparaiso\/","title":{"rendered":"Funcionario de la Armada herido de bala en Valpara\u00edso"},"content":{"rendered":"\n<h3 class=\"wp-block-heading\">\ud83d\udea8 <strong>Funcionario de la Armada herido de bala en Valpara\u00edso<\/strong><\/h3>\n\n\n\n<p class=\"wp-block-paragraph\">Un grave incidente sacudi\u00f3 este martes por la tarde a la <strong>Armada de Chile<\/strong>. Un funcionario naval fue encontrado con una herida de bala en la cabeza mientras realizaba labores de guardia en el <strong>Molo de Abrigo<\/strong>, ubicado en <strong>Valpara\u00edso<\/strong>.<\/p>\n\n\n\n<h3 class=\"wp-block-heading\">\ud83d\udd0e <strong>\u00bfQu\u00e9 ocurri\u00f3?<\/strong><\/h3>\n\n\n\n<p class=\"wp-block-paragraph\">Seg\u00fan un comunicado oficial de la Armada, el afectado pertenece a una <strong>unidad de la Escuadra Nacional<\/strong> y se encontraba cumpliendo tareas de guardia cuando ocurri\u00f3 el tr\u00e1gico incidente.<\/p>\n\n\n\n<p class=\"wp-block-paragraph\">El funcionario fue hallado con <strong>heridas de gravedad<\/strong>, y aunque la instituci\u00f3n no ha detallado las circunstancias del suceso, confirm\u00f3 que el caso est\u00e1 siendo investigado por las autoridades competentes para esclarecer los hechos.<\/p>\n\n\n\n<h3 class=\"wp-block-heading\">\ud83d\uded1 <strong>Armada colabora con la investigaci\u00f3n<\/strong><\/h3>\n\n\n\n<p class=\"wp-block-paragraph\">En el comunicado oficial, la Armada de Chile se\u00f1al\u00f3 que:<\/p>\n\n\n\n<blockquote class=\"wp-block-quote is-layout-flow wp-block-quote-is-layout-flow\">\n<p class=\"wp-block-paragraph\"><em>\u201cPondremos a disposici\u00f3n todos los antecedentes necesarios para colaborar con la investigaci\u00f3n y brindar apoyo a los familiares del afectado en este dif\u00edcil momento.\u201d<\/em><\/p>\n<\/blockquote>\n\n\n\n<p class=\"wp-block-paragraph\">La instituci\u00f3n tambi\u00e9n reafirm\u00f3 su compromiso de proporcionar todo el apoyo necesario a los seres queridos del funcionario herido, demostrando empat\u00eda y solidaridad en este complejo escenario.<\/p>\n\n\n\n<h3 class=\"wp-block-heading\">\u2696\ufe0f <strong>Investigaci\u00f3n en curso<\/strong><\/h3>\n\n\n\n<p class=\"wp-block-paragraph\">Las autoridades han iniciado una investigaci\u00f3n para determinar las causas y circunstancias que rodearon el incidente. Entre las hip\u00f3tesis iniciales que podr\u00edan estar bajo an\u00e1lisis se incluyen:<\/p>\n\n\n\n<ul class=\"wp-block-list\">\n<li><strong>Un accidente en el manejo de armas.<\/strong><\/li>\n\n\n\n<li><strong>Un ataque intencionado.<\/strong><\/li>\n\n\n\n<li><strong>Factores externos que hayan influido en el suceso.<\/strong><\/li>\n<\/ul>\n\n\n\n<p class=\"wp-block-paragraph\">Por el momento, no se han entregado detalles adicionales, y la Armada ha pedido cautela en la difusi\u00f3n de informaci\u00f3n mientras se lleva a cabo la investigaci\u00f3n.<\/p>\n\n\n\n<h3 class=\"wp-block-heading\">\ud83d\udde3\ufe0f <strong>Reacciones y contexto<\/strong><\/h3>\n\n\n\n<p class=\"wp-block-paragraph\">Este incidente ha generado consternaci\u00f3n tanto dentro de la instituci\u00f3n como en la comunidad local, que destaca la importancia de garantizar la seguridad de los funcionarios mientras cumplen sus deberes.<\/p>\n\n\n\n<p class=\"wp-block-paragraph\">\ud83d\udcac <em>&#8220;Es impactante que algo as\u00ed ocurra en una zona de guardia. Esperamos que se aclare pronto qu\u00e9 pas\u00f3 y que el funcionario pueda recuperarse,&#8221;<\/em> coment\u00f3 un residente de Valpara\u00edso.<\/p>\n\n\n\n<p class=\"wp-block-paragraph\">El <strong>Molo de Abrigo<\/strong> es una zona clave para la Armada de Chile, utilizada como base para diversas operaciones navales, lo que aumenta la relevancia de esclarecer este incidente con rapidez.<\/p>\n\n\n\n<h3 class=\"wp-block-heading\">\ud83d\udc68\u200d\u2708\ufe0f <strong>Un llamado a la empat\u00eda<\/strong><\/h3>\n\n\n\n<p class=\"wp-block-paragraph\">La gravedad de las heridas del funcionario y las circunstancias poco claras del incidente han dejado a la familia del afectado en un momento de gran incertidumbre. Por ello, la Armada ha reiterado su compromiso de <strong>acompa\u00f1ar y brindar apoyo emocional y material<\/strong> a los familiares durante esta dif\u00edcil situaci\u00f3n.<\/p>\n\n\n\n<h3 class=\"wp-block-heading\"><strong>\u00bfQu\u00e9 sigue ahora?<\/strong><\/h3>\n\n\n\n<ul class=\"wp-block-list\">\n<li>\ud83d\udd0d <strong>Investigaci\u00f3n en curso:<\/strong> Las autoridades trabajan para determinar las causas del incidente.<\/li>\n\n\n\n<li>\ud83c\udfe5 <strong>Atenci\u00f3n m\u00e9dica:<\/strong> El funcionario sigue recibiendo atenci\u00f3n especializada debido a la gravedad de sus heridas.<\/li>\n\n\n\n<li>\ud83e\udd1d <strong>Apoyo a la familia:<\/strong> La Armada ha asegurado que acompa\u00f1ar\u00e1 a los familiares con todas las medidas necesarias.<\/li>\n<\/ul>\n\n\n\n<p class=\"wp-block-paragraph\">\ud83d\udc49 <strong>Actualizaremos esta noticia a medida que se conozcan m\u00e1s detalles. Mantente informado en <a href=\"http:\/\/www.koncevision.cl\" target=\"_blank\" rel=\"noopener\">www.koncevision.cl<\/a><\/strong><\/p>\n\n\n\n<p class=\"wp-block-paragraph\"><\/p>\n","protected":false},"excerpt":{"rendered":"<p>\ud83d\udea8 Funcionario de la Armada herido de bala en Valpara\u00edso Un grave incidente sacudi\u00f3 este martes por la<\/p>\n","protected":false},"author":5,"featured_media":4936,"comment_status":"open","ping_status":"open","sticky":false,"template":"","format":"standard","meta":{"_crdt_document":"","_uag_custom_page_level_css":"","_sitemap_exclude":false,"_sitemap_priority":"","_sitemap_frequency":"","_joinchat":[],"footnotes":""},"categories":[14],"tags":[],"class_list":["post-4935","post","type-post","status-publish","format-standard","has-post-thumbnail","hentry","category-nacional"],"featured_image_urls":{"full":["https:\/\/www.koncevisiontv.cl\/web\/wp-content\/uploads\/2025\/01\/Funcionario-de-la-Armada-herido-de-bala-en-Valparaiso-scaled.jpg",2560,1699,false],"thumbnail":["https:\/\/www.koncevisiontv.cl\/web\/wp-content\/uploads\/2025\/01\/Funcionario-de-la-Armada-herido-de-bala-en-Valparaiso-150x150.jpg",150,150,true],"medium":["https:\/\/www.koncevisiontv.cl\/web\/wp-content\/uploads\/2025\/01\/Funcionario-de-la-Armada-herido-de-bala-en-Valparaiso-300x199.jpg",300,199,true],"medium_large":["https:\/\/www.koncevisiontv.cl\/web\/wp-content\/uploads\/2025\/01\/Funcionario-de-la-Armada-herido-de-bala-en-Valparaiso-768x510.jpg",640,425,true],"large":["https:\/\/www.koncevisiontv.cl\/web\/wp-content\/uploads\/2025\/01\/Funcionario-de-la-Armada-herido-de-bala-en-Valparaiso-1024x680.jpg",640,425,true],"1536x1536":["https:\/\/www.koncevisiontv.cl\/web\/wp-content\/uploads\/2025\/01\/Funcionario-de-la-Armada-herido-de-bala-en-Valparaiso-1536x1019.jpg",1536,1019,true],"2048x2048":["https:\/\/www.koncevisiontv.cl\/web\/wp-content\/uploads\/2025\/01\/Funcionario-de-la-Armada-herido-de-bala-en-Valparaiso-2048x1359.jpg",2048,1359,true],"darknews-featured":["https:\/\/www.koncevisiontv.cl\/web\/wp-content\/uploads\/2025\/01\/Funcionario-de-la-Armada-herido-de-bala-en-Valparaiso-1024x680.jpg",1024,680,true],"darknews-large":["https:\/\/www.koncevisiontv.cl\/web\/wp-content\/uploads\/2025\/01\/Funcionario-de-la-Armada-herido-de-bala-en-Valparaiso-825x575.jpg",825,575,true],"darknews-medium":["https:\/\/www.koncevisiontv.cl\/web\/wp-content\/uploads\/2025\/01\/Funcionario-de-la-Armada-herido-de-bala-en-Valparaiso-590x410.jpg",590,410,true]},"author_info":{"info":["Web-Master"]},"category_info":"<a href=\"https:\/\/www.koncevisiontv.cl\/web\/category\/nacional\/\" rel=\"category tag\">Nacional<\/a>","tag_info":"Nacional","comment_count":"0","uagb_featured_image_src":{"full":["https:\/\/www.koncevisiontv.cl\/web\/wp-content\/uploads\/2025\/01\/Funcionario-de-la-Armada-herido-de-bala-en-Valparaiso-scaled.jpg",2560,1699,false],"thumbnail":["https:\/\/www.koncevisiontv.cl\/web\/wp-content\/uploads\/2025\/01\/Funcionario-de-la-Armada-herido-de-bala-en-Valparaiso-150x150.jpg",150,150,true],"medium":["https:\/\/www.koncevisiontv.cl\/web\/wp-content\/uploads\/2025\/01\/Funcionario-de-la-Armada-herido-de-bala-en-Valparaiso-300x199.jpg",300,199,true],"medium_large":["https:\/\/www.koncevisiontv.cl\/web\/wp-content\/uploads\/2025\/01\/Funcionario-de-la-Armada-herido-de-bala-en-Valparaiso-768x510.jpg",640,425,true],"large":["https:\/\/www.koncevisiontv.cl\/web\/wp-content\/uploads\/2025\/01\/Funcionario-de-la-Armada-herido-de-bala-en-Valparaiso-1024x680.jpg",640,425,true],"1536x1536":["https:\/\/www.koncevisiontv.cl\/web\/wp-content\/uploads\/2025\/01\/Funcionario-de-la-Armada-herido-de-bala-en-Valparaiso-1536x1019.jpg",1536,1019,true],"2048x2048":["https:\/\/www.koncevisiontv.cl\/web\/wp-content\/uploads\/2025\/01\/Funcionario-de-la-Armada-herido-de-bala-en-Valparaiso-2048x1359.jpg",2048,1359,true],"darknews-featured":["https:\/\/www.koncevisiontv.cl\/web\/wp-content\/uploads\/2025\/01\/Funcionario-de-la-Armada-herido-de-bala-en-Valparaiso-1024x680.jpg",1024,680,true],"darknews-large":["https:\/\/www.koncevisiontv.cl\/web\/wp-content\/uploads\/2025\/01\/Funcionario-de-la-Armada-herido-de-bala-en-Valparaiso-825x575.jpg",825,575,true],"darknews-medium":["https:\/\/www.koncevisiontv.cl\/web\/wp-content\/uploads\/2025\/01\/Funcionario-de-la-Armada-herido-de-bala-en-Valparaiso-590x410.jpg",590,410,true]},"uagb_author_info":{"display_name":"Web-Master","author_link":"https:\/\/www.koncevisiontv.cl\/web\/author\/koncevision\/"},"uagb_comment_info":1,"uagb_excerpt":"\ud83d\udea8 Funcionario de la Armada herido de bala en Valpara\u00edso Un grave incidente sacudi\u00f3 este martes por la","_links":{"self":[{"href":"https:\/\/www.koncevisiontv.cl\/web\/wp-json\/wp\/v2\/posts\/4935","targetHints":{"allow":["GET"]}}],"collection":[{"href":"https:\/\/www.koncevisiontv.cl\/web\/wp-json\/wp\/v2\/posts"}],"about":[{"href":"https:\/\/www.koncevisiontv.cl\/web\/wp-json\/wp\/v2\/types\/post"}],"author":[{"embeddable":true,"href":"https:\/\/www.koncevisiontv.cl\/web\/wp-json\/wp\/v2\/users\/5"}],"replies":[{"embeddable":true,"href":"https:\/\/www.koncevisiontv.cl\/web\/wp-json\/wp\/v2\/comments?post=4935"}],"version-history":[{"count":1,"href":"https:\/\/www.koncevisiontv.cl\/web\/wp-json\/wp\/v2\/posts\/4935\/revisions"}],"predecessor-version":[{"id":4937,"href":"https:\/\/www.koncevisiontv.cl\/web\/wp-json\/wp\/v2\/posts\/4935\/revisions\/4937"}],"wp:featuredmedia":[{"embeddable":true,"href":"https:\/\/www.koncevisiontv.cl\/web\/wp-json\/wp\/v2\/media\/4936"}],"wp:attachment":[{"href":"https:\/\/www.koncevisiontv.cl\/web\/wp-json\/wp\/v2\/media?parent=4935"}],"wp:term":[{"taxonomy":"category","embeddable":true,"href":"https:\/\/www.koncevisiontv.cl\/web\/wp-json\/wp\/v2\/categories?post=4935"},{"taxonomy":"post_tag","embeddable":true,"href":"https:\/\/www.koncevisiontv.cl\/web\/wp-json\/wp\/v2\/tags?post=4935"}],"curies":[{"name":"wp","href":"https:\/\/api.w.org\/{rel}","templated":true}]}}