{"id":4939,"date":"2025-01-14T18:26:37","date_gmt":"2025-01-14T21:26:37","guid":{"rendered":"https:\/\/www.koncevisiontv.cl\/web\/?p=4939"},"modified":"2025-01-14T18:35:40","modified_gmt":"2025-01-14T21:35:40","slug":"diputado-alessandri-critica-recorte-al-ministerio-publico-7-mil-m-menos","status":"publish","type":"post","link":"https:\/\/www.koncevisiontv.cl\/web\/diputado-alessandri-critica-recorte-al-ministerio-publico-7-mil-m-menos\/","title":{"rendered":"Diputado Alessandri critica recorte al Ministerio P\u00fablico: $7 mil M menos"},"content":{"rendered":"\n<h3 class=\"wp-block-heading\"><strong>Diputado Jorge Alessandri Critica Recorte al Ministerio P\u00fablico: &#8220;El Gobierno No le Achunta a Ninguna&#8221;<\/strong><\/h3>\n\n\n\n<p class=\"wp-block-paragraph\">El diputado Jorge Alessandri (UDI) lanz\u00f3 duras cr\u00edticas al Gobierno tras el anuncio del recorte presupuestario de $7 mil millones al Ministerio P\u00fablico, calificando la decisi\u00f3n como un error en un momento de crisis de seguridad.<\/p>\n\n\n\n<h3 class=\"wp-block-heading\"><strong>\u00bfQu\u00e9 dijo Alessandri?<\/strong><\/h3>\n\n\n\n<p class=\"wp-block-paragraph\">El parlamentario acus\u00f3 al Ejecutivo y a la directora de la Direcci\u00f3n de Presupuestos (DIPRES), Javiera Mart\u00ednez, de cometer fallos estrat\u00e9gicos en la administraci\u00f3n del presupuesto nacional.<\/p>\n\n\n\n<p class=\"wp-block-paragraph\">\ud83d\udde3\ufe0f Alessandri afirm\u00f3:<\/p>\n\n\n\n<blockquote class=\"wp-block-quote is-layout-flow wp-block-quote-is-layout-flow\">\n<p class=\"wp-block-paragraph\"><em>\u201cEl Gobierno no le ha achuntado a ninguna en cuanto a c\u00e1lculo. Dijeron que la repatriaci\u00f3n de capitales iba a recaudar un cierto monto, y no llegamos ni al 10%. Eso de la mejor Directora de Presupuestos de la historia va quedando en el olvido.\u201d<\/em><\/p>\n<\/blockquote>\n\n\n\n<h3 class=\"wp-block-heading\"><strong>&#8220;Gobernar es priorizar&#8221;<\/strong><\/h3>\n\n\n\n<p class=\"wp-block-paragraph\">El diputado recalc\u00f3 que, si bien es necesario hacer ajustes presupuestarios en tiempos de bajo crecimiento econ\u00f3mico, estos deben enfocarse en \u00e1reas menos cr\u00edticas y no afectar sectores clave como la seguridad p\u00fablica.<\/p>\n\n\n\n<p class=\"wp-block-paragraph\">\ud83d\udcac <em>\u201cCuando le decimos \u2018apretarse el cintur\u00f3n\u2019, tambi\u00e9n le decimos que gobernar es priorizar. No se puede recortar en software del Ministerio P\u00fablico para combatir el crimen organizado,\u201d<\/em> se\u00f1al\u00f3.<\/p>\n\n\n\n<p class=\"wp-block-paragraph\">Alessandri tambi\u00e9n cuestion\u00f3 otras decisiones del Ejecutivo, como la compra de la casa del expresidente Salvador Allende, sugiriendo que dichos recursos podr\u00edan haberse destinado a fortalecer \u00e1reas de seguridad.<\/p>\n\n\n\n<h3 class=\"wp-block-heading\"><strong>El contexto: Recortes en tiempos de crisis<\/strong><\/h3>\n\n\n\n<p class=\"wp-block-paragraph\">El recorte al Ministerio P\u00fablico ocurre en medio de una crisis de seguridad nacional, donde el aumento del crimen organizado y la delincuencia ha sido tema central en el debate pol\u00edtico.<\/p>\n\n\n\n<p class=\"wp-block-paragraph\">El diputado subray\u00f3 que la medida va en la direcci\u00f3n equivocada y pidi\u00f3 al Presidente Gabriel Boric y al ministro de Hacienda, Mario Marcel, que expliquen qu\u00e9 tipo de priorizaci\u00f3n est\u00e1n realizando:<\/p>\n\n\n\n<p class=\"wp-block-paragraph\">\ud83d\udde3\ufe0f <em>\u201cLe quitan $7 mil millones a la Fiscal\u00eda en la peor crisis de seguridad. Gobernar es priorizar, y esto es partir al rev\u00e9s.\u201d<\/em><\/p>\n\n\n\n<h3 class=\"wp-block-heading\"><strong>Cr\u00edticas transversales al recorte<\/strong><\/h3>\n\n\n\n<p class=\"wp-block-paragraph\">El cuestionamiento de Alessandri no es el \u00fanico. Diversos sectores pol\u00edticos han expresado su preocupaci\u00f3n por el impacto que este recorte podr\u00eda tener en la capacidad del Ministerio P\u00fablico para enfrentar el crimen organizado y otros delitos de alta complejidad.<\/p>\n\n\n\n<p class=\"wp-block-paragraph\">En un contexto donde la percepci\u00f3n de inseguridad en el pa\u00eds ha aumentado, esta decisi\u00f3n podr\u00eda agravar la situaci\u00f3n y dificultar a\u00fan m\u00e1s la labor de persecuci\u00f3n penal.<\/p>\n\n\n\n<h3 class=\"wp-block-heading\"><strong>\u00bfQu\u00e9 opinan los ciudadanos?<\/strong><\/h3>\n\n\n\n<p class=\"wp-block-paragraph\">Las redes sociales han reflejado opiniones divididas sobre el recorte. Mientras algunos defienden la necesidad de ajustes presupuestarios, otros cuestionan la falta de estrategia en la asignaci\u00f3n de recursos, especialmente en un \u00e1rea tan sensible como la seguridad.<\/p>\n\n\n\n<p class=\"wp-block-paragraph\">\ud83d\udc49 <strong>Mantente informado sobre esta y otras noticias en <a href=\"http:\/\/www.koncevision.cl\" target=\"_blank\" rel=\"noopener\">www.koncevision.cl<\/a><\/strong><\/p>\n","protected":false},"excerpt":{"rendered":"<p>Diputado Jorge Alessandri Critica Recorte al Ministerio P\u00fablico: &#8220;El Gobierno No le Achunta a Ninguna&#8221; El diputado Jorge<\/p>\n","protected":false},"author":5,"featured_media":4940,"comment_status":"open","ping_status":"open","sticky":false,"template":"","format":"standard","meta":{"_crdt_document":"","_uag_custom_page_level_css":"","_sitemap_exclude":false,"_sitemap_priority":"","_sitemap_frequency":"","_joinchat":[],"footnotes":""},"categories":[14],"tags":[],"class_list":["post-4939","post","type-post","status-publish","format-standard","has-post-thumbnail","hentry","category-nacional"],"featured_image_urls":{"full":["https:\/\/www.koncevisiontv.cl\/web\/wp-content\/uploads\/2025\/01\/Diputado-Alessandri-critica-recorte-al-Ministerio-Publico.jpg",900,601,false],"thumbnail":["https:\/\/www.koncevisiontv.cl\/web\/wp-content\/uploads\/2025\/01\/Diputado-Alessandri-critica-recorte-al-Ministerio-Publico-150x150.jpg",150,150,true],"medium":["https:\/\/www.koncevisiontv.cl\/web\/wp-content\/uploads\/2025\/01\/Diputado-Alessandri-critica-recorte-al-Ministerio-Publico-300x200.jpg",300,200,true],"medium_large":["https:\/\/www.koncevisiontv.cl\/web\/wp-content\/uploads\/2025\/01\/Diputado-Alessandri-critica-recorte-al-Ministerio-Publico-768x513.jpg",640,428,true],"large":["https:\/\/www.koncevisiontv.cl\/web\/wp-content\/uploads\/2025\/01\/Diputado-Alessandri-critica-recorte-al-Ministerio-Publico.jpg",640,427,false],"1536x1536":["https:\/\/www.koncevisiontv.cl\/web\/wp-content\/uploads\/2025\/01\/Diputado-Alessandri-critica-recorte-al-Ministerio-Publico.jpg",900,601,false],"2048x2048":["https:\/\/www.koncevisiontv.cl\/web\/wp-content\/uploads\/2025\/01\/Diputado-Alessandri-critica-recorte-al-Ministerio-Publico.jpg",900,601,false],"darknews-featured":["https:\/\/www.koncevisiontv.cl\/web\/wp-content\/uploads\/2025\/01\/Diputado-Alessandri-critica-recorte-al-Ministerio-Publico.jpg",900,601,false],"darknews-large":["https:\/\/www.koncevisiontv.cl\/web\/wp-content\/uploads\/2025\/01\/Diputado-Alessandri-critica-recorte-al-Ministerio-Publico-825x575.jpg",825,575,true],"darknews-medium":["https:\/\/www.koncevisiontv.cl\/web\/wp-content\/uploads\/2025\/01\/Diputado-Alessandri-critica-recorte-al-Ministerio-Publico-590x410.jpg",590,410,true]},"author_info":{"info":["Web-Master"]},"category_info":"<a href=\"https:\/\/www.koncevisiontv.cl\/web\/category\/nacional\/\" rel=\"category tag\">Nacional<\/a>","tag_info":"Nacional","comment_count":"0","uagb_featured_image_src":{"full":["https:\/\/www.koncevisiontv.cl\/web\/wp-content\/uploads\/2025\/01\/Diputado-Alessandri-critica-recorte-al-Ministerio-Publico.jpg",900,601,false],"thumbnail":["https:\/\/www.koncevisiontv.cl\/web\/wp-content\/uploads\/2025\/01\/Diputado-Alessandri-critica-recorte-al-Ministerio-Publico-150x150.jpg",150,150,true],"medium":["https:\/\/www.koncevisiontv.cl\/web\/wp-content\/uploads\/2025\/01\/Diputado-Alessandri-critica-recorte-al-Ministerio-Publico-300x200.jpg",300,200,true],"medium_large":["https:\/\/www.koncevisiontv.cl\/web\/wp-content\/uploads\/2025\/01\/Diputado-Alessandri-critica-recorte-al-Ministerio-Publico-768x513.jpg",640,428,true],"large":["https:\/\/www.koncevisiontv.cl\/web\/wp-content\/uploads\/2025\/01\/Diputado-Alessandri-critica-recorte-al-Ministerio-Publico.jpg",640,427,false],"1536x1536":["https:\/\/www.koncevisiontv.cl\/web\/wp-content\/uploads\/2025\/01\/Diputado-Alessandri-critica-recorte-al-Ministerio-Publico.jpg",900,601,false],"2048x2048":["https:\/\/www.koncevisiontv.cl\/web\/wp-content\/uploads\/2025\/01\/Diputado-Alessandri-critica-recorte-al-Ministerio-Publico.jpg",900,601,false],"darknews-featured":["https:\/\/www.koncevisiontv.cl\/web\/wp-content\/uploads\/2025\/01\/Diputado-Alessandri-critica-recorte-al-Ministerio-Publico.jpg",900,601,false],"darknews-large":["https:\/\/www.koncevisiontv.cl\/web\/wp-content\/uploads\/2025\/01\/Diputado-Alessandri-critica-recorte-al-Ministerio-Publico-825x575.jpg",825,575,true],"darknews-medium":["https:\/\/www.koncevisiontv.cl\/web\/wp-content\/uploads\/2025\/01\/Diputado-Alessandri-critica-recorte-al-Ministerio-Publico-590x410.jpg",590,410,true]},"uagb_author_info":{"display_name":"Web-Master","author_link":"https:\/\/www.koncevisiontv.cl\/web\/author\/koncevision\/"},"uagb_comment_info":0,"uagb_excerpt":"Diputado Jorge Alessandri Critica Recorte al Ministerio P\u00fablico: &#8220;El Gobierno No le Achunta a Ninguna&#8221; El diputado Jorge","_links":{"self":[{"href":"https:\/\/www.koncevisiontv.cl\/web\/wp-json\/wp\/v2\/posts\/4939","targetHints":{"allow":["GET"]}}],"collection":[{"href":"https:\/\/www.koncevisiontv.cl\/web\/wp-json\/wp\/v2\/posts"}],"about":[{"href":"https:\/\/www.koncevisiontv.cl\/web\/wp-json\/wp\/v2\/types\/post"}],"author":[{"embeddable":true,"href":"https:\/\/www.koncevisiontv.cl\/web\/wp-json\/wp\/v2\/users\/5"}],"replies":[{"embeddable":true,"href":"https:\/\/www.koncevisiontv.cl\/web\/wp-json\/wp\/v2\/comments?post=4939"}],"version-history":[{"count":2,"href":"https:\/\/www.koncevisiontv.cl\/web\/wp-json\/wp\/v2\/posts\/4939\/revisions"}],"predecessor-version":[{"id":4943,"href":"https:\/\/www.koncevisiontv.cl\/web\/wp-json\/wp\/v2\/posts\/4939\/revisions\/4943"}],"wp:featuredmedia":[{"embeddable":true,"href":"https:\/\/www.koncevisiontv.cl\/web\/wp-json\/wp\/v2\/media\/4940"}],"wp:attachment":[{"href":"https:\/\/www.koncevisiontv.cl\/web\/wp-json\/wp\/v2\/media?parent=4939"}],"wp:term":[{"taxonomy":"category","embeddable":true,"href":"https:\/\/www.koncevisiontv.cl\/web\/wp-json\/wp\/v2\/categories?post=4939"},{"taxonomy":"post_tag","embeddable":true,"href":"https:\/\/www.koncevisiontv.cl\/web\/wp-json\/wp\/v2\/tags?post=4939"}],"curies":[{"name":"wp","href":"https:\/\/api.w.org\/{rel}","templated":true}]}}