{"id":4945,"date":"2025-01-14T19:34:00","date_gmt":"2025-01-14T22:34:00","guid":{"rendered":"https:\/\/www.koncevisiontv.cl\/web\/?p=4945"},"modified":"2025-01-14T19:34:06","modified_gmt":"2025-01-14T22:34:06","slug":"recorte-presupuesto-al-poder-judicial-2025","status":"publish","type":"post","link":"https:\/\/www.koncevisiontv.cl\/web\/recorte-presupuesto-al-poder-judicial-2025\/","title":{"rendered":"Recorte presupuesto Poder Judicial 2025"},"content":{"rendered":"\n<p class=\"wp-block-paragraph\"><strong>El Recorte de Presupuesto al Poder Judicial  2025: Un Golpe a la Justicia Chilena<\/strong><\/p>\n\n\n\n<p class=\"wp-block-paragraph\">La noticia del <strong>recorte presupuesto al  Poder Judicial 2025<\/strong> ha generado gran preocupaci\u00f3n en el \u00e1mbito judicial y pol\u00edtico de Chile. La Corte Suprema ha alertado sobre los efectos negativos de esta medida, que implica una reducci\u00f3n de <strong>17.395 millones de pesos<\/strong> en el presupuesto destinado al Poder Judicial. Esta disminuci\u00f3n podr\u00eda tener un impacto significativo en el acceso a la justicia, as\u00ed como en el funcionamiento de los tribunales a lo largo del pa\u00eds.<\/p>\n\n\n\n<p class=\"wp-block-paragraph\">El presidente de la Corte Suprema, <strong>Ricardo Blanco<\/strong>, fue el encargado de expresar su malestar y el de todo el m\u00e1ximo tribunal, destacando que este <strong>recorte presupuesto Poder Judicial 2025<\/strong> pondr\u00e1 en serio riesgo la operatividad del sistema judicial. El recorte no solo afectar\u00e1 la contrataci\u00f3n de personal de suplencia, sino tambi\u00e9n servicios esenciales como seguridad y ciberseguridad.<\/p>\n\n\n\n<h3 class=\"wp-block-heading\"><strong>Impacto del Recorte en el Funcionamiento de los Tribunales<\/strong><\/h3>\n\n\n\n<p class=\"wp-block-paragraph\">El <strong>recorte presupuesto Poder Judicial 2025<\/strong> afectar\u00e1 principalmente al personal, lo que generar\u00e1 una mayor sobrecarga en los tribunales. El aumento de la carga laboral debido a la falta de personal suplente podr\u00eda causar retrasos significativos en la tramitaci\u00f3n de casos. Adem\u00e1s, la falta de recursos para <strong>suplencias<\/strong> pone en peligro la continuidad de los tribunales, que dependen de este presupuesto para cubrir ausencias de jueces y otros funcionarios.<\/p>\n\n\n\n<h3 class=\"wp-block-heading\"><strong>Un Riesgo para el Acceso a la Justicia<\/strong><\/h3>\n\n\n\n<p class=\"wp-block-paragraph\">El <strong>recorte presupuesto Poder Judicial 2025<\/strong> tambi\u00e9n afectar\u00e1 \u00e1reas como la <strong>ciberseguridad<\/strong>. La reducci\u00f3n en el presupuesto destinado a la renovaci\u00f3n de licencias y a la protecci\u00f3n de datos sensibles de los ciudadanos es una preocupaci\u00f3n que la Corte Suprema ha expresado en repetidas ocasiones. Este riesgo pone en peligro la integridad de la informaci\u00f3n almacenada en los sistemas judiciales, lo que podr\u00eda afectar el acceso y la confianza del p\u00fablico en el sistema de justicia.<\/p>\n\n\n\n<h3 class=\"wp-block-heading\"><strong>La Corte Suprema Exige Reversi\u00f3n del Recorte<\/strong><\/h3>\n\n\n\n<p class=\"wp-block-paragraph\">Frente a esta grave situaci\u00f3n, la Corte Suprema de Chile ha iniciado gestiones para que se revierta el <strong>recorte presupuesto Poder Judicial 2025<\/strong> o, al menos, para aminorar sus efectos negativos. Las autoridades judiciales instan al gobierno y al Congreso a reconsiderar la medida, pues de lo contrario, el sistema judicial chileno podr\u00eda enfrentarse a un colapso operativo.<\/p>\n","protected":false},"excerpt":{"rendered":"<p>El Recorte de Presupuesto al Poder Judicial 2025: Un Golpe a la Justicia Chilena La noticia del recorte<\/p>\n","protected":false},"author":5,"featured_media":4946,"comment_status":"open","ping_status":"open","sticky":false,"template":"","format":"standard","meta":{"_crdt_document":"","_uag_custom_page_level_css":"","_sitemap_exclude":false,"_sitemap_priority":"","_sitemap_frequency":"","_joinchat":[],"footnotes":""},"categories":[14],"tags":[],"class_list":["post-4945","post","type-post","status-publish","format-standard","has-post-thumbnail","hentry","category-nacional"],"featured_image_urls":{"full":["https:\/\/www.koncevisiontv.cl\/web\/wp-content\/uploads\/2025\/01\/Recorte-presupuesto-Poder-Judicial-2025.jpg",1015,549,false],"thumbnail":["https:\/\/www.koncevisiontv.cl\/web\/wp-content\/uploads\/2025\/01\/Recorte-presupuesto-Poder-Judicial-2025-150x150.jpg",150,150,true],"medium":["https:\/\/www.koncevisiontv.cl\/web\/wp-content\/uploads\/2025\/01\/Recorte-presupuesto-Poder-Judicial-2025-300x162.jpg",300,162,true],"medium_large":["https:\/\/www.koncevisiontv.cl\/web\/wp-content\/uploads\/2025\/01\/Recorte-presupuesto-Poder-Judicial-2025-768x415.jpg",640,346,true],"large":["https:\/\/www.koncevisiontv.cl\/web\/wp-content\/uploads\/2025\/01\/Recorte-presupuesto-Poder-Judicial-2025.jpg",640,346,false],"1536x1536":["https:\/\/www.koncevisiontv.cl\/web\/wp-content\/uploads\/2025\/01\/Recorte-presupuesto-Poder-Judicial-2025.jpg",1015,549,false],"2048x2048":["https:\/\/www.koncevisiontv.cl\/web\/wp-content\/uploads\/2025\/01\/Recorte-presupuesto-Poder-Judicial-2025.jpg",1015,549,false],"darknews-featured":["https:\/\/www.koncevisiontv.cl\/web\/wp-content\/uploads\/2025\/01\/Recorte-presupuesto-Poder-Judicial-2025.jpg",1015,549,false],"darknews-large":["https:\/\/www.koncevisiontv.cl\/web\/wp-content\/uploads\/2025\/01\/Recorte-presupuesto-Poder-Judicial-2025-825x549.jpg",825,549,true],"darknews-medium":["https:\/\/www.koncevisiontv.cl\/web\/wp-content\/uploads\/2025\/01\/Recorte-presupuesto-Poder-Judicial-2025-590x410.jpg",590,410,true]},"author_info":{"info":["Web-Master"]},"category_info":"<a href=\"https:\/\/www.koncevisiontv.cl\/web\/category\/nacional\/\" rel=\"category tag\">Nacional<\/a>","tag_info":"Nacional","comment_count":"0","uagb_featured_image_src":{"full":["https:\/\/www.koncevisiontv.cl\/web\/wp-content\/uploads\/2025\/01\/Recorte-presupuesto-Poder-Judicial-2025.jpg",1015,549,false],"thumbnail":["https:\/\/www.koncevisiontv.cl\/web\/wp-content\/uploads\/2025\/01\/Recorte-presupuesto-Poder-Judicial-2025-150x150.jpg",150,150,true],"medium":["https:\/\/www.koncevisiontv.cl\/web\/wp-content\/uploads\/2025\/01\/Recorte-presupuesto-Poder-Judicial-2025-300x162.jpg",300,162,true],"medium_large":["https:\/\/www.koncevisiontv.cl\/web\/wp-content\/uploads\/2025\/01\/Recorte-presupuesto-Poder-Judicial-2025-768x415.jpg",640,346,true],"large":["https:\/\/www.koncevisiontv.cl\/web\/wp-content\/uploads\/2025\/01\/Recorte-presupuesto-Poder-Judicial-2025.jpg",640,346,false],"1536x1536":["https:\/\/www.koncevisiontv.cl\/web\/wp-content\/uploads\/2025\/01\/Recorte-presupuesto-Poder-Judicial-2025.jpg",1015,549,false],"2048x2048":["https:\/\/www.koncevisiontv.cl\/web\/wp-content\/uploads\/2025\/01\/Recorte-presupuesto-Poder-Judicial-2025.jpg",1015,549,false],"darknews-featured":["https:\/\/www.koncevisiontv.cl\/web\/wp-content\/uploads\/2025\/01\/Recorte-presupuesto-Poder-Judicial-2025.jpg",1015,549,false],"darknews-large":["https:\/\/www.koncevisiontv.cl\/web\/wp-content\/uploads\/2025\/01\/Recorte-presupuesto-Poder-Judicial-2025-825x549.jpg",825,549,true],"darknews-medium":["https:\/\/www.koncevisiontv.cl\/web\/wp-content\/uploads\/2025\/01\/Recorte-presupuesto-Poder-Judicial-2025-590x410.jpg",590,410,true]},"uagb_author_info":{"display_name":"Web-Master","author_link":"https:\/\/www.koncevisiontv.cl\/web\/author\/koncevision\/"},"uagb_comment_info":0,"uagb_excerpt":"El Recorte de Presupuesto al Poder Judicial 2025: Un Golpe a la Justicia Chilena La noticia del recorte","_links":{"self":[{"href":"https:\/\/www.koncevisiontv.cl\/web\/wp-json\/wp\/v2\/posts\/4945","targetHints":{"allow":["GET"]}}],"collection":[{"href":"https:\/\/www.koncevisiontv.cl\/web\/wp-json\/wp\/v2\/posts"}],"about":[{"href":"https:\/\/www.koncevisiontv.cl\/web\/wp-json\/wp\/v2\/types\/post"}],"author":[{"embeddable":true,"href":"https:\/\/www.koncevisiontv.cl\/web\/wp-json\/wp\/v2\/users\/5"}],"replies":[{"embeddable":true,"href":"https:\/\/www.koncevisiontv.cl\/web\/wp-json\/wp\/v2\/comments?post=4945"}],"version-history":[{"count":1,"href":"https:\/\/www.koncevisiontv.cl\/web\/wp-json\/wp\/v2\/posts\/4945\/revisions"}],"predecessor-version":[{"id":4947,"href":"https:\/\/www.koncevisiontv.cl\/web\/wp-json\/wp\/v2\/posts\/4945\/revisions\/4947"}],"wp:featuredmedia":[{"embeddable":true,"href":"https:\/\/www.koncevisiontv.cl\/web\/wp-json\/wp\/v2\/media\/4946"}],"wp:attachment":[{"href":"https:\/\/www.koncevisiontv.cl\/web\/wp-json\/wp\/v2\/media?parent=4945"}],"wp:term":[{"taxonomy":"category","embeddable":true,"href":"https:\/\/www.koncevisiontv.cl\/web\/wp-json\/wp\/v2\/categories?post=4945"},{"taxonomy":"post_tag","embeddable":true,"href":"https:\/\/www.koncevisiontv.cl\/web\/wp-json\/wp\/v2\/tags?post=4945"}],"curies":[{"name":"wp","href":"https:\/\/api.w.org\/{rel}","templated":true}]}}