{"id":4953,"date":"2025-01-15T12:10:51","date_gmt":"2025-01-15T15:10:51","guid":{"rendered":"https:\/\/www.koncevisiontv.cl\/web\/?p=4953"},"modified":"2025-01-15T13:22:18","modified_gmt":"2025-01-15T16:22:18","slug":"estatua-de-sebastian-pinera-campillai-rechaza-propuesta-en-la-moneda","status":"publish","type":"post","link":"https:\/\/www.koncevisiontv.cl\/web\/estatua-de-sebastian-pinera-campillai-rechaza-propuesta-en-la-moneda\/","title":{"rendered":"Estatua de Sebasti\u00e1n Pi\u00f1era: Campillai rechaza propuesta en La Moneda"},"content":{"rendered":"\n<h3 class=\"wp-block-heading\"><strong>Senadora Campillai Rechaza Estatua de Sebasti\u00e1n Pi\u00f1era Frente a La Moneda: &#8220;Es Violento para el Pa\u00eds&#8221;<\/strong><\/h3>\n\n\n\n<p class=\"wp-block-paragraph\">La senadora independiente <strong>Fabiola Campillai<\/strong> critic\u00f3 con dureza la propuesta de instalar una estatua del fallecido expresidente <strong>Sebasti\u00e1n Pi\u00f1era<\/strong> frente al Palacio de La Moneda, calific\u00e1ndola como una falta de respeto hacia las v\u00edctimas del estallido social y un acto que da\u00f1a la memoria hist\u00f3rica de Chile.<\/p>\n\n\n\n<h3 class=\"wp-block-heading\"><strong>El contexto de la propuesta<\/strong><\/h3>\n\n\n\n<p class=\"wp-block-paragraph\">La iniciativa surge como un homenaje a prop\u00f3sito de la primera conmemoraci\u00f3n de la muerte del expresidente Sebasti\u00e1n Pi\u00f1era, ocurrida el 6 de febrero de 2024 en el Lago Ranco. De ser aprobada, se unir\u00eda a las estatuas de otros exmandatarios como <strong>Patricio Aylwin, Arturo Alessandri, Salvador Allende, Jorge Alessandri, Eduardo Frei Montalva<\/strong> y <strong>Pedro Aguirre Cerda<\/strong>, que actualmente se encuentran en los alrededores del Palacio de La Moneda.<\/p>\n\n\n\n<p class=\"wp-block-paragraph\">Sin embargo, esta propuesta no ha estado exenta de controversias, y una de las cr\u00edticas m\u00e1s firmes proviene de la senadora Campillai, quien considera que el expresidente Pi\u00f1era no merece este reconocimiento.<\/p>\n\n\n\n<h3 class=\"wp-block-heading\"><strong>Las palabras de Fabiola Campillai<\/strong><\/h3>\n\n\n\n<p class=\"wp-block-paragraph\">En una declaraci\u00f3n p\u00fablica, Campillai rechaz\u00f3 de manera categ\u00f3rica la idea de inmortalizar al expresidente Pi\u00f1era, aludiendo al rol que desempe\u00f1\u00f3 durante el estallido social y las violaciones sistem\u00e1ticas a los derechos humanos que marcaron su gobierno.<\/p>\n\n\n\n<p class=\"wp-block-paragraph\">\ud83d\udde3\ufe0f <strong>\u201cEs repudiable que, a poco m\u00e1s de cinco a\u00f1os de la Revuelta Popular, se contemple realizar un homenaje a un mandatario que lider\u00f3 un gobierno represivo, sac\u00f3 militares a las calles y desencaden\u00f3 violaciones sistem\u00e1ticas de derechos humanos, las cuales viv\u00ed en carne propia,\u201d<\/strong> se\u00f1al\u00f3 la senadora.<\/p>\n\n\n\n<p class=\"wp-block-paragraph\">Campillai record\u00f3 que el <strong>Instituto Nacional de Derechos Humanos (INDH)<\/strong> recibi\u00f3 m\u00e1s de <strong>3.233 querellas<\/strong> por vulneraci\u00f3n de derechos humanos durante las protestas, adem\u00e1s de documentar m\u00e1s de <strong>220 casos de trauma ocular<\/strong> y m\u00faltiples fallecidos.<\/p>\n\n\n\n<p class=\"wp-block-paragraph\"><strong>&#8220;Hablamos de un mandatario que declar\u00f3 la guerra a su propio pueblo y opt\u00f3 por derramar sangre desde el primer d\u00eda de las protestas. Sin embargo, algunos pretenden ignorar estos hechos o, por conveniencia, simplemente los han olvidado,\u201d<\/strong> agreg\u00f3.<\/p>\n\n\n\n<h3 class=\"wp-block-heading\"><strong>Acusaciones de faltas \u00e9ticas y corrupci\u00f3n<\/strong><\/h3>\n\n\n\n<p class=\"wp-block-paragraph\">Adem\u00e1s de criticar su rol durante el estallido social, Campillai record\u00f3 episodios de faltas \u00e9ticas y corrupci\u00f3n relacionados con el expresidente, se\u00f1alando:<\/p>\n\n\n\n<ul class=\"wp-block-list\">\n<li><strong>\u201cPr\u00f3fugo durante la dictadura por el fraude en el Banco de Talca.\u201d<\/strong><\/li>\n\n\n\n<li><strong>Uso de informaci\u00f3n privilegiada<\/strong> para beneficiar sus negocios personales.<\/li>\n\n\n\n<li><strong>Uso de influencias indebidas<\/strong> para obtener informaci\u00f3n sobre sus causas judiciales, en colaboraci\u00f3n con figuras como Andr\u00e9s Chadwick y Luis Hermosilla.<\/li>\n<\/ul>\n\n\n\n<p class=\"wp-block-paragraph\">Campillai afirm\u00f3 que estos antecedentes no pueden ser ignorados al momento de evaluar un homenaje de esta magnitud.<\/p>\n\n\n\n<h3 class=\"wp-block-heading\"><strong>&#8220;Es un acto violento para las v\u00edctimas&#8221;<\/strong><\/h3>\n\n\n\n<p class=\"wp-block-paragraph\">La senadora calific\u00f3 la propuesta como un acto profundamente violento, especialmente para las personas que sufrieron violaciones a sus derechos humanos durante el estallido social.<\/p>\n\n\n\n<p class=\"wp-block-paragraph\">\ud83d\udde3\ufe0f <strong>&#8220;Es violento para quienes a\u00fan sufren las consecuencias de las agresiones de agentes del Estado, para las familias de quienes han partido y para quienes buscan reparaci\u00f3n integral, verdad, justicia y garant\u00edas de no repetici\u00f3n,&#8221;<\/strong> sostuvo.<\/p>\n\n\n\n<p class=\"wp-block-paragraph\">Campillai concluy\u00f3 su declaraci\u00f3n con un llamado al Senado y al Presidente Gabriel Boric para que reconsideren esta propuesta, enfatizando la importancia de preservar la memoria hist\u00f3rica y respetar a las v\u00edctimas.<\/p>\n\n\n\n<p class=\"wp-block-paragraph\"><strong>&#8220;Hago un llamado sincero a las Senadoras y Senadores, as\u00ed como al Presidente de la Rep\u00fablica, para que reconsideren esta propuesta que da\u00f1a la memoria hist\u00f3rica de nuestro pa\u00eds,\u201d<\/strong> finaliz\u00f3.<\/p>\n\n\n\n<h3 class=\"wp-block-heading\"><strong>\u00bfQu\u00e9 sigue para la propuesta de la estatua?<\/strong><\/h3>\n\n\n\n<p class=\"wp-block-paragraph\">La idea de conmemorar a Sebasti\u00e1n Pi\u00f1era con una estatua frente a La Moneda sigue generando un intenso debate entre los sectores pol\u00edticos y la ciudadan\u00eda. Mientras algunos consideran que su legado merece ser inmortalizado, otros, como la senadora Campillai, rechazan la propuesta por el impacto negativo que tendr\u00eda en la memoria colectiva del pa\u00eds.<\/p>\n","protected":false},"excerpt":{"rendered":"<p>Senadora Campillai Rechaza Estatua de Sebasti\u00e1n Pi\u00f1era Frente a La Moneda: &#8220;Es Violento para el Pa\u00eds&#8221; La senadora<\/p>\n","protected":false},"author":5,"featured_media":4172,"comment_status":"open","ping_status":"open","sticky":false,"template":"","format":"standard","meta":{"_crdt_document":"","_uag_custom_page_level_css":"","_sitemap_exclude":false,"_sitemap_priority":"","_sitemap_frequency":"","_joinchat":[],"footnotes":""},"categories":[14],"tags":[],"class_list":["post-4953","post","type-post","status-publish","format-standard","has-post-thumbnail","hentry","category-nacional"],"featured_image_urls":{"full":["https:\/\/www.koncevisiontv.cl\/web\/wp-content\/uploads\/2024\/12\/pension-para-vistimas-del-estallido-social-campillan-propone-ley.png",1200,675,false],"thumbnail":["https:\/\/www.koncevisiontv.cl\/web\/wp-content\/uploads\/2024\/12\/pension-para-vistimas-del-estallido-social-campillan-propone-ley-150x150.png",150,150,true],"medium":["https:\/\/www.koncevisiontv.cl\/web\/wp-content\/uploads\/2024\/12\/pension-para-vistimas-del-estallido-social-campillan-propone-ley-300x169.png",300,169,true],"medium_large":["https:\/\/www.koncevisiontv.cl\/web\/wp-content\/uploads\/2024\/12\/pension-para-vistimas-del-estallido-social-campillan-propone-ley-768x432.png",640,360,true],"large":["https:\/\/www.koncevisiontv.cl\/web\/wp-content\/uploads\/2024\/12\/pension-para-vistimas-del-estallido-social-campillan-propone-ley-1024x576.png",640,360,true],"1536x1536":["https:\/\/www.koncevisiontv.cl\/web\/wp-content\/uploads\/2024\/12\/pension-para-vistimas-del-estallido-social-campillan-propone-ley.png",1200,675,false],"2048x2048":["https:\/\/www.koncevisiontv.cl\/web\/wp-content\/uploads\/2024\/12\/pension-para-vistimas-del-estallido-social-campillan-propone-ley.png",1200,675,false],"darknews-featured":["https:\/\/www.koncevisiontv.cl\/web\/wp-content\/uploads\/2024\/12\/pension-para-vistimas-del-estallido-social-campillan-propone-ley-1024x576.png",1024,576,true],"darknews-large":["https:\/\/www.koncevisiontv.cl\/web\/wp-content\/uploads\/2024\/12\/pension-para-vistimas-del-estallido-social-campillan-propone-ley-825x575.png",825,575,true],"darknews-medium":["https:\/\/www.koncevisiontv.cl\/web\/wp-content\/uploads\/2024\/12\/pension-para-vistimas-del-estallido-social-campillan-propone-ley-590x410.png",590,410,true]},"author_info":{"info":["Web-Master"]},"category_info":"<a href=\"https:\/\/www.koncevisiontv.cl\/web\/category\/nacional\/\" rel=\"category tag\">Nacional<\/a>","tag_info":"Nacional","comment_count":"0","uagb_featured_image_src":{"full":["https:\/\/www.koncevisiontv.cl\/web\/wp-content\/uploads\/2024\/12\/pension-para-vistimas-del-estallido-social-campillan-propone-ley.png",1200,675,false],"thumbnail":["https:\/\/www.koncevisiontv.cl\/web\/wp-content\/uploads\/2024\/12\/pension-para-vistimas-del-estallido-social-campillan-propone-ley-150x150.png",150,150,true],"medium":["https:\/\/www.koncevisiontv.cl\/web\/wp-content\/uploads\/2024\/12\/pension-para-vistimas-del-estallido-social-campillan-propone-ley-300x169.png",300,169,true],"medium_large":["https:\/\/www.koncevisiontv.cl\/web\/wp-content\/uploads\/2024\/12\/pension-para-vistimas-del-estallido-social-campillan-propone-ley-768x432.png",640,360,true],"large":["https:\/\/www.koncevisiontv.cl\/web\/wp-content\/uploads\/2024\/12\/pension-para-vistimas-del-estallido-social-campillan-propone-ley-1024x576.png",640,360,true],"1536x1536":["https:\/\/www.koncevisiontv.cl\/web\/wp-content\/uploads\/2024\/12\/pension-para-vistimas-del-estallido-social-campillan-propone-ley.png",1200,675,false],"2048x2048":["https:\/\/www.koncevisiontv.cl\/web\/wp-content\/uploads\/2024\/12\/pension-para-vistimas-del-estallido-social-campillan-propone-ley.png",1200,675,false],"darknews-featured":["https:\/\/www.koncevisiontv.cl\/web\/wp-content\/uploads\/2024\/12\/pension-para-vistimas-del-estallido-social-campillan-propone-ley-1024x576.png",1024,576,true],"darknews-large":["https:\/\/www.koncevisiontv.cl\/web\/wp-content\/uploads\/2024\/12\/pension-para-vistimas-del-estallido-social-campillan-propone-ley-825x575.png",825,575,true],"darknews-medium":["https:\/\/www.koncevisiontv.cl\/web\/wp-content\/uploads\/2024\/12\/pension-para-vistimas-del-estallido-social-campillan-propone-ley-590x410.png",590,410,true]},"uagb_author_info":{"display_name":"Web-Master","author_link":"https:\/\/www.koncevisiontv.cl\/web\/author\/koncevision\/"},"uagb_comment_info":0,"uagb_excerpt":"Senadora Campillai Rechaza Estatua de Sebasti\u00e1n Pi\u00f1era Frente a La Moneda: &#8220;Es Violento para el Pa\u00eds&#8221; La senadora","_links":{"self":[{"href":"https:\/\/www.koncevisiontv.cl\/web\/wp-json\/wp\/v2\/posts\/4953","targetHints":{"allow":["GET"]}}],"collection":[{"href":"https:\/\/www.koncevisiontv.cl\/web\/wp-json\/wp\/v2\/posts"}],"about":[{"href":"https:\/\/www.koncevisiontv.cl\/web\/wp-json\/wp\/v2\/types\/post"}],"author":[{"embeddable":true,"href":"https:\/\/www.koncevisiontv.cl\/web\/wp-json\/wp\/v2\/users\/5"}],"replies":[{"embeddable":true,"href":"https:\/\/www.koncevisiontv.cl\/web\/wp-json\/wp\/v2\/comments?post=4953"}],"version-history":[{"count":2,"href":"https:\/\/www.koncevisiontv.cl\/web\/wp-json\/wp\/v2\/posts\/4953\/revisions"}],"predecessor-version":[{"id":4955,"href":"https:\/\/www.koncevisiontv.cl\/web\/wp-json\/wp\/v2\/posts\/4953\/revisions\/4955"}],"wp:featuredmedia":[{"embeddable":true,"href":"https:\/\/www.koncevisiontv.cl\/web\/wp-json\/wp\/v2\/media\/4172"}],"wp:attachment":[{"href":"https:\/\/www.koncevisiontv.cl\/web\/wp-json\/wp\/v2\/media?parent=4953"}],"wp:term":[{"taxonomy":"category","embeddable":true,"href":"https:\/\/www.koncevisiontv.cl\/web\/wp-json\/wp\/v2\/categories?post=4953"},{"taxonomy":"post_tag","embeddable":true,"href":"https:\/\/www.koncevisiontv.cl\/web\/wp-json\/wp\/v2\/tags?post=4953"}],"curies":[{"name":"wp","href":"https:\/\/api.w.org\/{rel}","templated":true}]}}